{"id":524911,"date":"2024-04-19T10:53:16","date_gmt":"2024-04-19T14:53:16","guid":{"rendered":"https:\/\/diariodominicano.com\/?p=524911"},"modified":"2024-04-19T10:53:16","modified_gmt":"2024-04-19T14:53:16","slug":"director-defensa-civil-parte-de-comision-presidencial-que-visita-zonas-afectadas-por-lluvias","status":"publish","type":"post","link":"https:\/\/diariodominicano.com\/?p=524911","title":{"rendered":"Director Defensa Civil parte de comisi\u00f3n presidencial que visita zonas afectadas por lluvias"},"content":{"rendered":"\n<p>diariodominicano.com<\/p>\n\n\n\n<p><strong>Santo Domingo, R. D.,<\/strong>\u2002<strong>19 de abril, 2024.-<\/strong>\u00a0El director ejecutivo de la Defensa Civil, Juan Salas, fue parte de la comisi\u00f3n presidencial que visit\u00f3 este jueves varias comunidades afectadas por las lluvias que dejaron al menos 3,785 personas desplazadas 757 viviendas afectadas y 20 comunidades incomunicadas, adem\u00e1s de m\u00faltiples da\u00f1os.<\/p>\n\n\n\n<p>La comisi\u00f3n fue encabezada por el ministro Administrativo de la Presidencia, Igor David Rodr\u00edguez, quien por disposici\u00f3n del presidente Luis Abinader, ha gestionado ayuda para las personas afectadas en las provincias Saman\u00e1, Puerto Plata, Hermanas Mirabal, S\u00e1nchez Ram\u00edrez, Santo Domingo y La Altagracia.<\/p>\n\n\n\n<p>El recorrido inici\u00f3 en la provincia S\u00e1nchez Ram\u00edrez, con la presencia adem\u00e1s de la gobernadora local, Cristiana Rodr\u00edguez y la directora del Plan de Asistencia Social de la Presidencia, Yadira Henr\u00edquez.<\/p>\n\n\n\n<p>Luego se trasladaron a la provincia Puerto Plata, donde fueron recibidos por la Senadora, Ginette Bournigal, la gobernadora Claritza Rochette y otros integrantes del Comit\u00e9 de prevenci\u00f3n Mitigaci\u00f3n y Respuesta ante Desastres (CPMR). Las lluvias aqu\u00ed provocaron inundaciones en Sos\u00faa, Montellano, Imbert, San Felipe, Maim\u00f3n y Y\u00e1sica Arriba, que dejaron por lo menos 623 viviendas inundadas y varias familias en situaci\u00f3n de vulnerabilidad.<\/p>\n\n\n\n<p>Salas dijo que en respuesta a esta emergencia, el personal naranja trabaja ahora en la rehabilitaci\u00f3n de algunas v\u00edas que quedaron incomunicadas por la ca\u00edda de \u00e1rboles, as\u00ed como tambi\u00e9n en la distribuci\u00f3n de raciones secas en apoyo al Plan Social y en beneficio de los afectados.<\/p>\n\n\n\n<p>\u201cEstamos haciendo un levantamiento de las zonas m\u00e1s impactadas por las inundaciones. El inter\u00e9s del Gobierno y del presidente Luis Abinader es llevar toda la ayuda necesaria a estas comunidades para lograr su pronta recuperaci\u00f3n\u201d, dijo el tambi\u00e9n presidente de la Comisi\u00f3n Nacional de Emergencias (CNE).<\/p>\n\n\n\n<p>Exhort\u00f3 a la poblaci\u00f3n a estar atenta a los boletines emitidos por la Oficina Nacional de Meteorolog\u00eda (Onamet), ya que las lluvias continuar\u00e1n. Tambi\u00e9n llamar a la Defensa Civil al tel\u00e9fono 809-472-8614 ante cualquier eventualidad.<\/p>\n\n\n\n<p>Defensa Civil Dominicana<\/p>\n\n\n\n<p><a target=\"_blank\" href=\"mailto:redesdefensacivil@gmail.com\" rel=\"noreferrer noopener\">redesdefensacivil@gmail.com<\/a><\/p>\n","protected":false},"excerpt":{"rendered":"<p>diariodominicano.com Santo Domingo, R. D.,\u200219 de abril, 2024.-\u00a0El director ejecutivo de la Defensa Civil, Juan Salas, fue parte de la comisi\u00f3n presidencial que visit\u00f3 este jueves varias comunidades afectadas por las lluvias que dejaron al menos 3,785 personas desplazadas 757 viviendas afectadas y 20 comunidades incomunicadas, adem\u00e1s de m\u00faltiples da\u00f1os. La comisi\u00f3n fue encabezada por [&hellip;]<\/p>\n","protected":false},"author":5,"featured_media":524912,"comment_status":"closed","ping_status":"","sticky":true,"template":"","format":"standard","meta":{"footnotes":""},"categories":[20,27],"tags":[],"class_list":["post-524911","post","type-post","status-publish","format-standard","has-post-thumbnail","hentry","category-dominicana-hoy","category-portada"],"_links":{"self":[{"href":"https:\/\/diariodominicano.com\/index.php?rest_route=\/wp\/v2\/posts\/524911","targetHints":{"allow":["GET"]}}],"collection":[{"href":"https:\/\/diariodominicano.com\/index.php?rest_route=\/wp\/v2\/posts"}],"about":[{"href":"https:\/\/diariodominicano.com\/index.php?rest_route=\/wp\/v2\/types\/post"}],"author":[{"embeddable":true,"href":"https:\/\/diariodominicano.com\/index.php?rest_route=\/wp\/v2\/users\/5"}],"replies":[{"embeddable":true,"href":"https:\/\/diariodominicano.com\/index.php?rest_route=%2Fwp%2Fv2%2Fcomments&post=524911"}],"version-history":[{"count":1,"href":"https:\/\/diariodominicano.com\/index.php?rest_route=\/wp\/v2\/posts\/524911\/revisions"}],"predecessor-version":[{"id":524913,"href":"https:\/\/diariodominicano.com\/index.php?rest_route=\/wp\/v2\/posts\/524911\/revisions\/524913"}],"wp:featuredmedia":[{"embeddable":true,"href":"https:\/\/diariodominicano.com\/index.php?rest_route=\/wp\/v2\/media\/524912"}],"wp:attachment":[{"href":"https:\/\/diariodominicano.com\/index.php?rest_route=%2Fwp%2Fv2%2Fmedia&parent=524911"}],"wp:term":[{"taxonomy":"category","embeddable":true,"href":"https:\/\/diariodominicano.com\/index.php?rest_route=%2Fwp%2Fv2%2Fcategories&post=524911"},{"taxonomy":"post_tag","embeddable":true,"href":"https:\/\/diariodominicano.com\/index.php?rest_route=%2Fwp%2Fv2%2Ftags&post=524911"}],"curies":[{"name":"wp","href":"https:\/\/api.w.org\/{rel}","templated":true}]}}