{"id":524894,"date":"2024-04-19T10:10:12","date_gmt":"2024-04-19T14:10:12","guid":{"rendered":"https:\/\/diariodominicano.com\/?p=524894"},"modified":"2024-04-19T10:10:12","modified_gmt":"2024-04-19T14:10:12","slug":"pld-lamenta-fallecimiento-de-franklin-almeyda-rancier-dirigente-de-la-fuerza-del-pueblo","status":"publish","type":"post","link":"https:\/\/diariodominicano.com\/?p=524894","title":{"rendered":"PLD\u00a0lamenta fallecimiento de\u00a0Franklin Almeyda Rancier, dirigente de la Fuerza del Pueblo"},"content":{"rendered":"\n<p>diariodominicano.com<\/p>\n\n\n\n<p>Santo Domingo, R. D.,\u200219 de abril, 2024.- <strong>El Partido de la Liberaci\u00f3n Dominicana (PLD)<\/strong>\u00a0lament\u00f3 este d\u00eda el fallecimiento de\u00a0<strong>Franklin Almeyda Rancier<\/strong>, directivo del Partido Fuerza del Pueblo y miembro fundador del PLD en 1973.<\/p>\n\n\n\n<p>Seg\u00fan los informes de sus familiares recibidos en el PLD, una falla cardiaca ocasion\u00f3 su deceso ocurrido al final de la noche del jueves en su residencia en el sector Gascue de la ciudad capital. &nbsp;<\/p>\n\n\n\n<p>Almeyda form\u00f3 parte de los 25 integrantes del primer Comit\u00e9 Central del Partido de Liberaci\u00f3n Dominicana y en poco tiempo pas\u00f3 a ostentar la membres\u00eda del Comit\u00e9 Pol\u00edtico.<\/p>\n\n\n\n<p>En el PLD se est\u00e1 a la espera de la notificaci\u00f3n de sus honras f\u00fanebres para sus dirigentes presentar sus condolencias a sus familiares.<\/p>\n\n\n\n<p>De Franklin Almeyda se reconocen sus aportes como profesor universitario, ex rector de la Universidad Aut\u00f3noma de Santo Domingo (UASD), escritor, columnistas de los diarios nacionales, funcionario p\u00fablico y dirigente y militante pol\u00edtico.&nbsp;<\/p>\n\n\n\n<p>Que en Paz Descanse.<\/p>\n\n\n\n<p><strong>SECRETARIA DE COMUNICACIONES<\/strong><strong><\/strong><\/p>\n\n\n\n<p><strong>19 DE ABRIL, 2024.-<\/strong><\/p>\n","protected":false},"excerpt":{"rendered":"<p>diariodominicano.com Santo Domingo, R. D.,\u200219 de abril, 2024.- El Partido de la Liberaci\u00f3n Dominicana (PLD)\u00a0lament\u00f3 este d\u00eda el fallecimiento de\u00a0Franklin Almeyda Rancier, directivo del Partido Fuerza del Pueblo y miembro fundador del PLD en 1973. Seg\u00fan los informes de sus familiares recibidos en el PLD, una falla cardiaca ocasion\u00f3 su deceso ocurrido al final de [&hellip;]<\/p>\n","protected":false},"author":5,"featured_media":272337,"comment_status":"closed","ping_status":"","sticky":true,"template":"","format":"standard","meta":{"footnotes":""},"categories":[20,25,27],"tags":[],"class_list":["post-524894","post","type-post","status-publish","format-standard","has-post-thumbnail","hentry","category-dominicana-hoy","category-gente","category-portada"],"_links":{"self":[{"href":"https:\/\/diariodominicano.com\/index.php?rest_route=\/wp\/v2\/posts\/524894","targetHints":{"allow":["GET"]}}],"collection":[{"href":"https:\/\/diariodominicano.com\/index.php?rest_route=\/wp\/v2\/posts"}],"about":[{"href":"https:\/\/diariodominicano.com\/index.php?rest_route=\/wp\/v2\/types\/post"}],"author":[{"embeddable":true,"href":"https:\/\/diariodominicano.com\/index.php?rest_route=\/wp\/v2\/users\/5"}],"replies":[{"embeddable":true,"href":"https:\/\/diariodominicano.com\/index.php?rest_route=%2Fwp%2Fv2%2Fcomments&post=524894"}],"version-history":[{"count":1,"href":"https:\/\/diariodominicano.com\/index.php?rest_route=\/wp\/v2\/posts\/524894\/revisions"}],"predecessor-version":[{"id":524895,"href":"https:\/\/diariodominicano.com\/index.php?rest_route=\/wp\/v2\/posts\/524894\/revisions\/524895"}],"wp:featuredmedia":[{"embeddable":true,"href":"https:\/\/diariodominicano.com\/index.php?rest_route=\/wp\/v2\/media\/272337"}],"wp:attachment":[{"href":"https:\/\/diariodominicano.com\/index.php?rest_route=%2Fwp%2Fv2%2Fmedia&parent=524894"}],"wp:term":[{"taxonomy":"category","embeddable":true,"href":"https:\/\/diariodominicano.com\/index.php?rest_route=%2Fwp%2Fv2%2Fcategories&post=524894"},{"taxonomy":"post_tag","embeddable":true,"href":"https:\/\/diariodominicano.com\/index.php?rest_route=%2Fwp%2Fv2%2Ftags&post=524894"}],"curies":[{"name":"wp","href":"https:\/\/api.w.org\/{rel}","templated":true}]}}