{"id":524841,"date":"2024-04-19T00:47:39","date_gmt":"2024-04-19T04:47:39","guid":{"rendered":"https:\/\/diariodominicano.com\/?p=524841"},"modified":"2024-04-19T00:47:39","modified_gmt":"2024-04-19T04:47:39","slug":"celebrando-el-dia-mundial-del-radioaficionado-un-compromiso-con-la-cultura-educacion-y-valores-sociales-2","status":"publish","type":"post","link":"https:\/\/diariodominicano.com\/?p=524841","title":{"rendered":"Celebrando el D\u00eda Mundial del Radioaficionado: Un compromiso con la cultura, educaci\u00f3n y valores sociales"},"content":{"rendered":"\n<p><strong>Por Dr. Am\u00edn Cruz<\/strong><\/p>\n\n\n\n<p><strong><em>\u00abCuando encendemos la radio encontramos una buena compa\u00f1\u00eda, en la casa, en el auto, en los trayectos o en las oficinas. Gracias por la magia de brindar con tu voz momentos gratos, significan una pieza clave en el d\u00eda a d\u00eda\u00bb.<\/em><\/strong><\/p>\n\n\n\n<figure class=\"wp-block-image size-full\"><img loading=\"lazy\" decoding=\"async\" width=\"293\" height=\"172\" src=\"https:\/\/diariodominicano.com\/wp-content\/uploads\/2024\/04\/DRADIO-5.jpg\" alt=\"\" class=\"wp-image-524843\"\/><\/figure>\n\n\n\n<p>En conmemoraci\u00f3n del D\u00eda Mundial del Radioaficionado, que se celebra cada 18 de abril, el Congreso Hispanoamericano de Prensa, Congreso Mundial de Arte y Cultura, COMAC, Congreso Mundial de Universidades y el Congreso Mundial de Prensa destacan la crucial contribuci\u00f3n de los radioaficionados a la sociedad. Este d\u00eda se dedica a reivindicar la labor incansable de estos individuos que desempe\u00f1an un papel fundamental en la transmisi\u00f3n de informaci\u00f3n, especialmente en momentos cr\u00edticos y situaciones de emergencia.<\/p>\n\n\n\n<figure class=\"wp-block-image size-large\"><img loading=\"lazy\" decoding=\"async\" width=\"1024\" height=\"768\" src=\"https:\/\/diariodominicano.com\/wp-content\/uploads\/2024\/04\/Imagen-de-WhatsApp-2024-04-18-a-las-13.09.35_032120d8-1024x768.jpg\" alt=\"\" class=\"wp-image-524844\" srcset=\"https:\/\/diariodominicano.com\/wp-content\/uploads\/2024\/04\/Imagen-de-WhatsApp-2024-04-18-a-las-13.09.35_032120d8-1024x768.jpg 1024w, https:\/\/diariodominicano.com\/wp-content\/uploads\/2024\/04\/Imagen-de-WhatsApp-2024-04-18-a-las-13.09.35_032120d8-300x225.jpg 300w, https:\/\/diariodominicano.com\/wp-content\/uploads\/2024\/04\/Imagen-de-WhatsApp-2024-04-18-a-las-13.09.35_032120d8-768x576.jpg 768w, https:\/\/diariodominicano.com\/wp-content\/uploads\/2024\/04\/Imagen-de-WhatsApp-2024-04-18-a-las-13.09.35_032120d8-1536x1152.jpg 1536w, https:\/\/diariodominicano.com\/wp-content\/uploads\/2024\/04\/Imagen-de-WhatsApp-2024-04-18-a-las-13.09.35_032120d8-816x612.jpg 816w, https:\/\/diariodominicano.com\/wp-content\/uploads\/2024\/04\/Imagen-de-WhatsApp-2024-04-18-a-las-13.09.35_032120d8.jpg 1600w\" sizes=\"auto, (max-width: 1024px) 100vw, 1024px\" \/><\/figure>\n\n\n\n<p>Proclamado en 2011 por los Estados miembros de la UNESCO y adoptado por la Asamblea General de las Naciones Unidas en&nbsp;2012&nbsp;como D\u00eda Internacional de la ONU, el 13 de febrero se convirti\u00f3 en el D\u00eda Mundial de la Radio (DMR).&nbsp;El D\u00eda Mundial del Radioaficionado se celebra el 18 de abril&nbsp;con el objetivo de reivindicar el trabajo desempe\u00f1ado por los radioaficionados que, d\u00eda a d\u00eda, prestan un servicio a la sociedad, pa\u00edses y mundo.<\/p>\n\n\n\n<p><strong>Or\u00edgenes y Evoluci\u00f3n de la Radioafici\u00f3n<\/strong><\/p>\n\n\n\n<p>La radioafici\u00f3n, tal como la conocemos hoy, surge a ra\u00edz del desarrollo cient\u00edfico y tecnol\u00f3gico del siglo XX, impulsada por un grupo de apasionados experimentadores que m\u00e1s tarde har\u00edan contribuciones significativas en campos como la ciencia y la ingenier\u00eda. Con la construcci\u00f3n de los primeros transmisores capaces de enviar mensajes en c\u00f3digo Morse alrededor del a\u00f1o 1900, nacieron los primeros clubes y, posteriormente, asociaciones de radioaficionados.<\/p>\n\n\n\n<p>Aunque la actividad se vio interrumpida durante la Segunda Guerra Mundial, resurgi\u00f3 con fuerza tras el lanzamiento del Sputnik y la exploraci\u00f3n espacial en los a\u00f1os 50. Los avances tecnol\u00f3gicos de las d\u00e9cadas siguientes, especialmente la digitalizaci\u00f3n en los a\u00f1os 80, han permitido a los radioaficionados adaptarse y continuar innovando en la era de Internet o cibern\u00e9tica.<\/p>\n\n\n\n<figure class=\"wp-block-image size-full\"><img loading=\"lazy\" decoding=\"async\" width=\"717\" height=\"403\" src=\"https:\/\/diariodominicano.com\/wp-content\/uploads\/2024\/04\/DRADIO-1.jpg\" alt=\"\" class=\"wp-image-524845\" srcset=\"https:\/\/diariodominicano.com\/wp-content\/uploads\/2024\/04\/DRADIO-1.jpg 717w, https:\/\/diariodominicano.com\/wp-content\/uploads\/2024\/04\/DRADIO-1-300x169.jpg 300w\" sizes=\"auto, (max-width: 717px) 100vw, 717px\" \/><\/figure>\n\n\n\n<p><strong>La Importancia de los Radioaficionados Hoy<\/strong><\/p>\n\n\n\n<p><strong>\u00bfQu\u00e9 es un radioaficionado?<\/strong>&nbsp;Un radioaficionado es una persona encargada de transmitir alg\u00fan tipo de informaci\u00f3n utilizando para ello una emisora de radio y muchas veces a trav\u00e9s de sus propios recursos, pero para llevarlo a cabo hoy, necesita de una serie de permisos y credenciales que avalen su trabajo, adem\u00e1s necesitar\u00e1 una autorizaci\u00f3n como radioaficionado y una licencia de estaci\u00f3n.<\/p>\n\n\n\n<p>Ayer era otra vertiente del radioaficionado emp\u00edrico, una persona instala una simple estaci\u00f3n de radio, y ofrec\u00eda el servicio que era y es decisivo en la respuesta a desastres naturales, cuando los sistemas convencionales de comunicaci\u00f3n fallan. Estas estaciones han sido esenciales para coordinar esfuerzos de ayuda y comunicar necesidades cr\u00edticas en todos los escenarios de cat\u00e1strofes y conflictos.<\/p>\n\n\n\n<p><strong>Diversidad en M\u00e9todos de Transmisi\u00f3n<\/strong><\/p>\n\n\n\n<p><strong>Los radioaficionados utilizan diversos m\u00e9todos de transmisi\u00f3n:<\/strong><\/p>\n\n\n\n<p>a)- Voz: Empleando frecuencia modulada (FM) y modulaci\u00f3n en banda lateral \u00fanica (SSB) para largas distancias.<\/p>\n\n\n\n<p>b)- Radiotelegraf\u00eda: Utilizando clave Morse, esencial para la comunicaci\u00f3n entre hablantes de diferentes idiomas.<\/p>\n\n\n\n<p>c)- Modulaci\u00f3n de Amplitud (AM): A menudo utilizando equipos de \u00abtubo de vac\u00edo\u00bb.<\/p>\n\n\n\n<p>La inventiva y la creatividad son fundamentales para los radioaficionados, quienes constantemente integran nuevas tecnolog\u00edas sin abandonar las t\u00e9cnicas tradicionales que les permiten alcanzar sus objetivos.<\/p>\n\n\n\n<p>Los radioaficionados utilizan diversas t\u00e9cnicas de transmisi\u00f3n para superar barreras f\u00edsicas y ling\u00fc\u00edsticas. Esto incluye la voz a trav\u00e9s de frecuencia modulada (FM) y modulaci\u00f3n en banda lateral \u00fanica (SSB), radiotelegraf\u00eda con clave Morse, y modulaci\u00f3n de amplitud (AM), entre otros. Esta diversidad de m\u00e9todos asegura que los radioaficionados puedan comunicarse efectivamente a trav\u00e9s de grandes distancias y en variadas condiciones.<\/p>\n\n\n\n<p><strong>Una historia milagrosa de supervivencia gracias a la radioafici\u00f3n<\/strong><\/p>\n\n\n\n<p>Hoy, la humanidad debe agradecerle a la radioafici\u00f3n algunos grandes logros que han acontecido a trav\u00e9s de la historia, siendo uno de ellos el accidente ocurrido en la cueva&nbsp;Tham Luang, en Tailandia, cuando un grupo de ni\u00f1os y su entrenador lograron ser rescatados de lo que pudo haber sido una muerte segura.<\/p>\n\n\n\n<p>En el a\u00f1o 2018, mientras realizaban una excursi\u00f3n, estas personas quedaron atrapadas, sin ninguna posibilidad, hasta que con la ayuda de un radio llamado&nbsp;\u00abHey Phone\u00bb&nbsp;inventado por el radioaficionado brit\u00e1nico&nbsp;Jhon Hey, se pudo lograr tal haza\u00f1a. El equipo fue dise\u00f1ado para ser utilizado en este tipo de operaciones y que, en este caso, fue cien por cien exitosa.<\/p>\n\n\n\n<p>Lamentablemente el creador de este dispositivo no pudo ver como su gran invento logr\u00f3 salvar las vidas de estos ni\u00f1os y su gu\u00eda, ya que muri\u00f3 en el a\u00f1o 2016, sin embargo, su ingenio fue una gran aportaci\u00f3n, que seguramente lo hubiera hecho sentirse orgulloso y muy feliz de contribuir con el rescate de vidas humanas.<\/p>\n\n\n\n<p>La voz del locutor llega a formar parte de la vida de sus oyentes, de ah\u00ed la importancia que reviste esta digna profesi\u00f3n.&nbsp;El Congreso Hispanoamericano de Prensa, Congreso Mundial de Arte y Cultura, Congreso Mundial de Prensa y Congreso Mundial de Universidades, felicita a los hombres y mujeres del micr\u00f3fono, inmortales en las p\u00e1ginas de la historia que tantas generaciones ayudaron a construir.<\/p>\n\n\n\n<p><strong>Un Llamado a la Acci\u00f3n<\/strong><\/p>\n\n\n\n<p>Hoy, el Congreso Hispanoamericano de Prensa, Congreso Mundial de Universidades, Congreso Mundial de Arte y Cultura y el Congreso Mundial de Prensa, reconocen y celebran no solo la habilidad t\u00e9cnica de los radioaficionados, sino tambi\u00e9n su compromiso con la promoci\u00f3n de valores como la \u00e9tica, la moral, la responsabilidad social y servicio humanitario. Ellos no solo transmiten mensajes; difunden cultura, educaci\u00f3n, informaci\u00f3n, comunicaci\u00f3n, y en muchos casos, salvan vidas.<\/p>\n\n\n\n<p>De esta manera, nuestros parabienes tambi\u00e9n a los que, como nosotros, somos responsables, en este momento, de transmitir cultura, educaci\u00f3n, \u00e9tica, moral y valores por medio de esta v\u00eda, igual herramienta de trabajo.&nbsp;Nos unimos en gratitud a estos h\u00e9roes cotidianos, cuya pasi\u00f3n y dedicaci\u00f3n aseguran que, incluso en los momentos m\u00e1s oscuros y distantes, nunca estamos completamente aislados ni desinformados.<\/p>\n\n\n\n<p>\u00a1Felicidades y Bendiciones a todos Ustedes!<\/p>\n\n\n\n<p><strong><em>\u00abCada d\u00eda acompa\u00f1an a la ciudadan\u00eda detr\u00e1s de un micr\u00f3fono, nos hacen llegar toda la informaci\u00f3n que necesitamos, nos culturizan y hasta nos hacen sacar una sonrisa para alegrar hogares\u00bb.<\/em><\/strong><\/p>\n\n\n\n<p><strong>Dr. Am\u00edn Cruz, CEO, presidente y Fundador del Congreso Hispanoamericano de Prensa, Padre y Embajador de la Prensa latinoamericana, Diplom\u00e1tico ante la ONU, periodista, escritor en USA<\/strong><\/p>\n\n\n\n<p>libropress@gmail.com<\/p>\n","protected":false},"excerpt":{"rendered":"<p>Por Dr. Am\u00edn Cruz \u00abCuando encendemos la radio encontramos una buena compa\u00f1\u00eda, en la casa, en el auto, en los trayectos o en las oficinas. Gracias por la magia de brindar con tu voz momentos gratos, significan una pieza clave en el d\u00eda a d\u00eda\u00bb. En conmemoraci\u00f3n del D\u00eda Mundial del Radioaficionado, que se celebra [&hellip;]<\/p>\n","protected":false},"author":28,"featured_media":524842,"comment_status":"closed","ping_status":"","sticky":false,"template":"","format":"standard","meta":{"footnotes":""},"categories":[21,36,25],"tags":[],"class_list":["post-524841","post","type-post","status-publish","format-standard","has-post-thumbnail","hentry","category-cultura","category-hombresmujeresycosas","category-gente"],"_links":{"self":[{"href":"https:\/\/diariodominicano.com\/index.php?rest_route=\/wp\/v2\/posts\/524841","targetHints":{"allow":["GET"]}}],"collection":[{"href":"https:\/\/diariodominicano.com\/index.php?rest_route=\/wp\/v2\/posts"}],"about":[{"href":"https:\/\/diariodominicano.com\/index.php?rest_route=\/wp\/v2\/types\/post"}],"author":[{"embeddable":true,"href":"https:\/\/diariodominicano.com\/index.php?rest_route=\/wp\/v2\/users\/28"}],"replies":[{"embeddable":true,"href":"https:\/\/diariodominicano.com\/index.php?rest_route=%2Fwp%2Fv2%2Fcomments&post=524841"}],"version-history":[{"count":1,"href":"https:\/\/diariodominicano.com\/index.php?rest_route=\/wp\/v2\/posts\/524841\/revisions"}],"predecessor-version":[{"id":524846,"href":"https:\/\/diariodominicano.com\/index.php?rest_route=\/wp\/v2\/posts\/524841\/revisions\/524846"}],"wp:featuredmedia":[{"embeddable":true,"href":"https:\/\/diariodominicano.com\/index.php?rest_route=\/wp\/v2\/media\/524842"}],"wp:attachment":[{"href":"https:\/\/diariodominicano.com\/index.php?rest_route=%2Fwp%2Fv2%2Fmedia&parent=524841"}],"wp:term":[{"taxonomy":"category","embeddable":true,"href":"https:\/\/diariodominicano.com\/index.php?rest_route=%2Fwp%2Fv2%2Fcategories&post=524841"},{"taxonomy":"post_tag","embeddable":true,"href":"https:\/\/diariodominicano.com\/index.php?rest_route=%2Fwp%2Fv2%2Ftags&post=524841"}],"curies":[{"name":"wp","href":"https:\/\/api.w.org\/{rel}","templated":true}]}}