{"id":524787,"date":"2024-04-18T23:08:17","date_gmt":"2024-04-19T03:08:17","guid":{"rendered":"https:\/\/diariodominicano.com\/?p=524787"},"modified":"2024-04-18T23:09:34","modified_gmt":"2024-04-19T03:09:34","slug":"profesores-informan-haran-manifestacion-frente-al-minerd-en-reclamo-de-que-se-cumpla-con-el-aumento-salarial-acordado","status":"publish","type":"post","link":"https:\/\/diariodominicano.com\/?p=524787","title":{"rendered":"Profesores informan har\u00e1n manifestaci\u00f3n frente al MINERD en reclamo de que se cumpla con el aumento salarial acordado"},"content":{"rendered":"\n<p>ARCHIVO: Los docentes reclamar\u00e1n tambi\u00e9n que se solucionen los graves problemas de las escuelas que han impedido que se cumpla con el calendario escolar y los objetivos de aprendizaje.<\/p>\n\n\n\n<p><\/p>\n\n\n\n<p><strong>San Francisco de Macor\u00eds<\/strong>,&nbsp;<strong>R.D.<\/strong>-La Asociaci\u00f3n Dominicana de Profesores (ADP) aprob\u00f3 un plan de lucha que incluye una manifestaci\u00f3n frente a la sede del Ministerio de Educaci\u00f3n el pr\u00f3ximo 23 de abril, en demanda de que se cumpla lo acordado con relaci\u00f3n al aumento salarial para los docentes.<\/p>\n\n\n\n<p>Adem\u00e1s, la ADP tambi\u00e9n exigir\u00e1, durante esa manifestaci\u00f3n, las mejoras de las condiciones de infraestructura de las escuelas, contrataci\u00f3n de personal de seguridad y de limpieza, mejores programas de formaci\u00f3n docentes, nombramiento de docentes faltantes, terminaci\u00f3n de escuelas que est\u00e1n en proceso de construcci\u00f3n y que est\u00e1n paralizadas, reparaci\u00f3n de ba\u00f1os inservibles, agua potable y bebederos para las escuelas, personal docente, reducir la sobrepoblaci\u00f3n escolar, que le llegue el almuerzo y la merienda a todos los ni\u00f1os y ni\u00f1as dominicanos. As\u00ed como, solucionar el problema de la intoxicaci\u00f3n por fumigaci\u00f3n en escuelas de San Francisco de Macor\u00eds, Villa Altagracia y otras localidades del pa\u00eds.<\/p>\n\n\n\n<p>Agreg\u00f3 que estas y otras dificultades son la causa que han impedido que las escuelas p\u00fablicas puedan cumplir con el calendario escolar y que se logre el desarrollo de las competencias a las que aspira el curr\u00edculo dominicano.<\/p>\n\n\n\n<p>Durante la reuni\u00f3n de su 8vo. Pleno Nacional de Dirigentes Prof. Magalys P\u00e9rez se aprob\u00f3 exigir un incremento salarial seg\u00fan lo acordado en julio del a\u00f1o pasado, sustentado en el hecho de que el Ministerio de Educaci\u00f3n cuenta con los fondos suficientes para mejorar el salario de los docentes, &nbsp;cuyos niveles actuales han perdido poder adquisitivo, coloc\u00e1ndose el costo de la canasta familiar 4 mil pesos m\u00e1s que el salario promedio de los docentes. Incluso-dijo- el MINERD ha tenido una marcada subejecuci\u00f3n de fondos en los \u00faltimos a\u00f1os. As\u00ed como el cumplimiento de la evaluaci\u00f3n de desempe\u00f1o, y el aumento para los jubilados y pensionados.<\/p>\n\n\n\n<p>Indic\u00f3 que el Pleno Nacional de Dirigentes tambi\u00e9n acord\u00f3 una serie de asambleas en las 155 seccionales de la ADP, a partir de este viernes 19 de abril para orientar a los maestros y maestras sobre el plan de lucha.<\/p>\n\n\n\n<p>El presidente de la ADP, Eduardo Hidalgo, en unas declaraciones a los medios, dijo que, al considerar la inflaci\u00f3n y el \u00edndice de precios al consumidor, el salario promedio real de los docentes termina siendo RD$40,019, mientras que el costo nacional promedio de la canasta familiar ronda los RD$44,967.<\/p>\n\n\n\n<p>Hidalgo sostuvo que Rep\u00fablica Dominica es uno de los pa\u00edses que menos invierte en remuneraciones a los docentes, como parte del presupuesto total de la educaci\u00f3n preuniversitaria. \u201cEl gasto total en remuneraciones a los docentes de las escuelas p\u00fablicas dominicanas ha estado por debajo del 40% del presupuesto total del 4% para la educaci\u00f3n, en los dos \u00faltimos a\u00f1os, lo cual constituye 30% menos gasto que el promedio de Latinoam\u00e9rica\u201d, indic\u00f3 el dirigente magisterial.<\/p>\n\n\n\n<p>El presidente de la ADP dijo que, en la \u00faltima reuni\u00f3n en la mesa de negociaci\u00f3n con el MINERD, la propuesta que hizo la comisi\u00f3n de funcionarios del MINERD fue de un 8%, lo cual es una propuesta improcedente e inaceptable.<\/p>\n\n\n\n<p>link&gt;<\/p>\n\n\n\n<p><a href=\"https:\/\/we.tl\/t-lu1NHGlJL2--\">https:\/\/we.tl\/t-lu1NHGlJL2&#8211;<\/a><\/p>\n\n\n\n<p>Raysa F\u00e9liz<\/p>\n\n\n\n<p><a target=\"_blank\" href=\"mailto:raysafeliz@gmail.com\" rel=\"noreferrer noopener\">raysafeliz@gmail.com<\/a><\/p>\n\n\n\n<p><\/p>\n","protected":false},"excerpt":{"rendered":"<p>ARCHIVO: Los docentes reclamar\u00e1n tambi\u00e9n que se solucionen los graves problemas de las escuelas que han impedido que se cumpla con el calendario escolar y los objetivos de aprendizaje. San Francisco de Macor\u00eds,&nbsp;R.D.-La Asociaci\u00f3n Dominicana de Profesores (ADP) aprob\u00f3 un plan de lucha que incluye una manifestaci\u00f3n frente a la sede del Ministerio de Educaci\u00f3n [&hellip;]<\/p>\n","protected":false},"author":28,"featured_media":377453,"comment_status":"closed","ping_status":"","sticky":true,"template":"","format":"standard","meta":{"footnotes":""},"categories":[20,27],"tags":[],"class_list":["post-524787","post","type-post","status-publish","format-standard","has-post-thumbnail","hentry","category-dominicana-hoy","category-portada"],"_links":{"self":[{"href":"https:\/\/diariodominicano.com\/index.php?rest_route=\/wp\/v2\/posts\/524787","targetHints":{"allow":["GET"]}}],"collection":[{"href":"https:\/\/diariodominicano.com\/index.php?rest_route=\/wp\/v2\/posts"}],"about":[{"href":"https:\/\/diariodominicano.com\/index.php?rest_route=\/wp\/v2\/types\/post"}],"author":[{"embeddable":true,"href":"https:\/\/diariodominicano.com\/index.php?rest_route=\/wp\/v2\/users\/28"}],"replies":[{"embeddable":true,"href":"https:\/\/diariodominicano.com\/index.php?rest_route=%2Fwp%2Fv2%2Fcomments&post=524787"}],"version-history":[{"count":4,"href":"https:\/\/diariodominicano.com\/index.php?rest_route=\/wp\/v2\/posts\/524787\/revisions"}],"predecessor-version":[{"id":524791,"href":"https:\/\/diariodominicano.com\/index.php?rest_route=\/wp\/v2\/posts\/524787\/revisions\/524791"}],"wp:featuredmedia":[{"embeddable":true,"href":"https:\/\/diariodominicano.com\/index.php?rest_route=\/wp\/v2\/media\/377453"}],"wp:attachment":[{"href":"https:\/\/diariodominicano.com\/index.php?rest_route=%2Fwp%2Fv2%2Fmedia&parent=524787"}],"wp:term":[{"taxonomy":"category","embeddable":true,"href":"https:\/\/diariodominicano.com\/index.php?rest_route=%2Fwp%2Fv2%2Fcategories&post=524787"},{"taxonomy":"post_tag","embeddable":true,"href":"https:\/\/diariodominicano.com\/index.php?rest_route=%2Fwp%2Fv2%2Ftags&post=524787"}],"curies":[{"name":"wp","href":"https:\/\/api.w.org\/{rel}","templated":true}]}}