{"id":52473,"date":"2020-06-24T13:13:13","date_gmt":"2020-06-24T13:13:13","guid":{"rendered":"http:\/\/diariodominicano.ddns.net\/?p=52473"},"modified":"2020-06-24T13:13:13","modified_gmt":"2020-06-24T13:13:13","slug":"inafocam-y-ucsd-especializan-personal-de-centros-caipi-y-cafi-de-san-francisco-de-macoris","status":"publish","type":"post","link":"https:\/\/diariodominicano.com\/?p=52473","title":{"rendered":"Inafocam y UCSD especializan personal de centros CAIPI y CAFI de San Francisco de Macor\u00eds"},"content":{"rendered":"<p><body><\/p>\n<p><span class=\"text1noticias\">diariodominicano.com<\/span><\/p>\n<p><span class=\"text1noticias\"> <\/span><\/p>\n<p><span class=\"text1noticias\">San Francisco de Macor\u00eds, Duarte, R. D., 24 de junio, 2020.- El Instituto Nacional de Formaci\u00f3n y Capacitaci\u00f3n del Magisterio (Inafocam) con el apoyo t\u00e9cnico de la Universidad Cat\u00f3lica Santo Domingo (UCSD) concluy\u00f3 en San Francisco de Macor\u00eds un programa de especializaci\u00f3n de profesionales de la educaci\u00f3n que trabajan en centros gestionados por el Instituto Nacional de Atenci\u00f3n Integral a la Primera Infancia (INAIPI).<\/span><\/p>\n<\/p>\n<p><span class=\"text1noticias\">Los participantes del programa Especialidad en Educaci\u00f3n Inicial lo conforman decenas de coordinadores educativos, agentes educativos, asistentes educativos y coordinadores de la referida provincia del noroeste del pa\u00eds.<\/span><\/p>\n<\/p>\n<p><span class=\"text1noticias\">Estos grupos pertenecen a los Centros de Atenci\u00f3n Integral a la Primera Infancia (CAIPI) y de Atenci\u00f3n Integral a la Infancia y la Familia (CAFI).<\/span><\/p>\n<\/p>\n<p><span class=\"text1noticias\">En el acto de cierre, grupos de participantes presentaron investigaciones sobre diferentes estrategias de intervenci\u00f3n para mejorar el proceso pedag\u00f3gico que se desarrolla en el nivel Inicial que gestiona el INAIPI.<\/span><\/p>\n<\/p>\n<p><span class=\"text1noticias\">En dicha actividad, los participantes del programa mostraron a trav\u00e9s de evidencias, los cambios significativos que ha generado al cursar la especialidad.     <\/span><\/p>\n<p><span class=\"text1noticias\">           <\/span><\/p>\n<p><span class=\"text1noticias\">El cierre de la especialidad que se realiz\u00f3 de manera virtual estuvo encabezada por Pascuala Matos, coordinadora de programas de posgrado del Inafocam, en representaci\u00f3n del director ejecutivo de esa instituci\u00f3n, Andr\u00e9s de las Mercedes.<\/span><\/p>\n<\/p>\n<p><span class=\"text1noticias\">Por la UCSD, participaron Celsa Albert Batista, decana de Humanidades y Educaci\u00f3n; Francisco Cruz Pascual, vicerrector de Postgrado e Investigaci\u00f3n y la Lic. Adria Garc\u00eda, encargada de admisiones de la UCSD.<\/span><\/p>\n<\/p>\n<p><span class=\"text1noticias\">Por INAIPI, estuvieron presentes Fel\u00edn Hern\u00e1ndez y Yaritza Cer\u00f3n, encargado y t\u00e9cnica especialista de la Divisi\u00f3n de Formaci\u00f3n Continua, respectivamente; as\u00ed como Gabriel de La Rosa, encargado del Departamento de Fortalecimiento de Competencias para la Atenci\u00f3n de este Instituto.<\/span><\/p>\n<\/p>\n<p><span class=\"text1noticias\">La coordinaci\u00f3n de la presentaci\u00f3n de los trabajos finales estuvo a cargo de Bilda Valent\u00edn y Carmen G\u00e1lvez, asesoras de investigaci\u00f3n de los participantes de la Especialidad en Educaci\u00f3n Inicial. <\/span><\/p>\n<\/p>\n<p><span class=\"text1noticias\">Una de las docentes, \u00c1ngela Vargas, expres\u00f3 las palabras de agradecimiento en nombre de los estudiantes, al Inafocam, la UCSD y al INAIPI por el desarrollo de la formaci\u00f3n especializada.<\/span><\/p>\n<p><span class=\"text1noticias\">Proceso desarrollado con los participantes.<\/span><\/p>\n<\/p>\n<p><span class=\"text1noticias\">Los participantes egresan del programa de posgrado con las capacidades de planificaci\u00f3n, gesti\u00f3n, docencia, investigaci\u00f3n, liderazgo y administraci\u00f3n escolar, vinculados con la innovaci\u00f3n pedag\u00f3gica de transformaci\u00f3n y construcci\u00f3n demandadas por el sistema educativo dominicano<\/span><\/p>\n<p><span class=\"text1noticias\">Para asegurar el logro de las referidas capacidades, durante el desarrollo del programa Especialidad en Educaci\u00f3n Inicial, se ejecut\u00f3 un plan de acompa\u00f1amiento directo al docente en su contexto de trabajo de aula.<\/span><\/p>\n<\/p>\n<p><span class=\"text1noticias\">Adem\u00e1s, se le realiz\u00f3 una entrevista inicial en la que se reflexion\u00f3 sobre la necesidad de cambio para la mejora y promover el deseo de aprender, y sobre la importancia de la pr\u00e1ctica para asegurar que los aprendizajes tengan efectividad en las aulas.<\/span><\/p>\n<\/p>\n<p><span class=\"text1noticias\">Contempl\u00f3, asimismo, un curso proped\u00e9utico conformado por los m\u00f3dulos: an\u00e1lisis e interpretaci\u00f3n de textos, taller de estrategias y t\u00e9cnicas de aprendizaje en el nivel superior, taller de nivelaci\u00f3n tecnol\u00f3gica y generalidades de la educaci\u00f3n inicial y desarrollo de la primera infancia.<\/span><\/p>\n<p><span class=\"text1noticias\"> <\/span><\/p>\n<p><span class=\"text1noticias\"> <\/span><\/p>\n<p><span class=\"text1noticias\">Fuente: Direcci\u00f3n de Comunicaci\u00f3n y Relaciones P\u00fablicas <\/span><\/p>\n<p><span class=\"text1noticias\">Ministerio Educaci\u00f3n Rep\u00fablica Dominicana <\/span><\/p>\n<p><span class=\"text1noticias\"> Licda. Magdalena Nu\u00f1ez<\/span><\/p>\n<p><span class=\"text1noticias\">Enc. Relaciones P\u00fablic<\/span>as<\/p>\n<h6> 2020-06-24 13:13:13 <\/h6>\n<p><!--\n<link rel=\"stylesheet\" href=\"css\/bootstrap.min.css\">\n\n\n<ul class=\"pagination\">\n\t    \n\t\n\n<li >\n\t<a href='?page_no=480'>Previous<\/a>\n\t<\/li>\n\n\n       \n    \n\n<li><a href='?page_no=1'>1<\/a><\/li>\n\n\n\n<li><a href='?page_no=2'>2<\/a><\/li>\n\n\n\n<li><a>...<\/a><\/li>\n\n\n\n<li><a href='?page_no=479'>479<\/a><\/li>\n\n\n\n<li><a href='?page_no=480'>480<\/a><\/li>\n\n\n\n<li class='active'><a>481<\/a><\/li>\n\n\n\n<li><a href='?page_no=482'>482<\/a><\/li>\n\n\n\n<li><a href='?page_no=483'>483<\/a><\/li>\n\n\n\n<li><a>...<\/a><\/li>\n\n\n\n<li><a href='?page_no=22911'>22911<\/a><\/li>\n\n\n\n<li><a href='?page_no=22912'>22912<\/a><\/li>\n\n    \n\t\n\n<li >\n\t<a href='?page_no=482'>Next<\/a>\n\t<\/li>\n\n\n    \n\n<li><a href='?page_no=22912'>Last &rsaquo;&rsaquo;<\/a><\/li>\n\n<\/ul>\n\n\n--><br \/>\n<\/body><\/p>\n","protected":false},"excerpt":{"rendered":"<p>diariodominicano.com San Francisco de Macor\u00eds, Duarte, R. D., 24 de junio, 2020.- El Instituto Nacional de Formaci\u00f3n y Capacitaci\u00f3n del Magisterio (Inafocam) con el apoyo t\u00e9cnico de la Universidad Cat\u00f3lica Santo Domingo (UCSD) concluy\u00f3 en San Francisco de Macor\u00eds un programa de especializaci\u00f3n de profesionales de la educaci\u00f3n que trabajan en centros gestionados por el [&hellip;]<\/p>\n","protected":false},"author":3,"featured_media":0,"comment_status":"open","ping_status":"open","sticky":false,"template":"","format":"standard","meta":{"footnotes":""},"categories":[21],"tags":[],"class_list":["post-52473","post","type-post","status-publish","format-standard","hentry","category-cultura"],"_links":{"self":[{"href":"https:\/\/diariodominicano.com\/index.php?rest_route=\/wp\/v2\/posts\/52473","targetHints":{"allow":["GET"]}}],"collection":[{"href":"https:\/\/diariodominicano.com\/index.php?rest_route=\/wp\/v2\/posts"}],"about":[{"href":"https:\/\/diariodominicano.com\/index.php?rest_route=\/wp\/v2\/types\/post"}],"author":[{"embeddable":true,"href":"https:\/\/diariodominicano.com\/index.php?rest_route=\/wp\/v2\/users\/3"}],"replies":[{"embeddable":true,"href":"https:\/\/diariodominicano.com\/index.php?rest_route=%2Fwp%2Fv2%2Fcomments&post=52473"}],"version-history":[{"count":0,"href":"https:\/\/diariodominicano.com\/index.php?rest_route=\/wp\/v2\/posts\/52473\/revisions"}],"wp:attachment":[{"href":"https:\/\/diariodominicano.com\/index.php?rest_route=%2Fwp%2Fv2%2Fmedia&parent=52473"}],"wp:term":[{"taxonomy":"category","embeddable":true,"href":"https:\/\/diariodominicano.com\/index.php?rest_route=%2Fwp%2Fv2%2Fcategories&post=52473"},{"taxonomy":"post_tag","embeddable":true,"href":"https:\/\/diariodominicano.com\/index.php?rest_route=%2Fwp%2Fv2%2Ftags&post=52473"}],"curies":[{"name":"wp","href":"https:\/\/api.w.org\/{rel}","templated":true}]}}