{"id":524650,"date":"2024-04-18T10:59:44","date_gmt":"2024-04-18T14:59:44","guid":{"rendered":"https:\/\/diariodominicano.com\/?p=524650"},"modified":"2024-04-18T10:59:44","modified_gmt":"2024-04-18T14:59:44","slug":"comision-nacional-de-emergencias-da-toques-finales-a-plan-nacional-para-la-reduccion-del-riesgo-de-desastres-en-taller","status":"publish","type":"post","link":"https:\/\/diariodominicano.com\/?p=524650","title":{"rendered":"Comisi\u00f3n Nacional de Emergencias da toques finales a \u201cPlan Nacional para la Reducci\u00f3n del Riesgo de Desastres\u201d en taller"},"content":{"rendered":"\n<p>diariodominicano.com<\/p>\n\n\n\n<p><strong>Santo Domingo<\/strong>, R. D.,\u200218 de abril, 2024.-\u2002En un d\u00eda donde el pa\u00eds est\u00e1 en bajo alerta por los efectos de una Vaguada, los integrantes de la Comisi\u00f3n Nacional de Emergencias (CNE), participaron en un taller para la revisi\u00f3n y validaci\u00f3n del borrador final del \u201cPlan Nacional para la Reducci\u00f3n del Riesgo de Desastres\u201d.<\/p>\n\n\n\n<p>La capacitaci\u00f3n cont\u00f3 con el apoyo y financiamiento del Programa Mundial de Alimentos (PMA) y estuvo encabezada por el presidente de la CNE y director ejecutivo de la Defensa Civil, Juan Salas y Gabriela Alvarado, representante del PMA en Rep\u00fablica Dominicana.<\/p>\n\n\n\n<p>Al brindar unas palabras, Salas indic\u00f3 que este taller busc\u00f3 revisar y validar los lineamientos y directrices establecidos en la propuesta del borrador de tan importante Plan, asegurando su alineaci\u00f3n con las prioridades del Marco de Sendai y la adaptaci\u00f3n a la realidad del pa\u00eds, con miras a su aprobaci\u00f3n y presentaci\u00f3n final, un paso que va a colaborar en la b\u00fasqueda de soluciones colaborativas para minimizar p\u00e9rdidas humanas y promover la resiliencia ante el paso de los desastres.<\/p>\n\n\n\n<p>\u201cEl pa\u00eds lleva varios a\u00f1os esperando tener este plan debidamente actualizado en materia de Gesti\u00f3n de Riesgos, que nos ayude a tomar decisiones precisas y efectivas para salvar vidas. Este taller marca el camino hacia la obtenci\u00f3n de tan importante pieza, mediante la validaci\u00f3n y consenso de todas y todos\u201d, dijo Salas.<\/p>\n\n\n\n<p>De su lado la representante del PMA en el pa\u00eds, explic\u00f3 la necesidad de estar mejor preparados para enfrentar situaciones de emergencia como las ocurridas durante toda esta semana en varias provincias producto de las lluvias y de cara a la Temporada Cicl\u00f3nica, que seg\u00fan expertos ser\u00e1 muy activa. Indic\u00f3 que ya es hora de que Rep\u00fablica Dominicana cuente con instrumentos alineados a los lineamientos globales para la reducci\u00f3n del riesgo de desastres.<\/p>\n\n\n\n<p>El taller cont\u00f3 con la participaci\u00f3n de los 38 miembros de las instituciones que conforman la CNE, quienes, en mesas de trabajo, abordaron los diferentes t\u00f3picos del borrador del Plan, para Identificar de manera consensuada los actores pertinentes en cada l\u00ednea program\u00e1tica y su relaci\u00f3n con las metas establecidas; evaluar la viabilidad de lograr los resultados propuestos dentro del plazo establecido y -promover el concepto de acci\u00f3n anticipada.<\/p>\n\n\n\n<p><strong>Sobre el \u201cPlan Nacional para la Reducci\u00f3n del Riesgo de Desastres\u201d<\/strong><\/p>\n\n\n\n<p>El Plan Nacional para la Reducci\u00f3n del Riesgo de Desastres constituye una herramienta de pol\u00edtica p\u00fablica que contempla objetivos y metas que tienen como prop\u00f3sito definir los lineamientos de las pol\u00edticas relacionadas con la gesti\u00f3n integral del riesgo y los principios b\u00e1sicos que deben desarrollarse para la ejecuci\u00f3n de programas y acciones tendientes a reducir los riesgos existentes, garantizar mejores condiciones de seguridad de la poblaci\u00f3n y proteger el patrimonio econ\u00f3mico, social, ambiental y cultural del pa\u00eds.<\/p>\n\n\n\n<p>Defensa Civil Dominicana<\/p>\n\n\n\n<p><a href=\"mailto:redesdefensacivil@gmail.com\" target=\"_blank\" rel=\"noreferrer noopener\">redesdefensacivil@gmail.com<\/a><\/p>\n","protected":false},"excerpt":{"rendered":"<p>diariodominicano.com Santo Domingo, R. D.,\u200218 de abril, 2024.-\u2002En un d\u00eda donde el pa\u00eds est\u00e1 en bajo alerta por los efectos de una Vaguada, los integrantes de la Comisi\u00f3n Nacional de Emergencias (CNE), participaron en un taller para la revisi\u00f3n y validaci\u00f3n del borrador final del \u201cPlan Nacional para la Reducci\u00f3n del Riesgo de Desastres\u201d. La [&hellip;]<\/p>\n","protected":false},"author":5,"featured_media":524651,"comment_status":"closed","ping_status":"","sticky":true,"template":"","format":"standard","meta":{"footnotes":""},"categories":[20,27],"tags":[],"class_list":["post-524650","post","type-post","status-publish","format-standard","has-post-thumbnail","hentry","category-dominicana-hoy","category-portada"],"_links":{"self":[{"href":"https:\/\/diariodominicano.com\/index.php?rest_route=\/wp\/v2\/posts\/524650","targetHints":{"allow":["GET"]}}],"collection":[{"href":"https:\/\/diariodominicano.com\/index.php?rest_route=\/wp\/v2\/posts"}],"about":[{"href":"https:\/\/diariodominicano.com\/index.php?rest_route=\/wp\/v2\/types\/post"}],"author":[{"embeddable":true,"href":"https:\/\/diariodominicano.com\/index.php?rest_route=\/wp\/v2\/users\/5"}],"replies":[{"embeddable":true,"href":"https:\/\/diariodominicano.com\/index.php?rest_route=%2Fwp%2Fv2%2Fcomments&post=524650"}],"version-history":[{"count":1,"href":"https:\/\/diariodominicano.com\/index.php?rest_route=\/wp\/v2\/posts\/524650\/revisions"}],"predecessor-version":[{"id":524652,"href":"https:\/\/diariodominicano.com\/index.php?rest_route=\/wp\/v2\/posts\/524650\/revisions\/524652"}],"wp:featuredmedia":[{"embeddable":true,"href":"https:\/\/diariodominicano.com\/index.php?rest_route=\/wp\/v2\/media\/524651"}],"wp:attachment":[{"href":"https:\/\/diariodominicano.com\/index.php?rest_route=%2Fwp%2Fv2%2Fmedia&parent=524650"}],"wp:term":[{"taxonomy":"category","embeddable":true,"href":"https:\/\/diariodominicano.com\/index.php?rest_route=%2Fwp%2Fv2%2Fcategories&post=524650"},{"taxonomy":"post_tag","embeddable":true,"href":"https:\/\/diariodominicano.com\/index.php?rest_route=%2Fwp%2Fv2%2Ftags&post=524650"}],"curies":[{"name":"wp","href":"https:\/\/api.w.org\/{rel}","templated":true}]}}