{"id":524647,"date":"2024-04-18T10:53:01","date_gmt":"2024-04-18T14:53:01","guid":{"rendered":"https:\/\/diariodominicano.com\/?p=524647"},"modified":"2024-04-18T10:53:01","modified_gmt":"2024-04-18T14:53:01","slug":"conferencia-de-las-ff-aa-centroamericanas-condecora-87-militares-dominicanos","status":"publish","type":"post","link":"https:\/\/diariodominicano.com\/?p=524647","title":{"rendered":"Conferencia de las FF.AA. Centroamericanas condecora 87 militares dominicanos"},"content":{"rendered":"\n<p>diariodominicano.com<\/p>\n\n\n\n<p>Santo Domingo, R. D., 18 de abril, 2024.-\u2002La Conferencia de las Fuerzas Armadas Centroamericanas (CFAC), condecor\u00f3 con medalla al m\u00e9rito, en distintos grados, a 87 miembros de las diferentes instituciones militares, entre los que estaban oficiales generales, superiores, subalternos, alistados y asimilados dominicanos, en una actividad encabezada por el ministro de Defensa, teniente general Carlos Luciano D\u00edaz Morfa, ERD, Oficiales del Estado Mayor General y Conjunto de las FF.AA.<\/p>\n\n\n\n<p>De manera especial, la entidad que agrupa a los ej\u00e9rcitos de Centroam\u00e9rica y Rep\u00fablica Dominicana condecor\u00f3 y reconoci\u00f3 la labor de las Unidades Humanitarias y de Rescate de las Fuerzas Armadas (UHR-CFAC), por el excelente trabajo realizado en materia de seguridad y ayuda humanitaria al pueblo dominicano.<\/p>\n\n\n\n<p>En la ceremonia, que se llev\u00f3 a cabo en el Sal\u00f3n Restauraci\u00f3n del MIDE, fue condecorado, 1 oficial con la \u201cMedalla Cruz Plata\u201d, 8 con la \u201cMedalla de Plata\u201d en tercer grado, 18 la \u201cMedalla en Operaciones Humanitarias\u201d y distintivos especiales, al igual que otros 60 oficiales de la UHR-CFAC, tambi\u00e9n fueron condecorados con medallas en distintos grados.<\/p>\n\n\n\n<p>El teniente coronel Elvis Reyes Almonte, ERD, representante de las FF.AA. de Rep\u00fablica Dominicana ante la CFAC,&nbsp;al hablar en el acto agradeci\u00f3 al \u201cDios todopoderoso y a la alta superioridad, reconocer a miembros de las Fuerzas Armadas dominicanas, que con su accionar han contribuido al logro de los objetivos trazados por esta organizaci\u00f3n, representada por nuestro ministro de Defensa, miembro del Consejo Superior y pasado presidente de la CFAC\u201d.<\/p>\n\n\n\n<p>Al finalizar el acto, el mayor general Francisco A. Ovalle Pichardo, ERD, director de la Universidad Nacional para la Defensa (UNADE) expres\u00f3 que, \u201cse reconoce los aspectos hist\u00f3ricos, culturales y sociales de la CFAC, ya que representa una gran agrupaci\u00f3n de naciones que nos une de una manera mancomunada en la lucha por la paz y seguridad de nuestros pueblos, y que desde sus or\u00edgenes ha enfrentado desaf\u00edos, luchando por la democracia, los derechos humanos y el desarrollo sostenible\u201d.<\/p>\n\n\n\n<p>Dijo, adem\u00e1s, que la CFAC es reflejo de lucha y de esfuerzos al contribuir en los acuerdos de paz que sin duda han demostrado que juntos se puede superar cualquier obst\u00e1culo, manteniendo as\u00ed, un futuro de armon\u00eda y tranquilidad para las naciones.<\/p>\n\n\n\n<p>Ovalle Pichardo indic\u00f3 que, \u201cen el momento que el ministro de Defensa asum\u00eda el cargo de presidente pro-tempore de la CFAC, lo hizo en nombre de todos los hombres y mujeres de las FF.AA. dominicanas, por lo que tuvo el compromiso de trabajar incansablemente por la seguridad, el desarrollo y la integraci\u00f3n de nuestros pa\u00edses, reconociendo de esta manera la importancia de esta misi\u00f3n que fue contribuir para mantener la paz y la democracia de la regi\u00f3n, es importante reconocer tambi\u00e9n a esos hombres y mujeres que han batallado para que esto fuera posible\u201d.<\/p>\n\n\n\n<p><strong>Sobre la CFAC<\/strong><\/p>\n\n\n\n<p>La CFAC es una organizaci\u00f3n internacional de car\u00e1cter militar, integrada por los Ej\u00e9rcitos y Fuerzas Armadas de Guatemala, El Salvador, Honduras, Nicaragua y Rep\u00fablica Dominicana, surgida en 1997 con la misi\u00f3n de contribuir con la seguridad, el desarrollo e integraci\u00f3n de la regi\u00f3n Centroamericana y el Caribe, para impulsar un esfuerzo permanente y sistem\u00e1tico de cooperaci\u00f3n, coordinaci\u00f3n y apoyo mutuo entre las Fuerzas Armadas miembros del organismo.<\/p>\n\n\n\n<p>El accionar de esta instituci\u00f3n est\u00e1 centrado en seis ejes estrat\u00e9gicos: Enfrentamiento a las amenazas emergentes, operaciones de mantenimiento de paz, operaciones de ayuda humanitaria, apoyo a la seguridad p\u00fablica, gesti\u00f3n ambiental, y cooperaci\u00f3n al desarrollo institucional.<\/p>\n\n\n\n<p>Con la creaci\u00f3n de la Organizaci\u00f3n de las Naciones Unidas en el a\u00f1o 1945, y con el surgimiento de la Liga de las Naciones como resultado del Tratado de Versalles de 1919, los Estados-naci\u00f3n signatarios de los acuerdos, est\u00e1n comprometidos a unir esfuerzos para preservar la paz y la seguridad internacionales.<\/p>\n\n\n\n<p>A partir del a\u00f1o 2007, las Fuerzas Armadas de Rep\u00fablica Dominicana, asumen la responsabilidad de formar parte de la CFAC, en procura de coadyuvar a promover un entorno favorable en la regi\u00f3n, \u201cque permita garantizar la seguridad y la convivencia pac\u00edfica de nuestros pueblos\u201d.<\/p>\n\n\n\n<figure class=\"wp-block-table\"><table><tbody><tr><td><strong>Prensa Mide<\/strong><\/td><\/tr><\/tbody><\/table><\/figure>\n\n\n\n<p><strong><em>Departamento de Prensa<\/em><\/strong><\/p>\n\n\n\n<p><em><strong>Direcci\u00f3n de Asuntos Civiles del Estado Mayor Conjunto, J5<\/strong><\/em><\/p>\n\n\n\n<p><em><strong>Ministerio de Defensa de Rep\u00fablica Dominicana<\/strong><\/em><\/p>\n","protected":false},"excerpt":{"rendered":"<p>diariodominicano.com Santo Domingo, R. D., 18 de abril, 2024.-\u2002La Conferencia de las Fuerzas Armadas Centroamericanas (CFAC), condecor\u00f3 con medalla al m\u00e9rito, en distintos grados, a 87 miembros de las diferentes instituciones militares, entre los que estaban oficiales generales, superiores, subalternos, alistados y asimilados dominicanos, en una actividad encabezada por el ministro de Defensa, teniente general [&hellip;]<\/p>\n","protected":false},"author":5,"featured_media":524648,"comment_status":"closed","ping_status":"","sticky":true,"template":"","format":"standard","meta":{"footnotes":""},"categories":[20,27],"tags":[],"class_list":["post-524647","post","type-post","status-publish","format-standard","has-post-thumbnail","hentry","category-dominicana-hoy","category-portada"],"_links":{"self":[{"href":"https:\/\/diariodominicano.com\/index.php?rest_route=\/wp\/v2\/posts\/524647","targetHints":{"allow":["GET"]}}],"collection":[{"href":"https:\/\/diariodominicano.com\/index.php?rest_route=\/wp\/v2\/posts"}],"about":[{"href":"https:\/\/diariodominicano.com\/index.php?rest_route=\/wp\/v2\/types\/post"}],"author":[{"embeddable":true,"href":"https:\/\/diariodominicano.com\/index.php?rest_route=\/wp\/v2\/users\/5"}],"replies":[{"embeddable":true,"href":"https:\/\/diariodominicano.com\/index.php?rest_route=%2Fwp%2Fv2%2Fcomments&post=524647"}],"version-history":[{"count":1,"href":"https:\/\/diariodominicano.com\/index.php?rest_route=\/wp\/v2\/posts\/524647\/revisions"}],"predecessor-version":[{"id":524649,"href":"https:\/\/diariodominicano.com\/index.php?rest_route=\/wp\/v2\/posts\/524647\/revisions\/524649"}],"wp:featuredmedia":[{"embeddable":true,"href":"https:\/\/diariodominicano.com\/index.php?rest_route=\/wp\/v2\/media\/524648"}],"wp:attachment":[{"href":"https:\/\/diariodominicano.com\/index.php?rest_route=%2Fwp%2Fv2%2Fmedia&parent=524647"}],"wp:term":[{"taxonomy":"category","embeddable":true,"href":"https:\/\/diariodominicano.com\/index.php?rest_route=%2Fwp%2Fv2%2Fcategories&post=524647"},{"taxonomy":"post_tag","embeddable":true,"href":"https:\/\/diariodominicano.com\/index.php?rest_route=%2Fwp%2Fv2%2Ftags&post=524647"}],"curies":[{"name":"wp","href":"https:\/\/api.w.org\/{rel}","templated":true}]}}