{"id":52462,"date":"2020-06-25T08:49:57","date_gmt":"2020-06-25T08:49:57","guid":{"rendered":"http:\/\/diariodominicano.ddns.net\/?p=52462"},"modified":"2020-06-25T08:49:57","modified_gmt":"2020-06-25T08:49:57","slug":"se-aplica-orden-de-espana-de-apresar-y-luego-expulsar-de-sus-colonias-a-sacerdotes-jesuitas","status":"publish","type":"post","link":"https:\/\/diariodominicano.com\/?p=52462","title":{"rendered":"Se aplica orden de Espa\u00f1a de Apresar y luego expulsar de sus colonias  a sacerdotes jesuitas"},"content":{"rendered":"<p><body><\/p>\n<p><img decoding=\"async\" src=\"img3\/jesuita ar.jpg\" \/>  <\/p>\n<p><strong>Diariodominicano.com<\/strong><\/p>\n<p><strong>Templo edificado por los jesuitas en la ciudad Colonial de Santo Domingo.<\/strong><\/p>\n<\/p>\n<p><strong>Se aplica orden de Espa\u00f1a de Apresar y luego expulsar de sus colonias  a sacerdotes jesuitas <\/strong><\/p>\n<p><strong>El d\u00eda 11 de junio de 1767, en todos los territorios de soberan\u00eda espa\u00f1ola apresaron a los jesuitas para luego ser expulsados.  Como reacci\u00f3n a la decisi\u00f3n del Rey Carlos III de Borb\u00f3n, algunos religiosos buscaron refugios en los estados pontificios y en Rusia.<\/strong><\/p>\n<p><strong>Por H\u00e9ctor Tineo Nolasco<\/strong><\/p>\n<p><strong>Diariodominicano.com<\/strong><\/p>\n<p><strong>SANTO DOMINGO, el  25 de junio de 1767<\/strong>, las autoridades coloniales de Santo Domingo ejecutaron la orden de expulsi\u00f3n de los sacerdotes jesuitas.<\/p>\n<\/p>\n<p>   \tEl d\u00eda 11 de junio de 1767, en todos los territorios de soberan\u00eda espa\u00f1ola fueron apresados los jesuitas para luego ser expulsados.  Como reacci\u00f3n a la decisi\u00f3n del Rey Carlos III de Borb\u00f3n, algunos religiosos buscaron refugios en los estados pontificios y en Rusia.<\/p>\n<\/p>\n<p>    \tAntes de que se produjera la disposici\u00f3n,  los jesuitas y los dominicos mantuvieron una disputa por el control de la educaci\u00f3n.<\/p>\n<\/p>\n<p>   \tEn el a\u00f1o 1538, los dominicos ten\u00edan la Pontificia de  Santo Tom\u00e1s de Aquino.<\/p>\n<\/p>\n<p>   \tLos jesuitas asumieron su proyecto de educaci\u00f3n  en el a\u00f1o 1701. A mediados del siglo XVIII lograron que tanto el Rey Fernando VI  como el papa Benedicto XIV les otorgasen  la licencia de erecci\u00f3n de la universidad  que llevar\u00eda el nombre de Santiago de la Paz y de Gorj\u00f3n, por hab\u00e9rseles adjudicado esa instituci\u00f3n 46 a\u00f1os antes.\t<\/p>\n<\/p>\n<p>El sacerdote Antonio Lluberes destaca que dos universidades en un espacio tan reducido como el de Santo Domingo, provocar\u00edan una serie de disputas de competencia, a veces simples pleitos de frailes, que distrajeron las energ\u00edas apost\u00f3licas de ambas congregaciones.<\/p>\n<\/p>\n<p>   \t\u00abLa primera de esas disputas surgi\u00f3 cuando los jesuitas le negaron la categor\u00eda  universitaria al  \u00abEstudio General\u00bb de los dominicos, ya que \u00e9stos no pod\u00edan presentar el original de la bula de erecci\u00f3n. Tuvo el Rey  que intervenir, y el 26 de mayo de 1747 zanj\u00f3 el asunto reconociendo el car\u00e1cter universitario de ambos centros. A\u00f1os despu\u00e9s volvi\u00f3 la disputa, y ahora ser\u00edan los dominicos los que quer\u00edan imponer los estatutos de su Universidad a la de los jesuitas. La demanda presentada ante la real Audiencia prolong\u00f3 a\u00fan m\u00e1s el pleito.<\/p>\n<\/p>\n<p>   \t\u00abNo obstante las disputas, la labor de los jesuitas  atrajo j\u00f3venes de las colonias vecinas a estudiar en su universidad; construyendo los edificios m\u00e1s grandes de la \u00e9poca: su universidad, iglesia y residencia; y mantuvieron la costumbre de dedicar parte de su personal a las misiones populares. Sin embargo, la historia de los jesuitas del per\u00edodo colonial termin\u00f3 bruscamente con su expulsi\u00f3n a mediados del siglo XVIII, cuando apenas se hab\u00eda calmado la larga disputa con los dominicos. <\/p>\n<\/p>\n<p>    \tAl tratar de encontrar una explicaci\u00f3n sobre la medida de Carlos III de Borb\u00f3n, el sacerdote jesuita Antonio Lluberes, en su obra Breve Historia de la Iglesia Dominicana 1493-1997, anota: <\/p>\n<p>\u00abEs cierto que en dos siglos de vida, los jesuitas hab\u00edan logrado \u00e9xitos apost\u00f3licos, pero tambi\u00e9n hab\u00edan desarrollado una conciencia de independencia y superioridad que les cre\u00f3  enemistades y facilit\u00f3 las cr\u00edticas.<\/p>\n<\/p>\n<p>    \t\u00abLos atacaban ante todo los fil\u00f3sofos de la ilustraci\u00f3n, pues lo consideraban la base del papado y del  r\u00e9gimen absolutista. Sin embargo, los monarcas  absolutos los consideraban demasiado independientes de sus pretensiones de control. En fin, esas ideas y sus autores conspiraron hasta lograr que en la \u00faltima etapa del drama, el Papa Clemente XIV suprimiera la Compa\u00f1\u00eda de Jes\u00fas en 1773\u00bb. <\/p>\n<\/p>\n<p>    \tAntonio Lluberes refiere que a fines del siglo XVIII, el Gobierno de los Borbones  espa\u00f1oles comenz\u00f3 a liberalizar la econom\u00eda. Se esperaban nuevos progresos, pero un c\u00famulo de hechos trastorn\u00f3 el ritmo del progreso experimentado: las guerras imperiales con Inglaterra, las sequ\u00edas de 1777 y 1780, las largas demoras del situado de M\u00e9xico y las pestes, entre otras dificultades. <\/p>\n<\/p>\n<p>   \t\u00abPor si era poco, la Revoluci\u00f3n Francesa trastocar\u00e1 el viejo orden socio-pol\u00edtico y religioso de Europa y sus colonias americanas, y por eso se puede decir que a partir de 1789 se cierra una etapa y comienza una nueva historia\u00bb.<\/p>\n<\/p>\n<h6> 2020-06-25 08:49:57 <\/h6>\n<p><!--\n<link rel=\"stylesheet\" href=\"css\/bootstrap.min.css\">\n\n\n<ul class=\"pagination\">\n\t    \n\t\n\n<li >\n\t<a href='?page_no=479'>Previous<\/a>\n\t<\/li>\n\n\n       \n    \n\n<li><a href='?page_no=1'>1<\/a><\/li>\n\n\n\n<li><a href='?page_no=2'>2<\/a><\/li>\n\n\n\n<li><a>...<\/a><\/li>\n\n\n\n<li><a href='?page_no=478'>478<\/a><\/li>\n\n\n\n<li><a href='?page_no=479'>479<\/a><\/li>\n\n\n\n<li class='active'><a>480<\/a><\/li>\n\n\n\n<li><a href='?page_no=481'>481<\/a><\/li>\n\n\n\n<li><a href='?page_no=482'>482<\/a><\/li>\n\n\n\n<li><a>...<\/a><\/li>\n\n\n\n<li><a href='?page_no=22911'>22911<\/a><\/li>\n\n\n\n<li><a href='?page_no=22912'>22912<\/a><\/li>\n\n    \n\t\n\n<li >\n\t<a href='?page_no=481'>Next<\/a>\n\t<\/li>\n\n\n    \n\n<li><a href='?page_no=22912'>Last &rsaquo;&rsaquo;<\/a><\/li>\n\n<\/ul>\n\n\n--><br \/>\n<\/body><\/p>\n","protected":false},"excerpt":{"rendered":"<p>Diariodominicano.com Templo edificado por los jesuitas en la ciudad Colonial de Santo Domingo. Se aplica orden de Espa\u00f1a de Apresar y luego expulsar de sus colonias a sacerdotes jesuitas El d\u00eda 11 de junio de 1767, en todos los territorios de soberan\u00eda espa\u00f1ola apresaron a los jesuitas para luego ser expulsados. Como reacci\u00f3n a la [&hellip;]<\/p>\n","protected":false},"author":3,"featured_media":0,"comment_status":"open","ping_status":"open","sticky":false,"template":"","format":"standard","meta":{"footnotes":""},"categories":[21],"tags":[],"class_list":["post-52462","post","type-post","status-publish","format-standard","hentry","category-cultura"],"_links":{"self":[{"href":"https:\/\/diariodominicano.com\/index.php?rest_route=\/wp\/v2\/posts\/52462","targetHints":{"allow":["GET"]}}],"collection":[{"href":"https:\/\/diariodominicano.com\/index.php?rest_route=\/wp\/v2\/posts"}],"about":[{"href":"https:\/\/diariodominicano.com\/index.php?rest_route=\/wp\/v2\/types\/post"}],"author":[{"embeddable":true,"href":"https:\/\/diariodominicano.com\/index.php?rest_route=\/wp\/v2\/users\/3"}],"replies":[{"embeddable":true,"href":"https:\/\/diariodominicano.com\/index.php?rest_route=%2Fwp%2Fv2%2Fcomments&post=52462"}],"version-history":[{"count":0,"href":"https:\/\/diariodominicano.com\/index.php?rest_route=\/wp\/v2\/posts\/52462\/revisions"}],"wp:attachment":[{"href":"https:\/\/diariodominicano.com\/index.php?rest_route=%2Fwp%2Fv2%2Fmedia&parent=52462"}],"wp:term":[{"taxonomy":"category","embeddable":true,"href":"https:\/\/diariodominicano.com\/index.php?rest_route=%2Fwp%2Fv2%2Fcategories&post=52462"},{"taxonomy":"post_tag","embeddable":true,"href":"https:\/\/diariodominicano.com\/index.php?rest_route=%2Fwp%2Fv2%2Ftags&post=52462"}],"curies":[{"name":"wp","href":"https:\/\/api.w.org\/{rel}","templated":true}]}}