{"id":524574,"date":"2024-04-17T23:53:41","date_gmt":"2024-04-18T03:53:41","guid":{"rendered":"https:\/\/diariodominicano.com\/?p=524574"},"modified":"2024-04-17T23:53:41","modified_gmt":"2024-04-18T03:53:41","slug":"filial-ny-circulo-de-locutores-dominicanos-celebrara-su-dia","status":"publish","type":"post","link":"https:\/\/diariodominicano.com\/?p=524574","title":{"rendered":"Filial NY C\u00edrculo de Locutores Dominicanos celebrar\u00e1 su d\u00eda"},"content":{"rendered":"\n<p><strong>Por Ram\u00f3n Mercedes<\/strong><\/p>\n\n\n\n<p><strong>NUEVA YORK.-<\/strong>&nbsp;La filial del C\u00edrculo de Locutores Dominicanos (CLD) en esta ciudad, presidida por Germ\u00e1n Batista (La Voz de Oro), celebrar\u00e1 el d\u00eda de los profesionales del micr\u00f3fono el pr\u00f3ximo jueves 18 en el local de la direcci\u00f3n de Cultura Dominicana, en el Alto Manhattan, a partir de las 6:00 de la tarde.<\/p>\n\n\n\n<p>Batista explic\u00f3 que ser\u00e1 una celebraci\u00f3n para festejar con los hombres y mujeres del micr\u00f3fono que dignifican el arte del buen hablar en la \u201cciudad que nunca duerme\u201d, y participar\u00e1n los artistas Sandy C Flow, Lilivet Santana, Stanli B, Mariano Cersa, Leydibell Segura \u201cLa Diva de Duverje\u201d, Anna Dom\u00ednguez, El Angelito de la Bachata, y F\u00e9nix \u201cLa Diva del Merengue\u201d, entre otros.<\/p>\n\n\n\n<p>La actividad ser\u00e1 transmitida en vivo por Canal Am\u00e9rica. Para m\u00e1s informaci\u00f3n llamar al (646)-533-3153.<\/p>\n\n\n\n<p>Los profesionales de la palabra hablada celebran su d\u00eda por una orden del entonces presidente Joaqu\u00edn Balaguer, al proclamarlo mediante el Decreto N\u00famero 4476 en el 1974.<\/p>\n","protected":false},"excerpt":{"rendered":"<p>Por Ram\u00f3n Mercedes NUEVA YORK.-&nbsp;La filial del C\u00edrculo de Locutores Dominicanos (CLD) en esta ciudad, presidida por Germ\u00e1n Batista (La Voz de Oro), celebrar\u00e1 el d\u00eda de los profesionales del micr\u00f3fono el pr\u00f3ximo jueves 18 en el local de la direcci\u00f3n de Cultura Dominicana, en el Alto Manhattan, a partir de las 6:00 de la [&hellip;]<\/p>\n","protected":false},"author":28,"featured_media":524575,"comment_status":"closed","ping_status":"","sticky":false,"template":"","format":"standard","meta":{"footnotes":""},"categories":[36,25],"tags":[],"class_list":["post-524574","post","type-post","status-publish","format-standard","has-post-thumbnail","hentry","category-hombresmujeresycosas","category-gente"],"_links":{"self":[{"href":"https:\/\/diariodominicano.com\/index.php?rest_route=\/wp\/v2\/posts\/524574","targetHints":{"allow":["GET"]}}],"collection":[{"href":"https:\/\/diariodominicano.com\/index.php?rest_route=\/wp\/v2\/posts"}],"about":[{"href":"https:\/\/diariodominicano.com\/index.php?rest_route=\/wp\/v2\/types\/post"}],"author":[{"embeddable":true,"href":"https:\/\/diariodominicano.com\/index.php?rest_route=\/wp\/v2\/users\/28"}],"replies":[{"embeddable":true,"href":"https:\/\/diariodominicano.com\/index.php?rest_route=%2Fwp%2Fv2%2Fcomments&post=524574"}],"version-history":[{"count":1,"href":"https:\/\/diariodominicano.com\/index.php?rest_route=\/wp\/v2\/posts\/524574\/revisions"}],"predecessor-version":[{"id":524576,"href":"https:\/\/diariodominicano.com\/index.php?rest_route=\/wp\/v2\/posts\/524574\/revisions\/524576"}],"wp:featuredmedia":[{"embeddable":true,"href":"https:\/\/diariodominicano.com\/index.php?rest_route=\/wp\/v2\/media\/524575"}],"wp:attachment":[{"href":"https:\/\/diariodominicano.com\/index.php?rest_route=%2Fwp%2Fv2%2Fmedia&parent=524574"}],"wp:term":[{"taxonomy":"category","embeddable":true,"href":"https:\/\/diariodominicano.com\/index.php?rest_route=%2Fwp%2Fv2%2Fcategories&post=524574"},{"taxonomy":"post_tag","embeddable":true,"href":"https:\/\/diariodominicano.com\/index.php?rest_route=%2Fwp%2Fv2%2Ftags&post=524574"}],"curies":[{"name":"wp","href":"https:\/\/api.w.org\/{rel}","templated":true}]}}