{"id":524568,"date":"2024-04-17T23:49:41","date_gmt":"2024-04-18T03:49:41","guid":{"rendered":"https:\/\/diariodominicano.com\/?p=524568"},"modified":"2024-04-17T23:49:41","modified_gmt":"2024-04-18T03:49:41","slug":"el-pacha-oficial-celebra-en-ny-su-primer-aniversario","status":"publish","type":"post","link":"https:\/\/diariodominicano.com\/?p=524568","title":{"rendered":"\u201cEl Pacha Oficial\u201d celebra en NY su primer aniversario"},"content":{"rendered":"\n<p><strong>Por Ram\u00f3n Mercedes<\/strong><\/p>\n\n\n\n<p><strong>NUEVA YORK.-<\/strong>&nbsp;El programa \u201cEl Pacha Oficial\u201d, que produce Frederick Mart\u00ednez, visto en vivo en todo Estados Unidos, la RD y otros pa\u00edses, celebr\u00f3 por todo lo alto su primer aniversario en un restaurant de El Bronx, con la asistencia de artistas, empresarios, periodistas, dirigentes pol\u00edticos, profesionales y productores de programas de paneles TV, entre otros.<\/p>\n\n\n\n<p>El mismo se considera entre los de mayor cobertura en NY, Nueva Jersey, Connecticut y Pensilvania, entre otros estados en territorio estadounidense. Asimismo, en varios pa\u00edses donde es retransmitido, de lunes a viernes, de 7:00 a 8:00 de la noche por Visi\u00f3n Global TV.<\/p>\n\n\n\n<p>Adem\u00e1s, se puede observar por 424 del TeleCable WINDTVO, 92 en Viva Live, 12.5 en XPro.&nbsp;Las plataformas Amazon Tv, Dominican Channels, TeleCaribe, Dominican Networks, Radio Tv RD, Dominican Tv. En las redes sociales = Facebook, YouTube, Instagram, Twitter, Google Play, Apple Store.<\/p>\n\n\n\n<p>\u201cEl Pacha Oficial\u201d desglosa informaciones de mayor inter\u00e9s para los que viven en la Gran Manzana, en el aspecto art\u00edstico, deportivo, pol\u00edtico, social, cultural y entretenimiento.<\/p>\n\n\n\n<p>Por el mismo han desfilado figuras como Jossie Esteban, Eddy Herrera, Rafa Rosario, Joe Veras, Felipe Polanco (Boruga), entre otros.<\/p>\n\n\n\n<p>Por su parte, El Pacha dijo sentirse satisfecho, al igual que de su productora Katty de los Santos, por la amplia acogida que tiene su producci\u00f3n.<\/p>\n\n\n\n<p>A su primer aniversario, asistieron los humoristas Raymond &amp; Pozo, los artistas Ra\u00fal Acosta, Mala F\u00e9, Nelson Javier (El Cocodrilo), el dise\u00f1ador Mart\u00edn Polanco, Roberto Tineo, s\u00edmbolo de la comunicaci\u00f3n radial; Peter Acevedo y Eric Guti\u00e9rrez, director de Visi\u00f3n Global TV, entre otros. El evento se llev\u00f3 a cabo el pasado fin de semana.<\/p>\n","protected":false},"excerpt":{"rendered":"<p>Por Ram\u00f3n Mercedes NUEVA YORK.-&nbsp;El programa \u201cEl Pacha Oficial\u201d, que produce Frederick Mart\u00ednez, visto en vivo en todo Estados Unidos, la RD y otros pa\u00edses, celebr\u00f3 por todo lo alto su primer aniversario en un restaurant de El Bronx, con la asistencia de artistas, empresarios, periodistas, dirigentes pol\u00edticos, profesionales y productores de programas de paneles [&hellip;]<\/p>\n","protected":false},"author":28,"featured_media":524569,"comment_status":"closed","ping_status":"","sticky":false,"template":"","format":"standard","meta":{"footnotes":""},"categories":[36,25,23],"tags":[],"class_list":["post-524568","post","type-post","status-publish","format-standard","has-post-thumbnail","hentry","category-hombresmujeresycosas","category-gente","category-internacional"],"_links":{"self":[{"href":"https:\/\/diariodominicano.com\/index.php?rest_route=\/wp\/v2\/posts\/524568","targetHints":{"allow":["GET"]}}],"collection":[{"href":"https:\/\/diariodominicano.com\/index.php?rest_route=\/wp\/v2\/posts"}],"about":[{"href":"https:\/\/diariodominicano.com\/index.php?rest_route=\/wp\/v2\/types\/post"}],"author":[{"embeddable":true,"href":"https:\/\/diariodominicano.com\/index.php?rest_route=\/wp\/v2\/users\/28"}],"replies":[{"embeddable":true,"href":"https:\/\/diariodominicano.com\/index.php?rest_route=%2Fwp%2Fv2%2Fcomments&post=524568"}],"version-history":[{"count":1,"href":"https:\/\/diariodominicano.com\/index.php?rest_route=\/wp\/v2\/posts\/524568\/revisions"}],"predecessor-version":[{"id":524570,"href":"https:\/\/diariodominicano.com\/index.php?rest_route=\/wp\/v2\/posts\/524568\/revisions\/524570"}],"wp:featuredmedia":[{"embeddable":true,"href":"https:\/\/diariodominicano.com\/index.php?rest_route=\/wp\/v2\/media\/524569"}],"wp:attachment":[{"href":"https:\/\/diariodominicano.com\/index.php?rest_route=%2Fwp%2Fv2%2Fmedia&parent=524568"}],"wp:term":[{"taxonomy":"category","embeddable":true,"href":"https:\/\/diariodominicano.com\/index.php?rest_route=%2Fwp%2Fv2%2Fcategories&post=524568"},{"taxonomy":"post_tag","embeddable":true,"href":"https:\/\/diariodominicano.com\/index.php?rest_route=%2Fwp%2Fv2%2Ftags&post=524568"}],"curies":[{"name":"wp","href":"https:\/\/api.w.org\/{rel}","templated":true}]}}