{"id":52450,"date":"2020-06-25T09:01:41","date_gmt":"2020-06-25T09:01:41","guid":{"rendered":"http:\/\/diariodominicano.ddns.net\/?p=52450"},"modified":"2020-06-25T09:01:41","modified_gmt":"2020-06-25T09:01:41","slug":"trujillo-avanza-en-plan-de-exterminio-contra-los-expedicionarios-del-14-de-junio-de-1959","status":"publish","type":"post","link":"https:\/\/diariodominicano.com\/?p=52450","title":{"rendered":"Trujillo avanza en plan de exterminio contra los expedicionarios del 14 de junio de 1959"},"content":{"rendered":"<p><body><\/p>\n<p><img decoding=\"async\" src=\"img3\/trujillo.jpg.jpg\" \/>  <\/p>\n<p><strong>Diariodominicano.com<\/strong><\/p>\n<p><strong> Trujillo avanza en plan de exterminio contra los expedicionarios del 14 de junio de 1959<\/strong><\/p>\n<p><strong>Por HTN<\/strong><\/p>\n<p><strong>Diariodominicano.com<\/strong><\/p>\n<p><strong>SANTO DOMINGO, el 25 de junio de 1959, l<\/strong>as Fuerzas Armadas continuaron las acciones militares para eliminar a  los expedicionarios de 1959  que a\u00fan sobreviv\u00edan en condiciones dif\u00edciles por el hambre, la sed y el agotamiento.<\/p>\n<\/p>\n<p>   \tEl 25 de junio, a las  3 de la tarde, el teniente coronel Renato Hungr\u00eda Morel, Ej\u00e9rcito Nacional, inform\u00f3 a sus superiores que en la secci\u00f3n Maim\u00f3n, mediante combate con los enemigos, hab\u00edan capturado gravemente herido al invasor Sergio Manuel Iidefonso (Capor\u00ed)<\/p>\n<\/p>\n<p>    \tAsimismo, el teniente coronel Renato Hungr\u00eda Morel precis\u00f3 que resultaron heridos los rasos Pedro Alfonso Beras Toribio  y Guarionex G\u00f3mez, Ej\u00e9rcito Nacional.<\/p>\n<\/p>\n<p>   \tEn los informes militares sobre las acciones contra los expedicionarios con frecuencia se los denominaba como invasores o barbudos.<\/p>\n<\/p>\n<p>   \tEl primer grupo de los expedicionarios lleg\u00f3 al pa\u00eds el 14 de junio de 1959, cuando aterriz\u00f3 en Constanza,  el  avi\u00f3n  Curtis  C-46, que trajo  a  54 expedicionarios  que ten\u00edan el  prop\u00f3sito de llevar a cabo una lucha armada para acabar con la dictadura de Trujillo y  formar un Gobierno democr\u00e1tico.<\/p>\n<\/p>\n<p>    \tLos dem\u00e1s expedicionarios llegaron por Maim\u00f3n y Estero Hondo, el 20 de junio de 1959, en las lanchas Carmen Elsa y La Tinima.<\/p>\n<\/p>\n<p>   \tLa Carmen Elsa fue destrozada por un bombardeo de la Marina de Guerra, al localizarla en aguas del Atl\u00e1ntico, en Maim\u00f3n.<\/p>\n<\/p>\n<p>   \tEl grupo que ven\u00eda en La Tinima logr\u00f3 desembarcar por Estero Hondo.<\/p>\n<\/p>\n<p>    \tLos expedicionarios recibieron entrenamientos militares en el  campamento de \u00abMil Cumbres\u00bb, situado en un valle de  la \u00abSierra de los \u00d3rganos\u00bb, en la parte occidental de Cuba. <\/p>\n<\/p>\n<p>   \tDe los expedicionarios de junio de 1959, es decir, los que llegaron por Constanza,  el d\u00eda  14 de junio de 1959 y los que vinieron  por Maim\u00f3n y Estero Hondo, el 20 de junio de 1959, sobrevivieron los dominicanos Poncio Pou  Saleta, Mayovanex Vargas y Francisco Medardo Germ\u00e1n, as\u00ed como los cubanos Delio G\u00f3mez Ochoa y Pablito Mirabal, quienes salieron del pa\u00eds en 1961.<\/p>\n<\/p>\n<p>       Otro dominicano sobreviviente fue Gonzalo Almonte Pacheco, pero desaparecido en la ciudad de Santo Domingo, por agentes de la dictadura de Trujillo.<\/p>\n<\/p>\n<p>   \tLos dem\u00e1s cayeron en los frentes de batalla y la mayor\u00eda fusilados en la  Base A\u00e9rea de San Isidro, por una disposici\u00f3n del jefe del Estado Mayor Conjunto, Rafael Le\u00f3nitas  (Ramfis) Trujillo Mart\u00ednez.<\/p>\n<\/p>\n<h6> 2020-06-25 09:01:41 <\/h6>\n<p><!--\n<link rel=\"stylesheet\" href=\"css\/bootstrap.min.css\">\n\n\n<ul class=\"pagination\">\n\t    \n\t\n\n<li >\n\t<a href='?page_no=478'>Previous<\/a>\n\t<\/li>\n\n\n       \n    \n\n<li><a href='?page_no=1'>1<\/a><\/li>\n\n\n\n<li><a href='?page_no=2'>2<\/a><\/li>\n\n\n\n<li><a>...<\/a><\/li>\n\n\n\n<li><a href='?page_no=477'>477<\/a><\/li>\n\n\n\n<li><a href='?page_no=478'>478<\/a><\/li>\n\n\n\n<li class='active'><a>479<\/a><\/li>\n\n\n\n<li><a href='?page_no=480'>480<\/a><\/li>\n\n\n\n<li><a href='?page_no=481'>481<\/a><\/li>\n\n\n\n<li><a>...<\/a><\/li>\n\n\n\n<li><a href='?page_no=22911'>22911<\/a><\/li>\n\n\n\n<li><a href='?page_no=22912'>22912<\/a><\/li>\n\n    \n\t\n\n<li >\n\t<a href='?page_no=480'>Next<\/a>\n\t<\/li>\n\n\n    \n\n<li><a href='?page_no=22912'>Last &rsaquo;&rsaquo;<\/a><\/li>\n\n<\/ul>\n\n\n--><br \/>\n<\/body><\/p>\n","protected":false},"excerpt":{"rendered":"<p>Diariodominicano.com Trujillo avanza en plan de exterminio contra los expedicionarios del 14 de junio de 1959 Por HTN Diariodominicano.com SANTO DOMINGO, el 25 de junio de 1959, las Fuerzas Armadas continuaron las acciones militares para eliminar a los expedicionarios de 1959 que a\u00fan sobreviv\u00edan en condiciones dif\u00edciles por el hambre, la sed y el agotamiento. [&hellip;]<\/p>\n","protected":false},"author":3,"featured_media":0,"comment_status":"open","ping_status":"open","sticky":false,"template":"","format":"standard","meta":{"footnotes":""},"categories":[21],"tags":[],"class_list":["post-52450","post","type-post","status-publish","format-standard","hentry","category-cultura"],"_links":{"self":[{"href":"https:\/\/diariodominicano.com\/index.php?rest_route=\/wp\/v2\/posts\/52450","targetHints":{"allow":["GET"]}}],"collection":[{"href":"https:\/\/diariodominicano.com\/index.php?rest_route=\/wp\/v2\/posts"}],"about":[{"href":"https:\/\/diariodominicano.com\/index.php?rest_route=\/wp\/v2\/types\/post"}],"author":[{"embeddable":true,"href":"https:\/\/diariodominicano.com\/index.php?rest_route=\/wp\/v2\/users\/3"}],"replies":[{"embeddable":true,"href":"https:\/\/diariodominicano.com\/index.php?rest_route=%2Fwp%2Fv2%2Fcomments&post=52450"}],"version-history":[{"count":1,"href":"https:\/\/diariodominicano.com\/index.php?rest_route=\/wp\/v2\/posts\/52450\/revisions"}],"predecessor-version":[{"id":281080,"href":"https:\/\/diariodominicano.com\/index.php?rest_route=\/wp\/v2\/posts\/52450\/revisions\/281080"}],"wp:attachment":[{"href":"https:\/\/diariodominicano.com\/index.php?rest_route=%2Fwp%2Fv2%2Fmedia&parent=52450"}],"wp:term":[{"taxonomy":"category","embeddable":true,"href":"https:\/\/diariodominicano.com\/index.php?rest_route=%2Fwp%2Fv2%2Fcategories&post=52450"},{"taxonomy":"post_tag","embeddable":true,"href":"https:\/\/diariodominicano.com\/index.php?rest_route=%2Fwp%2Fv2%2Ftags&post=52450"}],"curies":[{"name":"wp","href":"https:\/\/api.w.org\/{rel}","templated":true}]}}