{"id":524405,"date":"2024-04-17T21:50:48","date_gmt":"2024-04-18T01:50:48","guid":{"rendered":"https:\/\/diariodominicano.com\/?p=524405"},"modified":"2024-04-17T21:50:48","modified_gmt":"2024-04-18T01:50:48","slug":"cuarta-temporada-de-las-conversaciones-con-la-diaspora","status":"publish","type":"post","link":"https:\/\/diariodominicano.com\/?p=524405","title":{"rendered":"Cuarta Temporada de las \u201cConversaciones con la Di\u00e1spora\u201d\u00a0"},"content":{"rendered":"\n<p>Tampa, Florida. _ <\/p>\n\n\n\n<p>Hace cinco a\u00f1os, Diaspora &amp; Development Foundation -DDF cre\u00f3 las \u201cConversaciones con la Di\u00e1spora\u201d, un programa de aproximaci\u00f3n comunitaria, que relata las historias de inmigrantes dominicanos que residen en Estados Unidos. Los protagonistas vienen de todos los caminos de la vida. Individuos que a diario hacen Patria en casa ajena sin ruido, ni ostentaci\u00f3n. Sin ganas de protagonismo, proyecci\u00f3n y sin plataforma. Historias con ense\u00f1anzas, digna de compartir, llena de gente que a diario lucha por el bienestar de su nueva comunidad, sin dejar a un lado la esperanza de poder impactar su pa\u00eds de origen.&nbsp;<\/p>\n\n\n\n<p>En esta cuarta edici\u00f3n, las conversaciones est\u00e1n a cargo de Carolin Guerra, una joven dominicana que habita en la ciudad de Tampa, en el Estado de la Florida y que con frecuencia participa en las actividades y programas de la fundaci\u00f3n. Es una profesional egresada de la Pontificia Universidad Cat\u00f3lica Madre y Maestra con maestr\u00eda en administraci\u00f3n de empresas y negocios internacionales.&nbsp;<\/p>\n\n\n\n<p>\u201cConoc\u00ed entre los trabajos de DDF, que m\u00e1s all\u00e1 de ejercitar estudios o proponer iniciativas, era importante tambi\u00e9n, conocer las vivencias de los miembros de nuestra comunidad. Ese toque particular de estar al tanto de las experiencias de otros, fortalece la di\u00e1spora a la que pertenecemos\u201d, relata Guerra. Y nos agrega que, valora \u201cla oportunidad de contar las historias de otros que, como yo, vinieron cargados de sue\u00f1os y esperanzas.\u201d&nbsp;&nbsp;<\/p>\n\n\n\n<p>Con esta nueva temporada, se reafirma el inter\u00e9s de la fundaci\u00f3n, de que nuevas caras asuman el compromiso de relevo de nuestras instituciones y los trabajos que ejercitamos. \u201cEs un gran compromiso con el presente, que respeta su pasado y ve esperanza en su futuro. Y yo espero compartir valiosas conversaciones, tal como se visualizaron desde un inicio\u201d, nos fija Carolin.<\/p>\n\n\n\n<p>As\u00ed como en las primeras, en estas conversaciones tambi\u00e9n se proyectar\u00e1n historias de superaci\u00f3n, de nostalgia y de experiencias que ayudar\u00e1n a otros inmigrantes dominicanos a superar ese dif\u00edcil periodo de ajuste sobre su nueva realidad y naci\u00f3n. \u201cEstos intercambios tambi\u00e9n nos animar\u00e1n a crecer sin miedo de perder nuestra identidad. Confiados de que podemos echar ra\u00edces en este pa\u00eds, sin sentido de culpa\u201d, nos confirma la joven de Villa Isabela, Puerto Plata.<\/p>\n\n\n\n<p>Diaspora &amp; Development Foundation reconoce que hay una gran contribuci\u00f3n, en cada una de estas cr\u00f3nicas. Y un mayor compromiso con las lecciones proyectadas. Que los intercambios puedan verse a trav\u00e9s del lente de una peluquera o un bodeguero; de un gerente o un maletero; de un mec\u00e1nico o un estudiante. Y que las historias sirvan de gu\u00eda a lo que puedes aspirar.&nbsp;<\/p>\n\n\n\n<p>Carolin insiste en que esta cuarta temporada, seguir\u00e1n conociendo tal como en las originarias, intercambios que dieron paso a la fundaci\u00f3n que las patrocina hoy. Escuchando, recordando, iluminando y compartiendo a trav\u00e9s del lente de un inmigrante que quiere darle voz a la experiencia de los miembros de la di\u00e1spora a la que pertenece.<\/p>\n\n\n\n<p>Carolin Guerra vive en Tampa, ciudad del Estado de la Florida, en Estados Unidos. Acomp\u00e1\u00f1ala el ultimo martes de cada mes. Por este medio y por las plataformas sociales y p\u00e1gina web de la fundaci\u00f3n, diasporadevelopment.org<\/p>\n\n\n\n<p><em>Diaspora &amp; Development Foundation <\/em><em>es un Think-Tank sin fines de lucro, creado en el 2019 con la misi\u00f3n de elevar las di\u00e1sporas latinoamericanas en los Estados Unidos y brindar oportunidades para apoyar la conexi\u00f3n con sus pa\u00edses de origen.<\/em><\/p>\n\n\n\n<p><em><br><\/em><em>Prosperamos en la creaci\u00f3n de pol\u00edticas, espacios e iniciativas inclusivas, disruptivas y transformadoras para impulsar el potencial y la potestad de las di\u00e1sporas latinoamericanas en los Estados Unidos, tanto empoder\u00e1ndolas aqu\u00ed como facilitando oportunidades para apoyar a sus naciones de origen.<\/em><\/p>\n\n\n\n<p><a href=\"mailto:rrpoum@gmail.com\"><em>rrpoum@gmail.com<\/em><\/a><em> <\/em><em>\u00a0<\/em><\/p>\n","protected":false},"excerpt":{"rendered":"<p>Tampa, Florida. _ Hace cinco a\u00f1os, Diaspora &amp; Development Foundation -DDF cre\u00f3 las \u201cConversaciones con la Di\u00e1spora\u201d, un programa de aproximaci\u00f3n comunitaria, que relata las historias de inmigrantes dominicanos que residen en Estados Unidos. Los protagonistas vienen de todos los caminos de la vida. Individuos que a diario hacen Patria en casa ajena sin ruido, [&hellip;]<\/p>\n","protected":false},"author":7,"featured_media":524463,"comment_status":"closed","ping_status":"closed","sticky":true,"template":"","format":"standard","meta":{"footnotes":""},"categories":[25,27],"tags":[],"class_list":["post-524405","post","type-post","status-publish","format-standard","has-post-thumbnail","hentry","category-gente","category-portada"],"_links":{"self":[{"href":"https:\/\/diariodominicano.com\/index.php?rest_route=\/wp\/v2\/posts\/524405","targetHints":{"allow":["GET"]}}],"collection":[{"href":"https:\/\/diariodominicano.com\/index.php?rest_route=\/wp\/v2\/posts"}],"about":[{"href":"https:\/\/diariodominicano.com\/index.php?rest_route=\/wp\/v2\/types\/post"}],"author":[{"embeddable":true,"href":"https:\/\/diariodominicano.com\/index.php?rest_route=\/wp\/v2\/users\/7"}],"replies":[{"embeddable":true,"href":"https:\/\/diariodominicano.com\/index.php?rest_route=%2Fwp%2Fv2%2Fcomments&post=524405"}],"version-history":[{"count":1,"href":"https:\/\/diariodominicano.com\/index.php?rest_route=\/wp\/v2\/posts\/524405\/revisions"}],"predecessor-version":[{"id":524493,"href":"https:\/\/diariodominicano.com\/index.php?rest_route=\/wp\/v2\/posts\/524405\/revisions\/524493"}],"wp:featuredmedia":[{"embeddable":true,"href":"https:\/\/diariodominicano.com\/index.php?rest_route=\/wp\/v2\/media\/524463"}],"wp:attachment":[{"href":"https:\/\/diariodominicano.com\/index.php?rest_route=%2Fwp%2Fv2%2Fmedia&parent=524405"}],"wp:term":[{"taxonomy":"category","embeddable":true,"href":"https:\/\/diariodominicano.com\/index.php?rest_route=%2Fwp%2Fv2%2Fcategories&post=524405"},{"taxonomy":"post_tag","embeddable":true,"href":"https:\/\/diariodominicano.com\/index.php?rest_route=%2Fwp%2Fv2%2Ftags&post=524405"}],"curies":[{"name":"wp","href":"https:\/\/api.w.org\/{rel}","templated":true}]}}