{"id":52439,"date":"2020-06-25T11:19:23","date_gmt":"2020-06-25T11:19:23","guid":{"rendered":"http:\/\/diariodominicano.ddns.net\/?p=52439"},"modified":"2020-06-25T11:19:23","modified_gmt":"2020-06-25T11:19:23","slug":"torre-eiffel-reabre-al-publico-el-principal-simbolo-de-paris","status":"publish","type":"post","link":"https:\/\/diariodominicano.com\/?p=52439","title":{"rendered":"Torre Eiffel, reabre al p\u00fablico el principal s\u00edmbolo de Par\u00eds"},"content":{"rendered":"<p><body><\/p>\n<p><img decoding=\"async\" src=\"img3\/Torre-Eiffel25-6-20.jpg\" \/>  <\/p>\n<p><span class=\"text1noticias\">   <\/span><\/p>\n<p><span class=\"text1noticias\">diariodominicano.com<\/span><\/p>\n<p><span class=\"text1noticias\"> <\/span><\/p>\n<p><span class=\"text1noticias\">Par\u00eds, 25 jun (Prensa Latina) Despu\u00e9s de m\u00e1s de tres meses cerrada por el impacto de la Covid-19, la Torre Eiffel reabre hoy al p\u00fablico en esta capital con algunas limitaciones y el uso obligatorio de m\u00e1scaras.<\/span><\/p>\n<p><span class=\"text1noticias\"> <\/span><\/p>\n<p><span class=\"text1noticias\">La dama de hierro de 131 a\u00f1os y 324 metros de altura no tendr\u00e1 en principio a turistas de todo el mundo desplaz\u00e1ndose por su imponente estructura, ante el a\u00fan vigente cierre de fronteras por el planeta.<\/span><\/p>\n<p><span class=\"text1noticias\"> <\/span><\/p>\n<p><span class=\"text1noticias\">Tampoco podr\u00e1 accederse a su cima, con los niveles uno y dos disponibles, pero sin posibilidad de utilizar el elevador en esta primera semana, la cual marca el regreso a la actividad del \u00edcono parisino, que suele acoger a m\u00e1s de siete millones de visitantes al a\u00f1o, el 75 por ciento extranjeros.<\/span><\/p>\n<p><span class=\"text1noticias\"> <\/span><\/p>\n<p><span class=\"text1noticias\">Claro que en 2020 no ver\u00e1 esa cifra de personas, despu\u00e9s de que el 13 de marzo el espectacular mirador dise\u00f1ado por Gustave Eiffel para la Exposici\u00f3n Universal de Par\u00eds de 1889 dejara de recibir p\u00fablico por el azote de la pandemia.<\/span><\/p>\n<p><span class=\"text1noticias\"> <\/span><\/p>\n<p><span class=\"text1noticias\">Seg\u00fan la encargada de Comunicaci\u00f3n del coloso, Victoria Klahr, la reapertura ser\u00e1 bien progresiva, y la semana del 25 al 30 de junio clave para evaluar las acciones de protecci\u00f3n de los trabajadores y los visitantes.<\/span><\/p>\n<p><span class=\"text1noticias\"> <\/span><\/p>\n<p><span class=\"text1noticias\">En tiempos normales tenemos hasta dos mil personas en el primer piso, pero por el momento solo ser\u00e1n 750, mientras en el segundo estar\u00edan 700, en lugar de las mil 200 habituales, explic\u00f3 citada por el diario Le Figaro.<\/span><\/p>\n<p><span class=\"text1noticias\"> <\/span><\/p>\n<p><span class=\"text1noticias\">Adem\u00e1s del uso obligatorio de m\u00e1scaras para los mayores de 11 a\u00f1os, en la Torre Eiffel se ubicaron una treintena de puntos con gel hidroalcoh\u00f3lico y colocaron se\u00f1ales para garantizar la distanciaci\u00f3n social.<\/span><\/p>\n<p><span class=\"text1noticias\"> <\/span><\/p>\n<p><span class=\"text1noticias\">La venta de boletos comenz\u00f3 en l\u00ednea el 18 de junio, con entradas disponibles hasta el 31 de julio y una fuerte recomendaci\u00f3n de utilizar esta v\u00eda, en aras de evitar aglomeraciones en las taquillas de la dama de hierro que rinde a sus pies al r\u00edo Sena.<\/span><\/p>\n<p><span class=\"text1noticias\"> <\/span><\/p>\n<p><span class=\"text1noticias\">mem\/wmr\/cvl<\/span><\/p>\n<p><span class=\"text1noticias\">FotosPL: Ilean<\/span>a Pi\u00f1eiro<\/p>\n<h6> 2020-06-25 11:19:23 <\/h6>\n<p><!--\n<link rel=\"stylesheet\" href=\"css\/bootstrap.min.css\">\n\n\n<ul class=\"pagination\">\n\t    \n\t\n\n<li >\n\t<a href='?page_no=477'>Previous<\/a>\n\t<\/li>\n\n\n       \n    \n\n<li><a href='?page_no=1'>1<\/a><\/li>\n\n\n\n<li><a href='?page_no=2'>2<\/a><\/li>\n\n\n\n<li><a>...<\/a><\/li>\n\n\n\n<li><a href='?page_no=476'>476<\/a><\/li>\n\n\n\n<li><a href='?page_no=477'>477<\/a><\/li>\n\n\n\n<li class='active'><a>478<\/a><\/li>\n\n\n\n<li><a href='?page_no=479'>479<\/a><\/li>\n\n\n\n<li><a href='?page_no=480'>480<\/a><\/li>\n\n\n\n<li><a>...<\/a><\/li>\n\n\n\n<li><a href='?page_no=22911'>22911<\/a><\/li>\n\n\n\n<li><a href='?page_no=22912'>22912<\/a><\/li>\n\n    \n\t\n\n<li >\n\t<a href='?page_no=479'>Next<\/a>\n\t<\/li>\n\n\n    \n\n<li><a href='?page_no=22912'>Last &rsaquo;&rsaquo;<\/a><\/li>\n\n<\/ul>\n\n\n--><br \/>\n<\/body><\/p>\n","protected":false},"excerpt":{"rendered":"<p>diariodominicano.com Par\u00eds, 25 jun (Prensa Latina) Despu\u00e9s de m\u00e1s de tres meses cerrada por el impacto de la Covid-19, la Torre Eiffel reabre hoy al p\u00fablico en esta capital con algunas limitaciones y el uso obligatorio de m\u00e1scaras. La dama de hierro de 131 a\u00f1os y 324 metros de altura no tendr\u00e1 en principio a [&hellip;]<\/p>\n","protected":false},"author":3,"featured_media":0,"comment_status":"open","ping_status":"open","sticky":false,"template":"","format":"standard","meta":{"footnotes":""},"categories":[21],"tags":[],"class_list":["post-52439","post","type-post","status-publish","format-standard","hentry","category-cultura"],"_links":{"self":[{"href":"https:\/\/diariodominicano.com\/index.php?rest_route=\/wp\/v2\/posts\/52439","targetHints":{"allow":["GET"]}}],"collection":[{"href":"https:\/\/diariodominicano.com\/index.php?rest_route=\/wp\/v2\/posts"}],"about":[{"href":"https:\/\/diariodominicano.com\/index.php?rest_route=\/wp\/v2\/types\/post"}],"author":[{"embeddable":true,"href":"https:\/\/diariodominicano.com\/index.php?rest_route=\/wp\/v2\/users\/3"}],"replies":[{"embeddable":true,"href":"https:\/\/diariodominicano.com\/index.php?rest_route=%2Fwp%2Fv2%2Fcomments&post=52439"}],"version-history":[{"count":0,"href":"https:\/\/diariodominicano.com\/index.php?rest_route=\/wp\/v2\/posts\/52439\/revisions"}],"wp:attachment":[{"href":"https:\/\/diariodominicano.com\/index.php?rest_route=%2Fwp%2Fv2%2Fmedia&parent=52439"}],"wp:term":[{"taxonomy":"category","embeddable":true,"href":"https:\/\/diariodominicano.com\/index.php?rest_route=%2Fwp%2Fv2%2Fcategories&post=52439"},{"taxonomy":"post_tag","embeddable":true,"href":"https:\/\/diariodominicano.com\/index.php?rest_route=%2Fwp%2Fv2%2Ftags&post=52439"}],"curies":[{"name":"wp","href":"https:\/\/api.w.org\/{rel}","templated":true}]}}