{"id":524323,"date":"2024-04-17T12:56:15","date_gmt":"2024-04-17T16:56:15","guid":{"rendered":"https:\/\/diariodominicano.com\/?p=524323"},"modified":"2024-04-17T12:56:15","modified_gmt":"2024-04-17T16:56:15","slug":"rd-destaca-impulso-energias-renovables-para-reducir-dependencia-de-combustibles-fosiles","status":"publish","type":"post","link":"https:\/\/diariodominicano.com\/?p=524323","title":{"rendered":"RD destaca impulso energ\u00edas renovables para reducir dependencia de combustibles f\u00f3siles"},"content":{"rendered":"\n<p>diariodominicano.com<\/p>\n\n\n\n<p>Abu Dhabi, Emiratos \u00c1rabes Unidos, 17 de abril, 2024.- El viceministro de Energ\u00eda,\u00a0<strong>Rafael G\u00f3mez<\/strong>, particip\u00f3 aqu\u00ed en la\u00a0<strong>14.\u00aa Asamblea Internacional de Energ\u00edas Renovables (Irena)<\/strong>, donde destac\u00f3 que\u00a0<strong>Rep\u00fablica Dominicana<\/strong>\u00a0impulsa las energ\u00edas renovables para reducir la dependencia de los combustibles f\u00f3siles y tener un\u00a0<strong>sistema energ\u00e9tico m\u00e1s sostenible y resiliente.<\/strong><\/p>\n\n\n\n<p>La asamblea se lleva a cabo desde el 16 hasta el 17 de este mes y re\u00fane a&nbsp;<strong>l\u00edderes mundiales y tomadores de decisiones<\/strong>&nbsp;energ\u00e9ticas, para abordar diversos temas relacionados con la energ\u00eda renovable. Durante su participaci\u00f3n, el funcionario dominicano asegur\u00f3 que, en esta \u00e9poca de volatilidad de los combustibles, el desarrollo de energ\u00edas renovables es el camino de Rep\u00fablica Dominicana para avanzar en la&nbsp;<strong>independencia energ\u00e9tica<\/strong>&nbsp;y en la&nbsp;<strong>seguridad del suministro.<\/strong><\/p>\n\n\n\n<p>En el marco de esta asamblea,&nbsp;<strong>la Rep\u00fablica Dominicana ocupa una de las<\/strong>&nbsp;<strong>vicepresidencias del bur\u00f3 directivo<\/strong>&nbsp;de la Agencia Internacional de las Energ\u00edas Renovables (Irena), cuyo evento re\u00fane a jefes de Estado y de Gobierno, ministros y responsables de la toma de decisiones en materia de energ\u00eda entre sus miembros y Estados en proceso de adhesi\u00f3n, as\u00ed como organizaciones multilaterales, partes interesadas mundiales y actores privados, a fin de discutir estrategias para impulsar la transici\u00f3n hacia un&nbsp;<strong>mundo m\u00e1s limpio y matriz energ\u00e9tica sostenible.<\/strong><\/p>\n\n\n\n<p>El viceministro G\u00f3mez, quien habl\u00f3&nbsp;<strong>en representaci\u00f3n del ministro Antonio Almonte<\/strong>, indic\u00f3 que, al ser un&nbsp;<strong>pa\u00eds insular<\/strong>, Rep\u00fablica Dominicana no tiene conexi\u00f3n el\u00e9ctrica con otras islas del Caribe, ni fuentes de combustibles f\u00f3siles y que ante esta situaci\u00f3n han incentivado proyectos de energ\u00edas renovables para garantizar el suministro y contar con una matriz energ\u00e9tica limpia y sostenible.<\/p>\n\n\n\n<p>Al ponderar el encuentro organizado por Irena, el viceministro dijo que este espacio ha facilitado el&nbsp;<strong>di\u00e1logo entre los actores del sector&nbsp;<\/strong>para identificar desaf\u00edos y oportunidades, desarrollar alianzas p\u00fablico-privadas para implementar proyectos conjuntos y compartir informaci\u00f3n, conocimientos y mejores pr\u00e1cticas sobre financiamiento sostenible, que han ayudado al&nbsp;<strong>proceso de transici\u00f3n energ\u00e9tica<\/strong>&nbsp;de los pa\u00edses miembros.<\/p>\n\n\n\n<p><em>\u201cInvolucrarse m\u00e1s efectivamente con la comunidad internacional ha ayudado a RD a construir canales de comunicaci\u00f3n, participar en eventos y redes de colaboraci\u00f3n, compartir experiencias y lecciones aprendidas y buscar colaboraci\u00f3n y financiamiento conjunto. Aprovechar al m\u00e1ximo las posibilidades internacionales para desarrollar capacidades y promover el desarrollo sostenible a nivel local y global requiere transparencia, cooperaci\u00f3n e intercambio de conocimientos\u201d,<\/em>&nbsp;expres\u00f3 el ingeniero G\u00f3mez<\/p>\n\n\n\n<p>Sostuvo que el auge de las energ\u00edas renovables en esta naci\u00f3n se debe a que cuenta con un&nbsp;<strong>marco regulatorio claro, estable y atractivo<\/strong>&nbsp;para la recepci\u00f3n de inversiones en proyectos de fuentes limpias, lo que le ha merecido al pa\u00eds convertirse en el&nbsp;<strong>centro regional de inversi\u00f3n el\u00e9ctrica<\/strong>&nbsp;y a encabezar la inversi\u00f3n extranjera local durante los tres primeros trimestres del 2023.<\/p>\n\n\n\n<p><em>\u201cEsta administraci\u00f3n ha apoyado pol\u00edticas y leyes de incentivos fiscales, simplificando los procesos administrativos (como la obtenci\u00f3n de permisos y licencias), agilizando los procesos de aprobaci\u00f3n de los proyectos renovables, reduciendo as\u00ed la burocracia y garantizando la transparencia en los procesos; esto ha hecho que entre 2020 y 2024, la generaci\u00f3n de energ\u00eda se duplic\u00f3 con creces debido a las reformas que hemos aplicado en el sector\u201d,<\/em>&nbsp;enfatiz\u00f3.<\/p>\n\n\n\n<p>Durante la asamblea, el viceministro G\u00f3mez particip\u00f3 como\u00a0<strong>orador principal<\/strong>\u00a0en el\u00a0<strong>Ministerial de los Peque\u00f1os Estados Insulares en Desarrollo (por sus siglas en ingl\u00e9s PEID)<\/strong>, donde traz\u00f3 un futuro energ\u00e9tico resiliente y sostenible para los peque\u00f1os Estados insulares en desarrollo y en el\u00a0<strong>Di\u00e1logo P\u00fablico-Privado de Alto Nivel: Generando Impulso Hacia un Sistema de Energ\u00eda 100% Renovable.\u00a0<\/strong>Tambi\u00e9n, en el\u00a0<strong>Ministerial de Desarrollo de Peque\u00f1as Islas (SISD).<\/strong><\/p>\n\n\n\n<p>Fuente: Direcci\u00f3n de Estrategia y Comunicaci\u00f3n<\/p>\n\n\n\n<p>Ministerio Administrativo de la Presidencia de la Rep\u00fablica Dominicana<\/p>\n","protected":false},"excerpt":{"rendered":"<p>diariodominicano.com Abu Dhabi, Emiratos \u00c1rabes Unidos, 17 de abril, 2024.- El viceministro de Energ\u00eda,\u00a0Rafael G\u00f3mez, particip\u00f3 aqu\u00ed en la\u00a014.\u00aa Asamblea Internacional de Energ\u00edas Renovables (Irena), donde destac\u00f3 que\u00a0Rep\u00fablica Dominicana\u00a0impulsa las energ\u00edas renovables para reducir la dependencia de los combustibles f\u00f3siles y tener un\u00a0sistema energ\u00e9tico m\u00e1s sostenible y resiliente. La asamblea se lleva a cabo desde [&hellip;]<\/p>\n","protected":false},"author":5,"featured_media":524324,"comment_status":"closed","ping_status":"","sticky":true,"template":"","format":"standard","meta":{"footnotes":""},"categories":[20,27],"tags":[],"class_list":["post-524323","post","type-post","status-publish","format-standard","has-post-thumbnail","hentry","category-dominicana-hoy","category-portada"],"_links":{"self":[{"href":"https:\/\/diariodominicano.com\/index.php?rest_route=\/wp\/v2\/posts\/524323","targetHints":{"allow":["GET"]}}],"collection":[{"href":"https:\/\/diariodominicano.com\/index.php?rest_route=\/wp\/v2\/posts"}],"about":[{"href":"https:\/\/diariodominicano.com\/index.php?rest_route=\/wp\/v2\/types\/post"}],"author":[{"embeddable":true,"href":"https:\/\/diariodominicano.com\/index.php?rest_route=\/wp\/v2\/users\/5"}],"replies":[{"embeddable":true,"href":"https:\/\/diariodominicano.com\/index.php?rest_route=%2Fwp%2Fv2%2Fcomments&post=524323"}],"version-history":[{"count":1,"href":"https:\/\/diariodominicano.com\/index.php?rest_route=\/wp\/v2\/posts\/524323\/revisions"}],"predecessor-version":[{"id":524325,"href":"https:\/\/diariodominicano.com\/index.php?rest_route=\/wp\/v2\/posts\/524323\/revisions\/524325"}],"wp:featuredmedia":[{"embeddable":true,"href":"https:\/\/diariodominicano.com\/index.php?rest_route=\/wp\/v2\/media\/524324"}],"wp:attachment":[{"href":"https:\/\/diariodominicano.com\/index.php?rest_route=%2Fwp%2Fv2%2Fmedia&parent=524323"}],"wp:term":[{"taxonomy":"category","embeddable":true,"href":"https:\/\/diariodominicano.com\/index.php?rest_route=%2Fwp%2Fv2%2Fcategories&post=524323"},{"taxonomy":"post_tag","embeddable":true,"href":"https:\/\/diariodominicano.com\/index.php?rest_route=%2Fwp%2Fv2%2Ftags&post=524323"}],"curies":[{"name":"wp","href":"https:\/\/api.w.org\/{rel}","templated":true}]}}