{"id":524308,"date":"2024-04-17T11:57:35","date_gmt":"2024-04-17T15:57:35","guid":{"rendered":"https:\/\/diariodominicano.com\/?p=524308"},"modified":"2024-04-17T11:57:35","modified_gmt":"2024-04-17T15:57:35","slug":"adoexpo-elige-nueva-junta-directiva-para-el-periodo-2024-2026","status":"publish","type":"post","link":"https:\/\/diariodominicano.com\/?p=524308","title":{"rendered":"Adoexpo elige nueva junta directiva para el per\u00edodo 2024-2026"},"content":{"rendered":"\n<p>diariodominicano.com<\/p>\n\n\n\n<p><em><strong>El empresario Karel Castillo&nbsp;destac\u00f3 que en los \u00faltimos 20 a\u00f1os las exportaciones aumentaron de RD$5,586 millones a m\u00e1s de RD$12,000 mil millones, equivalente a un 22.1 por ciento del PIB en el 2023, y abog\u00f3 por aprovechar el potencial para elevar esta cifra a un de un 50 por ciento.<\/strong><\/em><\/p>\n\n\n\n<p><strong>Santo Domingo, R. D., 17 de abril, 2024.-\u00a0<\/strong>En el marco de una asamblea general ordinaria, la Asociaci\u00f3n Dominicana de Exportadores (Adoexpo) eligi\u00f3 a los miembros de su nueva junta de directores para el periodo 2024-2026, la cual estar\u00e1 presidida por el empresario Karel Castillo, de la empresa Agroindustria Ocoe\u00f1a.<\/p>\n\n\n\n<p>En la asamblea, realizada en la Torre AIRD, Castillo agradeci\u00f3 a los miembros de esta nueva junta directiva por acompa\u00f1arlo en esta misi\u00f3n de continuar impulsando a ese sector y consolidar a la Rep\u00fablica Dominicana como un pa\u00eds exportador por excelencia.<\/p>\n\n\n\n<p>Adem\u00e1s de Castillo, integran la junta de directores Manuel Singer, de la empresa Termo Envases, primer vicepresidente; Roberto Bonetti, de Mercasid, segundo vicepresidente; Anyarlene Berg\u00e9s, de Metaldom, tercera vicepresidenta; Edgar del Toro, de Banco Multiple Lafise, tesorero; Robinson Bou, de Banco Popular Dominicano, vicetesorero; Roberto Jim\u00e9nez, del Banco de Reservas (BanReservas), secretario general, y Karsten Windeler, de Mar\u0131tima Dominicana, vicesecretario general.<\/p>\n\n\n\n<p>Asimismo en calidad de directores se encuentran Ram\u00f3n Badia, de DP World Dominicana, Vielka Guzm\u00e1n, de Barrick Pueblo Viejo; Elsa Julia Brache, de Pasteurizadora Rica; \u00c1lvaro Sousa, de Diesco Industries; Miguel Roig, de ROIG Agro-Cacao; Luis \u00c1lvarez, de Cervecer\u00eda Nacional Dominicana (CND); Osvaldo Oller Bola\u00f1os, de Domicem; Kisha Rodr\u0131\u0301guez, de Caralinda Agoindustrial; Carlos Fern\u00e1ndez, de Fertilizantes Santo Domingo (Fersan); Lauramarie Cornelio, de Corporaci\u00f3n Minera Dominicana (Cormidom); Ernesto Marranzini, de Multiqu\u0131mica Dominicana y Ra\u00fal Peralta, de Constanza Agroindustrial.<\/p>\n\n\n\n<p>Tambi\u00e9n, figuran Luis Concepci\u00f3n, de Casa Brugal, pasado presidente; Jos\u00e9 Mella, de Travelnet, asesor log\u00edstico; Sadala Khoury, de Khoury Industrial, asesor industrial; Ricardo Koenig, de Materias Primas, asesor industrial; Claudia Chez, de Grupo L\u00e1cteo del Caribe Gruplac, asesora agr\u00edcola.<\/p>\n\n\n\n<p><strong>Discurso del presidente<\/strong><\/p>\n\n\n\n<p>El electo presidente de Adoexpo, Karel Castillo, se\u00f1al\u00f3 que continuar\u00e1n colaborando de manera constructiva con gremios relacionados, instituciones p\u00fablicas, organismos internacionales y multilaterales con el objetivo de fomentar y dinamizar las exportaciones dominicanas, y que est\u00e1n comprometidos con la inclusi\u00f3n de nuevos miembros que reflejen la diversidad del sector.<\/p>\n\n\n\n<p>Sobre este tema indic\u00f3 que las exportaciones contribuyen positivamente con la econom\u00eda y que en los \u00faltimos 20 a\u00f1os aumentaron de 5,586 millones de pesos a m\u00e1s de 12,000 mil millones, equivalentes a un 22.1 por ciento del PIB en el 2023, llevando al pa\u00eds a ocupar el sexto lugar de mayor dinamismo exportador en Am\u00e9rica Latina.<\/p>\n\n\n\n<p>Precis\u00f3 que el sector exportador tuvo un dinamismo a lo largo de los a\u00f1os, tanto en el incremento del total exportado como en la diversificaci\u00f3n de los productos y los destinos, pero que sin embargo todav\u00eda queda mucho potencial por aprovechar, pues estima que el pa\u00eds pudiera exportar un de un 50 por ciento de lo actual.<\/p>\n\n\n\n<p><strong>Sobre el presidente de Adoexpo<\/strong><\/p>\n\n\n\n<p>Karel Jos\u00e9 Castillo Almonte es egresado de la licenciatura en administraci\u00f3n de empresas y negocios internacionales en la Universidad Iberoamericana (Unibe) y en la actualidad es vicepresidente de operaciones de Agroindustria Ocoe\u00f1a, posici\u00f3n que ocupa desde en 1988.<\/p>\n\n\n\n<p>Agroempresario y profesional enfocado en resultados con experiencia en la exportaci\u00f3n de frutas, vegetales y diversos tub\u00e9rculos, siendo su principal producto de producci\u00f3n y exportaci\u00f3n el aguacate.<\/p>\n\n\n\n<p>Cuenta con 35 a\u00f1os de experiencia dedicados al sector de la exportaci\u00f3n, desarrollando diversas t\u00e9cnicas de empaque que garantizan la recepci\u00f3n del fruto enviado en \u00f3ptimas condiciones, utilizando las mejores t\u00e9cnicas del manejo de conservaci\u00f3n de la cadena de fr\u00edo.<\/p>\n\n\n\n<p>Ha desarrollado un amplio rango de funciones en ventas y mercadeo, incluyendo generaci\u00f3n de modelos de proyecci\u00f3n, planificaci\u00f3n estrat\u00e9gica, presupuesto, manejo de personal y an\u00e1lisis de inversi\u00f3n.<\/p>\n\n\n\n<p>Reconocido por sus excelentes relaciones con diversas juntas directivas, canales externos y reconocidos empresarios del sector exportador, miembro de la junta directiva de la Adoexpo desde el 2014, donde ha desempe\u00f1ado las posiciones de vicesecretario, director y segundo vicepresidente.<\/p>\n\n\n\n<p>Adem\u00e1s, es miembro del consejo del Banco de Desarrollo y Exportaciones (Bandex), desempe\u00f1ando las funciones de presidente del comit\u00e9 integral de riesgos y miembro del comit\u00e9 de auditor\u00eda.<\/p>\n\n\n\n<p>Enver L\u00f3pez Milander<\/p>\n\n\n\n<p><a target=\"_blank\" href=\"mailto:enverolm@gmail.com\" rel=\"noreferrer noopener\">enverolm@gmail.com<\/a><\/p>\n","protected":false},"excerpt":{"rendered":"<p>diariodominicano.com El empresario Karel Castillo&nbsp;destac\u00f3 que en los \u00faltimos 20 a\u00f1os las exportaciones aumentaron de RD$5,586 millones a m\u00e1s de RD$12,000 mil millones, equivalente a un 22.1 por ciento del PIB en el 2023, y abog\u00f3 por aprovechar el potencial para elevar esta cifra a un de un 50 por ciento. Santo Domingo, R. D., [&hellip;]<\/p>\n","protected":false},"author":5,"featured_media":524309,"comment_status":"closed","ping_status":"","sticky":true,"template":"","format":"standard","meta":{"footnotes":""},"categories":[20,18,27],"tags":[],"class_list":["post-524308","post","type-post","status-publish","format-standard","has-post-thumbnail","hentry","category-dominicana-hoy","category-economia","category-portada"],"_links":{"self":[{"href":"https:\/\/diariodominicano.com\/index.php?rest_route=\/wp\/v2\/posts\/524308","targetHints":{"allow":["GET"]}}],"collection":[{"href":"https:\/\/diariodominicano.com\/index.php?rest_route=\/wp\/v2\/posts"}],"about":[{"href":"https:\/\/diariodominicano.com\/index.php?rest_route=\/wp\/v2\/types\/post"}],"author":[{"embeddable":true,"href":"https:\/\/diariodominicano.com\/index.php?rest_route=\/wp\/v2\/users\/5"}],"replies":[{"embeddable":true,"href":"https:\/\/diariodominicano.com\/index.php?rest_route=%2Fwp%2Fv2%2Fcomments&post=524308"}],"version-history":[{"count":1,"href":"https:\/\/diariodominicano.com\/index.php?rest_route=\/wp\/v2\/posts\/524308\/revisions"}],"predecessor-version":[{"id":524310,"href":"https:\/\/diariodominicano.com\/index.php?rest_route=\/wp\/v2\/posts\/524308\/revisions\/524310"}],"wp:featuredmedia":[{"embeddable":true,"href":"https:\/\/diariodominicano.com\/index.php?rest_route=\/wp\/v2\/media\/524309"}],"wp:attachment":[{"href":"https:\/\/diariodominicano.com\/index.php?rest_route=%2Fwp%2Fv2%2Fmedia&parent=524308"}],"wp:term":[{"taxonomy":"category","embeddable":true,"href":"https:\/\/diariodominicano.com\/index.php?rest_route=%2Fwp%2Fv2%2Fcategories&post=524308"},{"taxonomy":"post_tag","embeddable":true,"href":"https:\/\/diariodominicano.com\/index.php?rest_route=%2Fwp%2Fv2%2Ftags&post=524308"}],"curies":[{"name":"wp","href":"https:\/\/api.w.org\/{rel}","templated":true}]}}