{"id":524302,"date":"2024-04-17T11:15:56","date_gmt":"2024-04-17T15:15:56","guid":{"rendered":"https:\/\/diariodominicano.com\/?p=524302"},"modified":"2024-04-17T11:15:56","modified_gmt":"2024-04-17T15:15:56","slug":"mip-y-altice-pactan-para-fortalecer-comunicacion-agentes-de-la-policia-nacional-y-bomberos","status":"publish","type":"post","link":"https:\/\/diariodominicano.com\/?p=524302","title":{"rendered":"MIP y Altice pactan para fortalecer comunicaci\u00f3n agentes de la Polic\u00eda Nacional y bomberos"},"content":{"rendered":"\n<p>diariodominicano.com<\/p>\n\n\n\n<p>Santo Domingo, R. D.,\u200217 de abril, 2024.-\u00a0<strong>El Ministerio de Interior\u00a0 y Polic\u00eda<\/strong>\u00a0y la compa\u00f1\u00eda de telecomunicaciones\u00a0<strong>Altice<\/strong>\u00a0acordaron que\u00a0 los miembros de la Polic\u00eda Nacional\u00a0 y de los cuerpos de bomberos reciban un\u00a0<strong>15 % de descuento<\/strong>\u00a0en sus servicios de\u00a0<strong>internet m\u00f3vil pospago y del hogar.<\/strong><\/p>\n\n\n\n<p>Adem\u00e1s, la compa\u00f1\u00eda colaborar\u00e1 con el programa&nbsp;&nbsp;<strong>\u00abDe Vuelta Al Barrio\u00bb,<\/strong>&nbsp;de la entidad estatal.<\/p>\n\n\n\n<p>Durante la firma del acuerdo, el director general de la prestadora,&nbsp;<strong>Danilo Ginebra<\/strong>, ofreci\u00f3 al&nbsp;<strong>ministro Jes\u00fas V\u00e1squez<\/strong>&nbsp;difundir los&nbsp;<strong>videos sobre el tema de la seguridad ciudadana<\/strong>&nbsp;por los canales de televisi\u00f3n y redes de Internet.<\/p>\n\n\n\n<p>Destac\u00f3&nbsp; que la gran cobertura comunicacional de Altice lo convierte en un&nbsp;<strong>aliado del Estado en asuntos de seguridad<\/strong>, por lo cual habr\u00e1 una colaboraci\u00f3n estrat\u00e9gica con el ministerio.<\/p>\n\n\n<div class=\"wp-block-image\">\n<figure class=\"alignleft is-resized\"><img decoding=\"async\" src=\"https:\/\/presidencia.gob.do\/sites\/default\/files\/inline-images\/Acuerdo%20Altice%20MIP%20Abril%202024.jpeg\" alt=\"\" style=\"width:307px;height:auto\"\/><\/figure>\n<\/div>\n\n\n<p>En tanto, el funcionario destac\u00f3 el nivel de conciencia y deseo de colaborar de la compa\u00f1\u00eda. Refiri\u00f3 que muchas veces los bomberos trabajan en condiciones de&nbsp;<strong>vulnerabilidad<\/strong>&nbsp;y cit\u00f3 los esfuerzos&nbsp; de su gesti\u00f3n para dignificar esa organizaci\u00f3n de socorro.<em>\u00abDignificar los bomberos es dignificar el pa\u00eds\u00bb.<\/em><\/p>\n\n\n\n<p>A seguidas cit\u00f3 las iniciativas tomadas para dignificar la Polic\u00eda como aumento salarial, mayor cobertura de seguro m\u00e9dico, descuentos en supermercados, en el servicio del metro y el telef\u00e9rico.<\/p>\n\n\n\n<p>El ministro&nbsp; aprovech\u00f3 para presentar a los ejecutivos de Altice el programa de&nbsp;<strong>mediadores de conflictos<\/strong>, y el nuevo&nbsp;<strong>\u00abCiudadano Modelo\u00bb.<\/strong><\/p>\n\n\n\n<p>Tambi\u00e9n les habl\u00f3 sobre la participaci\u00f3n de grandes&nbsp;<strong>figuras del deporte y del canto<\/strong>&nbsp;en \u00abDe Vuelta al Barrio\u00bb.<\/p>\n\n\n\n<p>El director policial, mayor general&nbsp;<strong>Ram\u00f3n Guzm\u00e1n Peralta<\/strong>, detall\u00f3 la ventaja que representa el convenio y recalc\u00f3 que lo valora en su justa dimensi\u00f3n. Expres\u00f3 que las inversiones al cuerpo de orden ser\u00e1n retribuidas&nbsp; en servicios.<\/p>\n\n\n\n<p>De su lado, el intendente de los bomberos, general&nbsp;<strong>Luis Esmurdoc<\/strong>, valor\u00f3 la importancia del convenio para las emergencias y que con la asistencia de Altice los bomberos podr\u00e1n dar&nbsp;<strong>respuesta m\u00e1s r\u00e1pida&nbsp;<\/strong>a los llamados.<\/p>\n\n\n\n<p>En la actividad estuvo el general\u00a0<strong>Luis Fr\u00f3meta<\/strong>, intendente del cuerpo de bomberos de Santo Domingo.<\/p>\n\n\n\n<p>Fuente: Direcci\u00f3n de Estrategia y Comunicaci\u00f3n<\/p>\n\n\n\n<p>Ministerio Administrativo de la Presidencia de la Rep\u00fablica Dominicana<\/p>\n","protected":false},"excerpt":{"rendered":"<p>diariodominicano.com Santo Domingo, R. D.,\u200217 de abril, 2024.-\u00a0El Ministerio de Interior\u00a0 y Polic\u00eda\u00a0y la compa\u00f1\u00eda de telecomunicaciones\u00a0Altice\u00a0acordaron que\u00a0 los miembros de la Polic\u00eda Nacional\u00a0 y de los cuerpos de bomberos reciban un\u00a015 % de descuento\u00a0en sus servicios de\u00a0internet m\u00f3vil pospago y del hogar. Adem\u00e1s, la compa\u00f1\u00eda colaborar\u00e1 con el programa&nbsp;&nbsp;\u00abDe Vuelta Al Barrio\u00bb,&nbsp;de la entidad [&hellip;]<\/p>\n","protected":false},"author":5,"featured_media":524303,"comment_status":"closed","ping_status":"","sticky":true,"template":"","format":"standard","meta":{"footnotes":""},"categories":[20,27],"tags":[],"class_list":["post-524302","post","type-post","status-publish","format-standard","has-post-thumbnail","hentry","category-dominicana-hoy","category-portada"],"_links":{"self":[{"href":"https:\/\/diariodominicano.com\/index.php?rest_route=\/wp\/v2\/posts\/524302","targetHints":{"allow":["GET"]}}],"collection":[{"href":"https:\/\/diariodominicano.com\/index.php?rest_route=\/wp\/v2\/posts"}],"about":[{"href":"https:\/\/diariodominicano.com\/index.php?rest_route=\/wp\/v2\/types\/post"}],"author":[{"embeddable":true,"href":"https:\/\/diariodominicano.com\/index.php?rest_route=\/wp\/v2\/users\/5"}],"replies":[{"embeddable":true,"href":"https:\/\/diariodominicano.com\/index.php?rest_route=%2Fwp%2Fv2%2Fcomments&post=524302"}],"version-history":[{"count":1,"href":"https:\/\/diariodominicano.com\/index.php?rest_route=\/wp\/v2\/posts\/524302\/revisions"}],"predecessor-version":[{"id":524304,"href":"https:\/\/diariodominicano.com\/index.php?rest_route=\/wp\/v2\/posts\/524302\/revisions\/524304"}],"wp:featuredmedia":[{"embeddable":true,"href":"https:\/\/diariodominicano.com\/index.php?rest_route=\/wp\/v2\/media\/524303"}],"wp:attachment":[{"href":"https:\/\/diariodominicano.com\/index.php?rest_route=%2Fwp%2Fv2%2Fmedia&parent=524302"}],"wp:term":[{"taxonomy":"category","embeddable":true,"href":"https:\/\/diariodominicano.com\/index.php?rest_route=%2Fwp%2Fv2%2Fcategories&post=524302"},{"taxonomy":"post_tag","embeddable":true,"href":"https:\/\/diariodominicano.com\/index.php?rest_route=%2Fwp%2Fv2%2Ftags&post=524302"}],"curies":[{"name":"wp","href":"https:\/\/api.w.org\/{rel}","templated":true}]}}