{"id":524243,"date":"2024-04-16T23:45:24","date_gmt":"2024-04-17T03:45:24","guid":{"rendered":"https:\/\/diariodominicano.com\/?p=524243"},"modified":"2024-04-16T23:47:20","modified_gmt":"2024-04-17T03:47:20","slug":"ucateba-realiza-su-xxvii-graduacion-ordinaria-graduando-314-nuevos-profesionales","status":"publish","type":"post","link":"https:\/\/diariodominicano.com\/?p=524243","title":{"rendered":"UCATEBA realiza su XXVII Graduaci\u00f3n Ordinaria, graduando 314 Nuevos Profesionales"},"content":{"rendered":"\n<p>Colaboraci\u00f3n: NICOL\u00c1S GRULL\u00d3N<\/p>\n\n\n\n<p>Diariodominicano.com<\/p>\n\n\n\n<p>Barahona, R. D. &#8211; La Universidad Cat\u00f3lica Tecnol\u00f3gica de Barahona (UCATEBA) celebr\u00f3 su vig\u00e9simo s\u00e9ptima Graduaci\u00f3n Ordinaria, en la que 314 nuevos profesionales culminaron exitosamente sus estudios, sumando as\u00ed un total de 7,308 egresados en los 28 a\u00f1os de historia de esta prestigiosa instituci\u00f3n acad\u00e9mica.<\/p>\n\n\n\n<figure class=\"wp-block-image size-large\"><img loading=\"lazy\" decoding=\"async\" width=\"1024\" height=\"682\" src=\"https:\/\/diariodominicano.com\/wp-content\/uploads\/2024\/04\/BARAHONA-02-1024x682.jpg\" alt=\"\" class=\"wp-image-524246\" srcset=\"https:\/\/diariodominicano.com\/wp-content\/uploads\/2024\/04\/BARAHONA-02-1024x682.jpg 1024w, https:\/\/diariodominicano.com\/wp-content\/uploads\/2024\/04\/BARAHONA-02-300x200.jpg 300w, https:\/\/diariodominicano.com\/wp-content\/uploads\/2024\/04\/BARAHONA-02-768x512.jpg 768w, https:\/\/diariodominicano.com\/wp-content\/uploads\/2024\/04\/BARAHONA-02-1536x1023.jpg 1536w, https:\/\/diariodominicano.com\/wp-content\/uploads\/2024\/04\/BARAHONA-02-816x544.jpg 816w, https:\/\/diariodominicano.com\/wp-content\/uploads\/2024\/04\/BARAHONA-02.jpg 1600w\" sizes=\"auto, (max-width: 1024px) 100vw, 1024px\" \/><\/figure>\n\n\n\n<p>De los graduandos en esta ceremonia, 249 obtuvieron t\u00edtulos de grado y 65 de postgrado; entre estos graduandos de postgrado, se destaca la participaci\u00f3n de estudiantes provenientes de Santiago, Santo Domingo y San Crist\u00f3bal, quienes contribuir\u00e1n significativamente al fortalecimiento de sus respectivas competencias profesionales.<\/p>\n\n\n\n<p>La invocaci\u00f3n a Dios estuvo a cargo de Mons. Andr\u00e9s Napole\u00f3n Romero C\u00e1rdenas, Gran Canciller de la UCATEBA y Obispo de la Di\u00f3cesis de Barahona, quien, antes de bendecir el acto, comparti\u00f3 palabras de inspiraci\u00f3n y reflexi\u00f3n con los presentes.<\/p>\n\n\n\n<figure class=\"wp-block-image size-large\"><img loading=\"lazy\" decoding=\"async\" width=\"1024\" height=\"682\" src=\"https:\/\/diariodominicano.com\/wp-content\/uploads\/2024\/04\/BARAHONA-03-1024x682.jpg\" alt=\"\" class=\"wp-image-524248\" srcset=\"https:\/\/diariodominicano.com\/wp-content\/uploads\/2024\/04\/BARAHONA-03-1024x682.jpg 1024w, https:\/\/diariodominicano.com\/wp-content\/uploads\/2024\/04\/BARAHONA-03-300x200.jpg 300w, https:\/\/diariodominicano.com\/wp-content\/uploads\/2024\/04\/BARAHONA-03-768x512.jpg 768w, https:\/\/diariodominicano.com\/wp-content\/uploads\/2024\/04\/BARAHONA-03-1536x1023.jpg 1536w, https:\/\/diariodominicano.com\/wp-content\/uploads\/2024\/04\/BARAHONA-03-816x544.jpg 816w, https:\/\/diariodominicano.com\/wp-content\/uploads\/2024\/04\/BARAHONA-03.jpg 1600w\" sizes=\"auto, (max-width: 1024px) 100vw, 1024px\" \/><\/figure>\n\n\n\n<p>Acto seguido, el Reverendo Padre Marco Antonio P\u00e9rez P\u00e9rez, Rector de la UCATEBA, ofreci\u00f3 unas breves palabras antes de presentar al orador invitado; en su discurso, el reverendo P\u00e9rez resalt\u00f3 la importancia del logro acad\u00e9mico alcanzado por los graduandos y la dedicaci\u00f3n demostrada durante su trayectoria educativa en la UCATEBA.<\/p>\n\n\n\n<p>\u00abUstedes saben muy bien que alguien estuvo ah\u00ed cerca; muy cerca de cada uno de ustedes. Ellos son sus seres queridos, sus familias. A ustedes, amadas familias tambi\u00e9n la familia UCATEBA les saluda, agradece y felicita por todo el esfuerzo y el sacrificio, la siembra y la cosecha realizada para que hoy celebremos juntos esta graduaci\u00f3n de sus hijos e hijas profesionales.\u00bb, expres\u00f3 el se\u00f1or Rector.<\/p>\n\n\n\n<p>Este memorable evento, cont\u00f3 con la distinguida presencia del Ing. Omar M\u00e9ndez Lluberes, Rector del Instituto Tecnol\u00f3gico de las Am\u00e9ricas (ITLA), quien ofreci\u00f3 unas palabras como orador invitado; en el discurso de orden, abord\u00f3 temas fundamentales para el desarrollo tur\u00edstico y educativo del pa\u00eds.<\/p>\n\n\n\n<p>Las palabras de agradecimiento en nombre de los graduandos fueron pronunciadas por Jeorginia Estevi Espinosa Cuevas, quien egres\u00f3 como licenciada en Matem\u00e1ticas Orientada a la Educaci\u00f3n Secundaria.<\/p>\n\n\n\n<p>El circuito cerrado de esta graduaci\u00f3n estuvo a cargo de Nj productora.<\/p>\n\n\n\n<p>NICOLAS GRULLON COMUNICADOR<\/p>\n\n\n\n<p><a target=\"_blank\" href=\"mailto:nicolasgrulloncomunicador@gmail.com\" rel=\"noreferrer noopener\">nicolasgrulloncomunicador@g<\/a><\/p>\n","protected":false},"excerpt":{"rendered":"<p>Colaboraci\u00f3n: NICOL\u00c1S GRULL\u00d3N Diariodominicano.com Barahona, R. D. &#8211; La Universidad Cat\u00f3lica Tecnol\u00f3gica de Barahona (UCATEBA) celebr\u00f3 su vig\u00e9simo s\u00e9ptima Graduaci\u00f3n Ordinaria, en la que 314 nuevos profesionales culminaron exitosamente sus estudios, sumando as\u00ed un total de 7,308 egresados en los 28 a\u00f1os de historia de esta prestigiosa instituci\u00f3n acad\u00e9mica. De los graduandos en esta ceremonia, [&hellip;]<\/p>\n","protected":false},"author":28,"featured_media":524244,"comment_status":"closed","ping_status":"","sticky":true,"template":"","format":"standard","meta":{"footnotes":""},"categories":[36,20,27],"tags":[],"class_list":["post-524243","post","type-post","status-publish","format-standard","has-post-thumbnail","hentry","category-hombresmujeresycosas","category-dominicana-hoy","category-portada"],"_links":{"self":[{"href":"https:\/\/diariodominicano.com\/index.php?rest_route=\/wp\/v2\/posts\/524243","targetHints":{"allow":["GET"]}}],"collection":[{"href":"https:\/\/diariodominicano.com\/index.php?rest_route=\/wp\/v2\/posts"}],"about":[{"href":"https:\/\/diariodominicano.com\/index.php?rest_route=\/wp\/v2\/types\/post"}],"author":[{"embeddable":true,"href":"https:\/\/diariodominicano.com\/index.php?rest_route=\/wp\/v2\/users\/28"}],"replies":[{"embeddable":true,"href":"https:\/\/diariodominicano.com\/index.php?rest_route=%2Fwp%2Fv2%2Fcomments&post=524243"}],"version-history":[{"count":5,"href":"https:\/\/diariodominicano.com\/index.php?rest_route=\/wp\/v2\/posts\/524243\/revisions"}],"predecessor-version":[{"id":524251,"href":"https:\/\/diariodominicano.com\/index.php?rest_route=\/wp\/v2\/posts\/524243\/revisions\/524251"}],"wp:featuredmedia":[{"embeddable":true,"href":"https:\/\/diariodominicano.com\/index.php?rest_route=\/wp\/v2\/media\/524244"}],"wp:attachment":[{"href":"https:\/\/diariodominicano.com\/index.php?rest_route=%2Fwp%2Fv2%2Fmedia&parent=524243"}],"wp:term":[{"taxonomy":"category","embeddable":true,"href":"https:\/\/diariodominicano.com\/index.php?rest_route=%2Fwp%2Fv2%2Fcategories&post=524243"},{"taxonomy":"post_tag","embeddable":true,"href":"https:\/\/diariodominicano.com\/index.php?rest_route=%2Fwp%2Fv2%2Ftags&post=524243"}],"curies":[{"name":"wp","href":"https:\/\/api.w.org\/{rel}","templated":true}]}}