{"id":52417,"date":"2020-06-26T01:27:08","date_gmt":"2020-06-26T01:27:08","guid":{"rendered":"http:\/\/diariodominicano.ddns.net\/?p=52417"},"modified":"2020-06-26T01:27:08","modified_gmt":"2020-06-26T01:27:08","slug":"juan-pablo-duarte-habla-con-representativos-del-cibao","status":"publish","type":"post","link":"https:\/\/diariodominicano.com\/?p=52417","title":{"rendered":"Juan Pablo Duarte habla  con representativos del Cibao&#13;"},"content":{"rendered":"<p><body><\/p>\n<p><img decoding=\"async\" src=\"img3\/duarte4.jpg\" \/>  <\/p>\n<p><strong>Juan Pablo Duarte habla  con representativos del Cibao<\/strong><\/p>\n<\/p>\n<p>Juan Pablo Duarte hab\u00eda llegado a La Vega, el d\u00eda 25 de junio como parte del viaje que inici\u00f3 el d\u00eda 20 de la ciudad de Santo Domingo  a la regi\u00f3n del Cibao. Permaneci\u00f3 en  La Vega hasta el d\u00eda 29 de Junio.<\/p>\n<\/p>\n<p><strong>Por H\u00e9ctor Tineo Nolasco<\/strong><\/p>\n<p><strong>Diariodominicano.com<\/strong><\/p>\n<p><strong>SANTO DOMINGO, el  26 de junio de 1844,<\/strong> el general Juan Pablo Duarte se reuni\u00f3 con representativos de La Vega, y all\u00ed recibi\u00f3 el apoyo de las autoridades y de la poblaci\u00f3n.<\/p>\n<p>   \tJuan Pablo Duarte hab\u00eda llegado a La Vega, el d\u00eda 25 de junio como parte del viaje que inici\u00f3 el d\u00eda 20 de la ciudad de Santo Domingo  a la regi\u00f3n del Cibao. Permaneci\u00f3 en  La Vega hasta el d\u00eda 29 de Junio.<\/p>\n<p>    \tEn el Cibao  Duarte se enter\u00f3 de que el pr\u00f3cer Mat\u00edas Ram\u00f3n Mella ten\u00eda planeado organizar un movimiento para proclamarlo Presidente de la Rep\u00fablica.<\/p>\n<p>  \tEl 20 de junio de 1844, cumpliendo una disposici\u00f3n de la Junta Central Gubernativa, el general Juan Pablo Duarte viaj\u00f3 al Cibao con la misi\u00f3n de \u00abintervenir en las discordias intestinas y restablecer la paz y el orden necesario para la prosperidad p\u00fablica\u00bb, en esa parte del pa\u00eds.<\/p>\n<p>   \tLa Junta Central Gubernativa estaba  controlada por los trinitarios que hab\u00edan dado un golpe de Estado el 9 de junio de 1844, contra el organismo Gobierno  presidido por Tom\u00e1s Bobadilla y Briones.<\/p>\n<p>    El  d\u00eda 10 de junio de 1844,  la Junta Central Gubernativa, presidida por el pr\u00f3cer Francisco del Rosario S\u00e1nchez  aprob\u00f3  enviar al general Juan Pablo Duarte a las provincias del Cibao, a fin de que orientara a la poblaci\u00f3n que se encontraba muy inquieta por las versiones que daban cuenta de la existencia de  planes para  convertir el pa\u00eds en un protectorado de Francia.<\/p>\n<p>    \tLos planes en procura del protectorado de Francia, dividieron a los dominicanos.  En consecuencia, cuando Juan Pablo Duarte ten\u00eda la misi\u00f3n de \u00abintervenir en las discordias intestinas  y restablecer la paz y el orden necesarios para la prosperidad  p\u00fablica\u00bb. <\/p>\n<\/p>\n<p>        Los trinitarios tomaron el poder el d\u00eda  9 de junio de 1844, cuando dieron  un golpe de Estado para quitar el poder a los conservadores que controlaban la Junta Central Gubernativa, presidida por Tom\u00e1s Bobadilla. El grupo deseaba  convertir la naciente Rep\u00fablica Dominicana en un protectorado de Francia.<\/p>\n<\/p>\n<h6> 2020-06-26 01:27:08 <\/h6>\n<p><!--\n<link rel=\"stylesheet\" href=\"css\/bootstrap.min.css\">\n\n\n<ul class=\"pagination\">\n\t    \n\t\n\n<li >\n\t<a href='?page_no=475'>Previous<\/a>\n\t<\/li>\n\n\n       \n    \n\n<li><a href='?page_no=1'>1<\/a><\/li>\n\n\n\n<li><a href='?page_no=2'>2<\/a><\/li>\n\n\n\n<li><a>...<\/a><\/li>\n\n\n\n<li><a href='?page_no=474'>474<\/a><\/li>\n\n\n\n<li><a href='?page_no=475'>475<\/a><\/li>\n\n\n\n<li class='active'><a>476<\/a><\/li>\n\n\n\n<li><a href='?page_no=477'>477<\/a><\/li>\n\n\n\n<li><a href='?page_no=478'>478<\/a><\/li>\n\n\n\n<li><a>...<\/a><\/li>\n\n\n\n<li><a href='?page_no=22911'>22911<\/a><\/li>\n\n\n\n<li><a href='?page_no=22912'>22912<\/a><\/li>\n\n    \n\t\n\n<li >\n\t<a href='?page_no=477'>Next<\/a>\n\t<\/li>\n\n\n    \n\n<li><a href='?page_no=22912'>Last &rsaquo;&rsaquo;<\/a><\/li>\n\n<\/ul>\n\n\n--><br \/>\n<\/body><\/p>\n","protected":false},"excerpt":{"rendered":"<p>Juan Pablo Duarte habla con representativos del Cibao Juan Pablo Duarte hab\u00eda llegado a La Vega, el d\u00eda 25 de junio como parte del viaje que inici\u00f3 el d\u00eda 20 de la ciudad de Santo Domingo a la regi\u00f3n del Cibao. Permaneci\u00f3 en La Vega hasta el d\u00eda 29 de Junio. Por H\u00e9ctor Tineo Nolasco [&hellip;]<\/p>\n","protected":false},"author":3,"featured_media":0,"comment_status":"open","ping_status":"open","sticky":false,"template":"","format":"standard","meta":{"footnotes":""},"categories":[21],"tags":[],"class_list":["post-52417","post","type-post","status-publish","format-standard","hentry","category-cultura"],"_links":{"self":[{"href":"https:\/\/diariodominicano.com\/index.php?rest_route=\/wp\/v2\/posts\/52417","targetHints":{"allow":["GET"]}}],"collection":[{"href":"https:\/\/diariodominicano.com\/index.php?rest_route=\/wp\/v2\/posts"}],"about":[{"href":"https:\/\/diariodominicano.com\/index.php?rest_route=\/wp\/v2\/types\/post"}],"author":[{"embeddable":true,"href":"https:\/\/diariodominicano.com\/index.php?rest_route=\/wp\/v2\/users\/3"}],"replies":[{"embeddable":true,"href":"https:\/\/diariodominicano.com\/index.php?rest_route=%2Fwp%2Fv2%2Fcomments&post=52417"}],"version-history":[{"count":0,"href":"https:\/\/diariodominicano.com\/index.php?rest_route=\/wp\/v2\/posts\/52417\/revisions"}],"wp:attachment":[{"href":"https:\/\/diariodominicano.com\/index.php?rest_route=%2Fwp%2Fv2%2Fmedia&parent=52417"}],"wp:term":[{"taxonomy":"category","embeddable":true,"href":"https:\/\/diariodominicano.com\/index.php?rest_route=%2Fwp%2Fv2%2Fcategories&post=52417"},{"taxonomy":"post_tag","embeddable":true,"href":"https:\/\/diariodominicano.com\/index.php?rest_route=%2Fwp%2Fv2%2Ftags&post=52417"}],"curies":[{"name":"wp","href":"https:\/\/api.w.org\/{rel}","templated":true}]}}