{"id":524163,"date":"2024-04-16T22:10:57","date_gmt":"2024-04-17T02:10:57","guid":{"rendered":"https:\/\/diariodominicano.com\/?p=524163"},"modified":"2024-04-16T22:10:57","modified_gmt":"2024-04-17T02:10:57","slug":"el-super-comediante-marcello-hernandez-se-presentara-por-primera-vez-en-republica-dominicana","status":"publish","type":"post","link":"https:\/\/diariodominicano.com\/?p=524163","title":{"rendered":"El super comediante Marcello Hern\u00e1ndez se presentar\u00e1 por primera vez en Rep\u00fablica Dominicana"},"content":{"rendered":"\n<p>Marcello Hern\u00e1ndez, el reconocido humorista estadounidense de origen dominicano, har\u00e1 su primera aparici\u00f3n en Rep\u00fablica Dominicana con un espect\u00e1culo en Hard Rock Caf\u00e9 de Santo Domingo. <\/p>\n\n\n\n<p>El \u00abstand-up comedy\u00bb tendr\u00e1 lugar el d\u00eda 28 de mayo, ofreciendo al p\u00fablico dominicano la oportunidad de disfrutar en vivo de su show completamente en espa\u00f1ol.<\/p>\n\n\n\n<p>El empresario Gamal Hach\u00e9, productor del evento, indic\u00f3 que la iniciativa llega en un momento en que crecen las expectativas y la fanaticada dominicana hacia Marcello, quien recientemente salt\u00f3 a la fama internacional tras unirse al elenco de \u00abSaturday Night Live\u00bb de NBC, algo que ahora se convertir\u00e1 en realidad.<\/p>\n\n\n\n<p>Las entradas para la presentaci\u00f3n estar\u00e1n disponibles en preventa exclusiva para todas las tarjetas Banreservas a partir de este mi\u00e9rcoles 17 de abril, a trav\u00e9s de Uepa Tickets online y en la oficina principal de N\u00fa\u00f1ez de C\u00e1ceres por 24 horas y\/o hasta agotar existencia. Mientras que la venta al p\u00fablico en general iniciar\u00e1 el jueves 18 de abril. El evento cuenta con el patrocinio de Banreservas, asegurando una experiencia inolvidable para todos los asistentes.<\/p>\n\n\n\n<p><strong>Sobre Marcello Hern\u00e1ndez<\/strong><\/p>\n\n\n\n<p>Nacido Marcello Andr\u00e9 Hern\u00e1ndez Gonz\u00e1lez y criado en Miami, Florida, Hern\u00e1ndez es un producto de la Escuela Preparatoria Bel\u00e9n Jesuita y se gradu\u00f3 de la Universidad John Carroll en 2019 con una licenciatura en Emprendimiento y Comunicaci\u00f3n.<\/p>\n\n\n\n<p>De ascendencia cubana y dominicana, Marcello ha utilizado su herencia cultural diversa como una fuente de inspiraci\u00f3n en su comedia. Comenz\u00f3 su carrera publicando contenidos humor\u00edsticos en redes sociales y r\u00e1pidamente evolucion\u00f3 hacia el stand-up, mud\u00e1ndose a Nueva York en 2019 para perseguir sus sue\u00f1os.<\/p>\n\n\n\n<p>Su talento fue reconocido en 2022 cuando fue seleccionado como el nuevo rostro de la comedia por Just for Laughs, y ese mismo a\u00f1o, se uni\u00f3 a \u00abSaturday Night Live\u00bb, convirti\u00e9ndose en el primer miembro del elenco de la Generaci\u00f3n Z.<\/p>\n","protected":false},"excerpt":{"rendered":"<p>Marcello Hern\u00e1ndez, el reconocido humorista estadounidense de origen dominicano, har\u00e1 su primera aparici\u00f3n en Rep\u00fablica Dominicana con un espect\u00e1culo en Hard Rock Caf\u00e9 de Santo Domingo. El \u00abstand-up comedy\u00bb tendr\u00e1 lugar el d\u00eda 28 de mayo, ofreciendo al p\u00fablico dominicano la oportunidad de disfrutar en vivo de su show completamente en espa\u00f1ol. El empresario Gamal [&hellip;]<\/p>\n","protected":false},"author":7,"featured_media":524178,"comment_status":"closed","ping_status":"","sticky":true,"template":"","format":"standard","meta":{"footnotes":""},"categories":[25,27],"tags":[],"class_list":["post-524163","post","type-post","status-publish","format-standard","has-post-thumbnail","hentry","category-gente","category-portada"],"_links":{"self":[{"href":"https:\/\/diariodominicano.com\/index.php?rest_route=\/wp\/v2\/posts\/524163","targetHints":{"allow":["GET"]}}],"collection":[{"href":"https:\/\/diariodominicano.com\/index.php?rest_route=\/wp\/v2\/posts"}],"about":[{"href":"https:\/\/diariodominicano.com\/index.php?rest_route=\/wp\/v2\/types\/post"}],"author":[{"embeddable":true,"href":"https:\/\/diariodominicano.com\/index.php?rest_route=\/wp\/v2\/users\/7"}],"replies":[{"embeddable":true,"href":"https:\/\/diariodominicano.com\/index.php?rest_route=%2Fwp%2Fv2%2Fcomments&post=524163"}],"version-history":[{"count":1,"href":"https:\/\/diariodominicano.com\/index.php?rest_route=\/wp\/v2\/posts\/524163\/revisions"}],"predecessor-version":[{"id":524183,"href":"https:\/\/diariodominicano.com\/index.php?rest_route=\/wp\/v2\/posts\/524163\/revisions\/524183"}],"wp:featuredmedia":[{"embeddable":true,"href":"https:\/\/diariodominicano.com\/index.php?rest_route=\/wp\/v2\/media\/524178"}],"wp:attachment":[{"href":"https:\/\/diariodominicano.com\/index.php?rest_route=%2Fwp%2Fv2%2Fmedia&parent=524163"}],"wp:term":[{"taxonomy":"category","embeddable":true,"href":"https:\/\/diariodominicano.com\/index.php?rest_route=%2Fwp%2Fv2%2Fcategories&post=524163"},{"taxonomy":"post_tag","embeddable":true,"href":"https:\/\/diariodominicano.com\/index.php?rest_route=%2Fwp%2Fv2%2Ftags&post=524163"}],"curies":[{"name":"wp","href":"https:\/\/api.w.org\/{rel}","templated":true}]}}