{"id":524019,"date":"2024-04-16T17:01:32","date_gmt":"2024-04-16T21:01:32","guid":{"rendered":"https:\/\/diariodominicano.com\/?p=524019"},"modified":"2024-04-16T17:37:41","modified_gmt":"2024-04-16T21:37:41","slug":"cherayla-by-carmaya-abre-sus-puertas-en-republica-dominicana","status":"publish","type":"post","link":"https:\/\/diariodominicano.com\/?p=524019","title":{"rendered":"Cherayla by Carmaya abre sus puertas en Rep\u00fablica Dominicana"},"content":{"rendered":"\n<p><strong><em>Santo Domingo, D. N.<\/em><\/strong> \u00a0Motivados en ofrecer al p\u00fablico dominicano una experiencia 360 mediante un servicio que integra bienestar, salud y belleza, abre sus puertas, Cherayla by Carmaya.<\/p>\n\n\n\n<p>Cherayla by Carmaya se dedica a la fabricaci\u00f3n, venta y postura de extensiones de cabello humano, en combinaci\u00f3n con todos los servicios de cuidado a la belleza femenina.<\/p>\n\n\n\n<figure class=\"wp-block-gallery has-nested-images columns-default is-cropped wp-block-gallery-1 is-layout-flex wp-block-gallery-is-layout-flex\">\n<figure class=\"wp-block-image size-large\"><img loading=\"lazy\" decoding=\"async\" width=\"1024\" height=\"682\" data-id=\"524103\" src=\"https:\/\/diariodominicano.com\/wp-content\/uploads\/2024\/04\/Durante-una-recepcion-con-invitados-especiales-se-realizo-la-inauguracion-1-1024x682.jpeg\" alt=\"\" class=\"wp-image-524103\" srcset=\"https:\/\/diariodominicano.com\/wp-content\/uploads\/2024\/04\/Durante-una-recepcion-con-invitados-especiales-se-realizo-la-inauguracion-1-1024x682.jpeg 1024w, https:\/\/diariodominicano.com\/wp-content\/uploads\/2024\/04\/Durante-una-recepcion-con-invitados-especiales-se-realizo-la-inauguracion-1-300x200.jpeg 300w, https:\/\/diariodominicano.com\/wp-content\/uploads\/2024\/04\/Durante-una-recepcion-con-invitados-especiales-se-realizo-la-inauguracion-1-768x511.jpeg 768w, https:\/\/diariodominicano.com\/wp-content\/uploads\/2024\/04\/Durante-una-recepcion-con-invitados-especiales-se-realizo-la-inauguracion-1-1536x1022.jpeg 1536w, https:\/\/diariodominicano.com\/wp-content\/uploads\/2024\/04\/Durante-una-recepcion-con-invitados-especiales-se-realizo-la-inauguracion-1-816x543.jpeg 816w, https:\/\/diariodominicano.com\/wp-content\/uploads\/2024\/04\/Durante-una-recepcion-con-invitados-especiales-se-realizo-la-inauguracion-1.jpeg 1600w\" sizes=\"auto, (max-width: 1024px) 100vw, 1024px\" \/><\/figure>\n<\/figure>\n\n\n\n<p>Durante una recepci\u00f3n con invitados especiales celebrado en las nuevas instalaciones del centro de belleza, que consta de dos niveles, sus principales ejecutivas ofrecieron un c\u00f3ctel con motivo de la apertura de este nuevo local.<\/p>\n\n\n\n<p>La idea del moderno establecimiento surgi\u00f3 de la necesidad de brindar al p\u00fablico dominicano una experiencia 360 mediante un servicio basado en bienestar, salud y belleza, afirmaron las ejecutivas de la multinacional compa\u00f1\u00eda Carmaya Hair y Cherayla Beauty Center. <\/p>\n\n\n\n<figure class=\"wp-block-gallery has-nested-images columns-default is-cropped wp-block-gallery-2 is-layout-flex wp-block-gallery-is-layout-flex\">\n<figure class=\"wp-block-image size-large\"><img loading=\"lazy\" decoding=\"async\" width=\"806\" height=\"1024\" data-id=\"524113\" src=\"https:\/\/diariodominicano.com\/wp-content\/uploads\/2024\/04\/Kathy-Cuello-y-Alfmaris-Suarez-1-806x1024.jpg\" alt=\"\" class=\"wp-image-524113\" srcset=\"https:\/\/diariodominicano.com\/wp-content\/uploads\/2024\/04\/Kathy-Cuello-y-Alfmaris-Suarez-1-806x1024.jpg 806w, https:\/\/diariodominicano.com\/wp-content\/uploads\/2024\/04\/Kathy-Cuello-y-Alfmaris-Suarez-1-236x300.jpg 236w, https:\/\/diariodominicano.com\/wp-content\/uploads\/2024\/04\/Kathy-Cuello-y-Alfmaris-Suarez-1-768x976.jpg 768w, https:\/\/diariodominicano.com\/wp-content\/uploads\/2024\/04\/Kathy-Cuello-y-Alfmaris-Suarez-1-1209x1536.jpg 1209w, https:\/\/diariodominicano.com\/wp-content\/uploads\/2024\/04\/Kathy-Cuello-y-Alfmaris-Suarez-1-1612x2048.jpg 1612w, https:\/\/diariodominicano.com\/wp-content\/uploads\/2024\/04\/Kathy-Cuello-y-Alfmaris-Suarez-1-816x1037.jpg 816w, https:\/\/diariodominicano.com\/wp-content\/uploads\/2024\/04\/Kathy-Cuello-y-Alfmaris-Suarez-1-scaled.jpg 2014w\" sizes=\"auto, (max-width: 806px) 100vw, 806px\" \/><\/figure>\n<\/figure>\n\n\n\n<p>En este sentido, las propietarias Alfmaris Suarez y Kathy Cuello, sostuvieron que disponen de un equipo de profesionales en la materia para ofrecer un buen servicio a sus clientes, que incluye corte, color, u\u00f1as, peinado, rehabilitaci\u00f3n, spa y dem\u00e1s valores sal\u00f3n de belleza; y la otra parte en la venta y fabricaci\u00f3n de cabello en territorio europeo y americano.&nbsp;<\/p>\n\n\n\n<p>Cherayla by Carmaya consta de dos lujosos niveles ubicados en la calle Doctor Fernando Arturo Defill\u00f3 casi esquina Gustavo Mej\u00eda Ricart, n\u00famero 114, ensanche Quisqueya, en el Distrito Nacional.<\/p>\n\n\n\n<p>\u201cNos sentimos orgullosas y felices de abrir las puertas de este novedoso centro&nbsp; dedicado completamente a la mujer con un concepto en cuanto al tema de la belleza, aqu\u00ed nuestros clientes tendr\u00e1n todo en sus manos a precios competitivo\u201d, expres\u00f3 la propietaria.&#8211;<\/p>\n\n\n\n<p><em><strong>Rosmery Mart\u00ednez<\/strong><\/em><\/p>\n\n\n\n<p><strong>Periodista&nbsp;<\/strong><\/p>\n\n\n\n<p><strong>Relaciones P\u00fablicas&nbsp;<\/strong><\/p>\n\n\n\n<p><strong>Peri\u00f3dico \u00a0Hoy: \u00a0809.565.5582, Ext: 118<\/strong> <\/p>\n\n\n\n<p><strong>Editora de:&nbsp;<a href=\"http:\/\/desdelareddelshow.blogspot.com\/\" rel=\"noreferrer noopener\" target=\"_blank\">http:\/\/desdelareddelshow.blogspot.com\/<\/a><\/strong><\/p>\n\n\n\n<p><strong>Cel:&nbsp;829.284.6769<\/strong><\/p>\n\n\n\n<p><strong>Instagram:<\/strong><strong>\u00a0@Rosmerymds \/ @desdelared <\/strong><\/p>\n\n\n\n<p>&lt;enriquemedinard@gmail.com> <\/p>\n","protected":false},"excerpt":{"rendered":"<p>Santo Domingo, D. N. \u00a0Motivados en ofrecer al p\u00fablico dominicano una experiencia 360 mediante un servicio que integra bienestar, salud y belleza, abre sus puertas, Cherayla by Carmaya. Cherayla by Carmaya se dedica a la fabricaci\u00f3n, venta y postura de extensiones de cabello humano, en combinaci\u00f3n con todos los servicios de cuidado a la belleza [&hellip;]<\/p>\n","protected":false},"author":7,"featured_media":524103,"comment_status":"closed","ping_status":"","sticky":true,"template":"","format":"standard","meta":{"footnotes":""},"categories":[25,27],"tags":[],"class_list":["post-524019","post","type-post","status-publish","format-standard","has-post-thumbnail","hentry","category-gente","category-portada"],"_links":{"self":[{"href":"https:\/\/diariodominicano.com\/index.php?rest_route=\/wp\/v2\/posts\/524019","targetHints":{"allow":["GET"]}}],"collection":[{"href":"https:\/\/diariodominicano.com\/index.php?rest_route=\/wp\/v2\/posts"}],"about":[{"href":"https:\/\/diariodominicano.com\/index.php?rest_route=\/wp\/v2\/types\/post"}],"author":[{"embeddable":true,"href":"https:\/\/diariodominicano.com\/index.php?rest_route=\/wp\/v2\/users\/7"}],"replies":[{"embeddable":true,"href":"https:\/\/diariodominicano.com\/index.php?rest_route=%2Fwp%2Fv2%2Fcomments&post=524019"}],"version-history":[{"count":3,"href":"https:\/\/diariodominicano.com\/index.php?rest_route=\/wp\/v2\/posts\/524019\/revisions"}],"predecessor-version":[{"id":524149,"href":"https:\/\/diariodominicano.com\/index.php?rest_route=\/wp\/v2\/posts\/524019\/revisions\/524149"}],"wp:featuredmedia":[{"embeddable":true,"href":"https:\/\/diariodominicano.com\/index.php?rest_route=\/wp\/v2\/media\/524103"}],"wp:attachment":[{"href":"https:\/\/diariodominicano.com\/index.php?rest_route=%2Fwp%2Fv2%2Fmedia&parent=524019"}],"wp:term":[{"taxonomy":"category","embeddable":true,"href":"https:\/\/diariodominicano.com\/index.php?rest_route=%2Fwp%2Fv2%2Fcategories&post=524019"},{"taxonomy":"post_tag","embeddable":true,"href":"https:\/\/diariodominicano.com\/index.php?rest_route=%2Fwp%2Fv2%2Ftags&post=524019"}],"curies":[{"name":"wp","href":"https:\/\/api.w.org\/{rel}","templated":true}]}}