{"id":524001,"date":"2024-04-16T12:03:29","date_gmt":"2024-04-16T16:03:29","guid":{"rendered":"https:\/\/diariodominicano.com\/?p=524001"},"modified":"2024-04-16T12:03:29","modified_gmt":"2024-04-16T16:03:29","slug":"republica-dominicana-amplia-conectividad-aerea-con-otros-paises","status":"publish","type":"post","link":"https:\/\/diariodominicano.com\/?p=524001","title":{"rendered":"Rep\u00fablica Dominicana ampl\u00eda conectividad a\u00e9rea con otros pa\u00edses"},"content":{"rendered":"\n<p>diariodominicano.com<\/p>\n\n\n\n<p>Santo Domingo, 16 abr (Prensa Latina) El presidente de la Junta de Aviaci\u00f3n Civil (JAC) de Rep\u00fablica Dominicana, Jos\u00e9 Ernesto Marte, destac\u00f3 hoy el aumento de rutas y frecuencias de varias aerol\u00edneas que operan vuelos internacionales desde y hacia el territorio dominicano.<\/p>\n\n\n\n<p>Tras referirse al impacto que tiene la conectividad a\u00e9rea en sectores econ\u00f3micos clave del pa\u00eds, Piantini inform\u00f3 las nuevas solicitudes de los operadores a\u00e9reos Orbest, Air Canad\u00e1, Neos, Evelop Airlines, Air Europa y Sunwing Airlines.<\/p>\n\n\n\n<p>En ese sentido, precis\u00f3 que en el caso del portugu\u00e9s Orbest realizar\u00e1 un vuelo semanal en la ruta Lisboa \/Saman\u00e1\/Lisboa, a partir del 28 de junio pr\u00f3ximo.<\/p>\n\n\n\n<p>De igual manera, anunci\u00f3 el pedido de Air Canada para operar 26 vuelos de carga en el sentido Toronto \/M\u00e9xico \/Quito \/Punta Cana \/Toronto, desde el 2 de mayo al 24 de octubre de este a\u00f1o, y Ottawa\/Punta Cana\/Ottawa, desde el 31 de marzo al 28 de abril.<\/p>\n\n\n\n<p>Los miembros del pleno conocieron el inter\u00e9s del operador italiano Neos de moverse en las rutas Verona \/Roma\/La Romana\/Verona; Malpensa\/Roma\/La Romana \/Roma\/Malpensa; Verona\/Roma\/La Romana \/Montego Bay\/Verona y Roma\/La Romana\/Roma.<\/p>\n\n\n\n<p>Asimismo, el operador espa\u00f1ol Evelop Airlines cubrir\u00e1 el trayecto Barcelona \/Punta Cana\/ Barcelona, desde el 25 de junio al 10 de septiembre de 2024, con una frecuencia semanal.<\/p>\n\n\n\n<p>Otras demandas proceden de Air Europa, la que efectuar\u00e1 vuelos bajo la modalidad de c\u00f3digo compartido con Turkish Airlines y Etihad Airways, en la direcci\u00f3n Madrid\/Santo Domingo\/Madrid.<\/p>\n\n\n\n<p>Asimismo, Sunwing Airlines operar\u00e1 94 vuelos de pasajeros, desde el 1 de abril hasta el 22 de mayo de 2024, desde y hacia el territorio dominicano en diferentes rutas con ciudades de Canad\u00e1, entre estas Bagotville, Calgary, Edmonton, Vancouver, Fredericton, Toronto y Quebec.<\/p>\n\n\n\n<p>mem\/mpv<\/p>\n","protected":false},"excerpt":{"rendered":"<p>diariodominicano.com Santo Domingo, 16 abr (Prensa Latina) El presidente de la Junta de Aviaci\u00f3n Civil (JAC) de Rep\u00fablica Dominicana, Jos\u00e9 Ernesto Marte, destac\u00f3 hoy el aumento de rutas y frecuencias de varias aerol\u00edneas que operan vuelos internacionales desde y hacia el territorio dominicano. Tras referirse al impacto que tiene la conectividad a\u00e9rea en sectores econ\u00f3micos [&hellip;]<\/p>\n","protected":false},"author":5,"featured_media":524002,"comment_status":"closed","ping_status":"","sticky":true,"template":"","format":"standard","meta":{"footnotes":""},"categories":[20,27],"tags":[],"class_list":["post-524001","post","type-post","status-publish","format-standard","has-post-thumbnail","hentry","category-dominicana-hoy","category-portada"],"_links":{"self":[{"href":"https:\/\/diariodominicano.com\/index.php?rest_route=\/wp\/v2\/posts\/524001","targetHints":{"allow":["GET"]}}],"collection":[{"href":"https:\/\/diariodominicano.com\/index.php?rest_route=\/wp\/v2\/posts"}],"about":[{"href":"https:\/\/diariodominicano.com\/index.php?rest_route=\/wp\/v2\/types\/post"}],"author":[{"embeddable":true,"href":"https:\/\/diariodominicano.com\/index.php?rest_route=\/wp\/v2\/users\/5"}],"replies":[{"embeddable":true,"href":"https:\/\/diariodominicano.com\/index.php?rest_route=%2Fwp%2Fv2%2Fcomments&post=524001"}],"version-history":[{"count":1,"href":"https:\/\/diariodominicano.com\/index.php?rest_route=\/wp\/v2\/posts\/524001\/revisions"}],"predecessor-version":[{"id":524003,"href":"https:\/\/diariodominicano.com\/index.php?rest_route=\/wp\/v2\/posts\/524001\/revisions\/524003"}],"wp:featuredmedia":[{"embeddable":true,"href":"https:\/\/diariodominicano.com\/index.php?rest_route=\/wp\/v2\/media\/524002"}],"wp:attachment":[{"href":"https:\/\/diariodominicano.com\/index.php?rest_route=%2Fwp%2Fv2%2Fmedia&parent=524001"}],"wp:term":[{"taxonomy":"category","embeddable":true,"href":"https:\/\/diariodominicano.com\/index.php?rest_route=%2Fwp%2Fv2%2Fcategories&post=524001"},{"taxonomy":"post_tag","embeddable":true,"href":"https:\/\/diariodominicano.com\/index.php?rest_route=%2Fwp%2Fv2%2Ftags&post=524001"}],"curies":[{"name":"wp","href":"https:\/\/api.w.org\/{rel}","templated":true}]}}