{"id":523972,"date":"2024-04-16T10:32:21","date_gmt":"2024-04-16T14:32:21","guid":{"rendered":"https:\/\/diariodominicano.com\/?p=523972"},"modified":"2024-04-16T10:38:12","modified_gmt":"2024-04-16T14:38:12","slug":"iglesia-de-dios-celebra-graduacion-ordinaria-46","status":"publish","type":"post","link":"https:\/\/diariodominicano.com\/?p=523972","title":{"rendered":"Iglesia de Dios celebra graduaci\u00f3n ordinaria 46"},"content":{"rendered":"\n<p>Parte de los 415 pastores y l\u00edderes eclesiales durante la ceremonia de graduaci\u00f3n ordinaria.<\/p>\n\n\n\n<figure class=\"wp-block-image size-large\"><img loading=\"lazy\" decoding=\"async\" width=\"1024\" height=\"581\" src=\"https:\/\/diariodominicano.com\/wp-content\/uploads\/2024\/04\/foto-sebid--1024x581.jpeg\" alt=\"\" class=\"wp-image-523978\" srcset=\"https:\/\/diariodominicano.com\/wp-content\/uploads\/2024\/04\/foto-sebid--1024x581.jpeg 1024w, https:\/\/diariodominicano.com\/wp-content\/uploads\/2024\/04\/foto-sebid--300x170.jpeg 300w, https:\/\/diariodominicano.com\/wp-content\/uploads\/2024\/04\/foto-sebid--768x436.jpeg 768w, https:\/\/diariodominicano.com\/wp-content\/uploads\/2024\/04\/foto-sebid--816x463.jpeg 816w, https:\/\/diariodominicano.com\/wp-content\/uploads\/2024\/04\/foto-sebid-.jpeg 1280w\" sizes=\"auto, (max-width: 1024px) 100vw, 1024px\" \/><\/figure>\n\n\n\n<p>Fernando Lugo, Janel Encarnaci\u00f3n, C\u00e9sar P\u00e9rez, Mart\u00edn M\u00e1rmol, Misael King Soriano, Juan Antonio Encarnaci\u00f3n, Yony Samuel Paredes, Jos\u00e9 Antonio Chery, Eunice Valera y Quenia Nolasco.<\/p>\n\n\n\n<p><strong>Seminario B\u00edblico de la Iglesia de Dios entrega t\u00edtulos en teolog\u00eda y pastoral a 415 l\u00edderes ministeriales<\/strong><\/p>\n\n\n\n<figure class=\"wp-block-image size-large\"><img loading=\"lazy\" decoding=\"async\" width=\"1024\" height=\"491\" src=\"https:\/\/diariodominicano.com\/wp-content\/uploads\/2024\/04\/FOTO-3-PASTOR-JOSE-CHERRY-1-1024x491.jpeg\" alt=\"\" class=\"wp-image-523980\" srcset=\"https:\/\/diariodominicano.com\/wp-content\/uploads\/2024\/04\/FOTO-3-PASTOR-JOSE-CHERRY-1-1024x491.jpeg 1024w, https:\/\/diariodominicano.com\/wp-content\/uploads\/2024\/04\/FOTO-3-PASTOR-JOSE-CHERRY-1-300x144.jpeg 300w, https:\/\/diariodominicano.com\/wp-content\/uploads\/2024\/04\/FOTO-3-PASTOR-JOSE-CHERRY-1-768x368.jpeg 768w, https:\/\/diariodominicano.com\/wp-content\/uploads\/2024\/04\/FOTO-3-PASTOR-JOSE-CHERRY-1-816x391.jpeg 816w, https:\/\/diariodominicano.com\/wp-content\/uploads\/2024\/04\/FOTO-3-PASTOR-JOSE-CHERRY-1.jpeg 1280w\" sizes=\"auto, (max-width: 1024px) 100vw, 1024px\" \/><\/figure>\n\n\n\n<p>\u00a0<strong>Dr. Jos\u00e9 Antonio Chery, orador principal de la graduaci\u00f3n.<\/strong><\/p>\n\n\n\n<p>Diariodomiicano.com<\/p>\n\n\n\n<p><strong>SANTO DOMINGO<\/strong>, RD. 415 l\u00edderes cristianos de la Capital y de diferentes provincias del pa\u00eds, recibieron sus t\u00edtulos del parte del Seminario B\u00edblico de la Iglesia de Dios en la Rep\u00fablica Dominicana, luego de completar los programas de Formaci\u00f3n Pastoral, Liderazgo, Reglas Parlamentarias y Predicaci\u00f3n Eclesi\u00e1stica, en la ceremonia correspondiente a su Investidura Ordinaria n\u00famero 46.<\/p>\n\n\n\n<p>Las palabras centrales estuvieron a cargo del director educacional Misael King Soriano, el cual llam\u00f3 a los graduandos a seguir adquiriendo conocimiento con la intencionalidad de compartirlos o comunicarlos a otros, aspecto que no es solo de los docentes o pastores; sino a todos los creyentes, a los graduandos, los cuales deben conectar sus talentos y habilidades en el campo de la necesidad en sus iglesias y comunidades.<\/p>\n\n\n\n<p>\u201cEs importante el aprendizaje para poder lograr el avance. Debemos conocer la palabra de Dios, y es en este \u00faltimo aspecto donde nuestro seminario trilla su rol y prop\u00f3sito. Tambi\u00e9n es importante que conozcamos nuestra historia\u00bb. a\u00f1adi\u00f3.<\/p>\n\n\n\n<p>El rector Misael King, sostuvo que en que Iglesia de Dios en la persona del obispo administrativo nacional, Juan Tiburcio P\u00e9rez, y el Seminario B\u00edblico de la denominaci\u00f3n que dirige, est\u00e1n en la obligaci\u00f3n de continuar la misi\u00f3n de una educaci\u00f3n teol\u00f3gica relevante, pertinente y transformadora que sirva en la actualizaci\u00f3n de los pastores y l\u00edderes de la iglesia.<\/p>\n\n\n\n<figure class=\"wp-block-image size-large\"><img loading=\"lazy\" decoding=\"async\" width=\"1024\" height=\"585\" src=\"https:\/\/diariodominicano.com\/wp-content\/uploads\/2024\/04\/FOTO-4-graduandos--1024x585.jpeg\" alt=\"\" class=\"wp-image-523982\" srcset=\"https:\/\/diariodominicano.com\/wp-content\/uploads\/2024\/04\/FOTO-4-graduandos--1024x585.jpeg 1024w, https:\/\/diariodominicano.com\/wp-content\/uploads\/2024\/04\/FOTO-4-graduandos--300x171.jpeg 300w, https:\/\/diariodominicano.com\/wp-content\/uploads\/2024\/04\/FOTO-4-graduandos--768x439.jpeg 768w, https:\/\/diariodominicano.com\/wp-content\/uploads\/2024\/04\/FOTO-4-graduandos--816x466.jpeg 816w, https:\/\/diariodominicano.com\/wp-content\/uploads\/2024\/04\/FOTO-4-graduandos-.jpeg 1280w\" sizes=\"auto, (max-width: 1024px) 100vw, 1024px\" \/><\/figure>\n\n\n\n<p>Los 415 graduandos entre pastores, l\u00edderes y laicos, pertenecen a las extensiones formativas del Gran Santo Domingo, le fueron entregados t\u00edtulos en Formaci\u00f3n Pastoral; mientras que 157 pertenecieron a las provincias de San Crist\u00f3bal, Saman\u00e1, Santiago, el Seib\u00f3, la Romana y los municipios de las Terrenas y Villa Jaragua, obtuvieron t\u00edtulos para mejorar su ejercicio ministerial.<\/p>\n\n\n\n<p>De igual manera, 39 l\u00edderes eclesi\u00e1sticos de la Capital alcanzaron diplomas en la especializaci\u00f3n de Pastoral y Acci\u00f3n Social, Reglas Parlamentarias, y Predicaci\u00f3n Eclesi\u00e1stica.<\/p>\n\n\n\n<p>La ceremonia de graduaci\u00f3n ordinaria fue realizada el s\u00e1bado 13 de abril en el Auditorio del Pabell\u00f3n de la Fama del Deporte Dominicano del Centro Ol\u00edmpico Juan Pablo Duarte, fue presidida por el obispo administrativo de la denominaci\u00f3n, Rev. Juan Tiburcio P\u00e9rez; Lic. Misael King Soriano, rector del Seminario B\u00edblico.<\/p>\n\n\n\n<p>Adem\u00e1s, de la Licda. Eunice Valera Tena, vicerrectora acad\u00e9mica, Dra. Quenia Nolasco, directora de registro; Lic. C\u00e9sar P\u00e9rez, director nacional de Extensiones B\u00edblicas-teol\u00f3gicas; y Janel Encarnaci\u00f3n, Coordinador Nacional de Educaci\u00f3n Permanente. Mart\u00edn M\u00e1rmol, presidente de la Junta Educativa; Juan Antonio Encarnaci\u00f3n, Obispo del Caribe Hispano; Yony Samuel Paredes, Enlace de Educaci\u00f3n; y el Dr. Jos\u00e9 Antonio Chery, orador principal de la graduaci\u00f3n.<\/p>\n\n\n\n<p><strong>Sobre el (SEBID)<\/strong><\/p>\n\n\n\n<p>El Seminario B\u00edblico de la Iglesia de Dios (SEBID), surge como producto de la necesidad de formar l\u00edderes que las iglesias necesitaban. Fundado en 1964, en la Iglesia de Dios de la calle Barahona en el Distrito Nacional. En los 60 a\u00f1os de su fundaci\u00f3n, la entidad educativa ha mantenido programas de formaci\u00f3n b\u00edblica y teol\u00f3gica a trav\u00e9s de sus extensiones y programas de educaci\u00f3n permanente, enfocados a miembros laicos que inician como l\u00edderes en la eficientizaci\u00f3n de su liderazgo.<\/p>\n\n\n\n<p>Felix Caraballo<\/p>\n\n\n\n<p><a target=\"_blank\" href=\"mailto:felixcaraballor@gmail.com\" rel=\"noreferrer noopener\">felixcaraballor@gmail.com<\/a><\/p>\n\n\n\n<p><\/p>\n","protected":false},"excerpt":{"rendered":"<p>Parte de los 415 pastores y l\u00edderes eclesiales durante la ceremonia de graduaci\u00f3n ordinaria. Fernando Lugo, Janel Encarnaci\u00f3n, C\u00e9sar P\u00e9rez, Mart\u00edn M\u00e1rmol, Misael King Soriano, Juan Antonio Encarnaci\u00f3n, Yony Samuel Paredes, Jos\u00e9 Antonio Chery, Eunice Valera y Quenia Nolasco. Seminario B\u00edblico de la Iglesia de Dios entrega t\u00edtulos en teolog\u00eda y pastoral a 415 l\u00edderes [&hellip;]<\/p>\n","protected":false},"author":28,"featured_media":523976,"comment_status":"closed","ping_status":"","sticky":true,"template":"","format":"standard","meta":{"footnotes":""},"categories":[36,20,27],"tags":[],"class_list":["post-523972","post","type-post","status-publish","format-standard","has-post-thumbnail","hentry","category-hombresmujeresycosas","category-dominicana-hoy","category-portada"],"_links":{"self":[{"href":"https:\/\/diariodominicano.com\/index.php?rest_route=\/wp\/v2\/posts\/523972","targetHints":{"allow":["GET"]}}],"collection":[{"href":"https:\/\/diariodominicano.com\/index.php?rest_route=\/wp\/v2\/posts"}],"about":[{"href":"https:\/\/diariodominicano.com\/index.php?rest_route=\/wp\/v2\/types\/post"}],"author":[{"embeddable":true,"href":"https:\/\/diariodominicano.com\/index.php?rest_route=\/wp\/v2\/users\/28"}],"replies":[{"embeddable":true,"href":"https:\/\/diariodominicano.com\/index.php?rest_route=%2Fwp%2Fv2%2Fcomments&post=523972"}],"version-history":[{"count":5,"href":"https:\/\/diariodominicano.com\/index.php?rest_route=\/wp\/v2\/posts\/523972\/revisions"}],"predecessor-version":[{"id":523984,"href":"https:\/\/diariodominicano.com\/index.php?rest_route=\/wp\/v2\/posts\/523972\/revisions\/523984"}],"wp:featuredmedia":[{"embeddable":true,"href":"https:\/\/diariodominicano.com\/index.php?rest_route=\/wp\/v2\/media\/523976"}],"wp:attachment":[{"href":"https:\/\/diariodominicano.com\/index.php?rest_route=%2Fwp%2Fv2%2Fmedia&parent=523972"}],"wp:term":[{"taxonomy":"category","embeddable":true,"href":"https:\/\/diariodominicano.com\/index.php?rest_route=%2Fwp%2Fv2%2Fcategories&post=523972"},{"taxonomy":"post_tag","embeddable":true,"href":"https:\/\/diariodominicano.com\/index.php?rest_route=%2Fwp%2Fv2%2Ftags&post=523972"}],"curies":[{"name":"wp","href":"https:\/\/api.w.org\/{rel}","templated":true}]}}