{"id":523967,"date":"2024-04-16T10:19:37","date_gmt":"2024-04-16T14:19:37","guid":{"rendered":"https:\/\/diariodominicano.com\/?p=523967"},"modified":"2024-04-16T10:19:37","modified_gmt":"2024-04-16T14:19:37","slug":"feflas-denuncia-uasd-tiene-anos-sin-entrar-el-libro-de-grado-a-egresados","status":"publish","type":"post","link":"https:\/\/diariodominicano.com\/?p=523967","title":{"rendered":"FEFLAS denuncia UASD tiene a\u00f1os sin entrar el libro de grado a egresados"},"content":{"rendered":"\n<p>diariodominicano.com<\/p>\n\n\n\n<p>Santo Domingo, R. D.,\u200216 de abril, 2024.-  El Frente Estudiantil Flavio Suero (FEFLAS), denunci\u00f3 mediante un comunicado dirigido a las autoridades universitarias, de la Universidad Aut\u00f3noma de Santo Domingo (UASD, el Mtro. Editrudis Beltr\u00e1n, Rector Magn\u00edfico y al director de la Editora Universitaria, Melvyn Valenzuela, miles de estudiantes tienen a\u00f1os sin recibir el libro de grado.<\/p>\n\n\n\n<p>Stalin Mart\u00ednez, presidente del FEFLAS, indic\u00f3 que miles de egresados, desde hace dos a\u00f1os, no reciben el libro de grado a pesar de que est\u00e9 figurado dentro del pago a derecho a graduaci\u00f3n.<\/p>\n\n\n\n<p>Del mismo modo, Atellu Sanchez, delegado ante el Consejo Universitario, por el FEFLAS, dijo que s\u00f3lo en las \u00faltimas tres graduaciones, la de Octubre, Diciembre y Febrero, se graduaron m\u00e1s de 10 mil estudiantes, y que esta situaci\u00f3n anormal que viene ocurriendo desde la nueva gesti\u00f3n fue denuncia en el citado y de manera escrita por la organizaci\u00f3n.<\/p>\n","protected":false},"excerpt":{"rendered":"<p>diariodominicano.com Santo Domingo, R. D.,\u200216 de abril, 2024.- El Frente Estudiantil Flavio Suero (FEFLAS), denunci\u00f3 mediante un comunicado dirigido a las autoridades universitarias, de la Universidad Aut\u00f3noma de Santo Domingo (UASD, el Mtro. Editrudis Beltr\u00e1n, Rector Magn\u00edfico y al director de la Editora Universitaria, Melvyn Valenzuela, miles de estudiantes tienen a\u00f1os sin recibir el libro [&hellip;]<\/p>\n","protected":false},"author":5,"featured_media":523969,"comment_status":"closed","ping_status":"","sticky":true,"template":"","format":"standard","meta":{"footnotes":""},"categories":[20,27],"tags":[],"class_list":["post-523967","post","type-post","status-publish","format-standard","has-post-thumbnail","hentry","category-dominicana-hoy","category-portada"],"_links":{"self":[{"href":"https:\/\/diariodominicano.com\/index.php?rest_route=\/wp\/v2\/posts\/523967","targetHints":{"allow":["GET"]}}],"collection":[{"href":"https:\/\/diariodominicano.com\/index.php?rest_route=\/wp\/v2\/posts"}],"about":[{"href":"https:\/\/diariodominicano.com\/index.php?rest_route=\/wp\/v2\/types\/post"}],"author":[{"embeddable":true,"href":"https:\/\/diariodominicano.com\/index.php?rest_route=\/wp\/v2\/users\/5"}],"replies":[{"embeddable":true,"href":"https:\/\/diariodominicano.com\/index.php?rest_route=%2Fwp%2Fv2%2Fcomments&post=523967"}],"version-history":[{"count":1,"href":"https:\/\/diariodominicano.com\/index.php?rest_route=\/wp\/v2\/posts\/523967\/revisions"}],"predecessor-version":[{"id":523970,"href":"https:\/\/diariodominicano.com\/index.php?rest_route=\/wp\/v2\/posts\/523967\/revisions\/523970"}],"wp:featuredmedia":[{"embeddable":true,"href":"https:\/\/diariodominicano.com\/index.php?rest_route=\/wp\/v2\/media\/523969"}],"wp:attachment":[{"href":"https:\/\/diariodominicano.com\/index.php?rest_route=%2Fwp%2Fv2%2Fmedia&parent=523967"}],"wp:term":[{"taxonomy":"category","embeddable":true,"href":"https:\/\/diariodominicano.com\/index.php?rest_route=%2Fwp%2Fv2%2Fcategories&post=523967"},{"taxonomy":"post_tag","embeddable":true,"href":"https:\/\/diariodominicano.com\/index.php?rest_route=%2Fwp%2Fv2%2Ftags&post=523967"}],"curies":[{"name":"wp","href":"https:\/\/api.w.org\/{rel}","templated":true}]}}