{"id":523886,"date":"2024-04-15T22:20:02","date_gmt":"2024-04-16T02:20:02","guid":{"rendered":"https:\/\/diariodominicano.com\/?p=523886"},"modified":"2024-04-15T22:23:04","modified_gmt":"2024-04-16T02:23:04","slug":"autoridades-militares-y-civiles-conmemoran-el-180-aniversario-de-la-batalla-naval-de-tortuguero","status":"publish","type":"post","link":"https:\/\/diariodominicano.com\/?p=523886","title":{"rendered":"Autoridades militares y civiles conmemoran el 180 aniversario de la Batalla Naval de Tortuguero"},"content":{"rendered":"\n<p><br><strong>AZUA, RD.-<\/strong>Al conmemorarse el 180 Aniversario de la Gesta Naval de Tortuguero, autoridades civiles, militares y provinciales, rindieron tributo a los almirantes participantes en el combate que determin\u00f3 la supremac\u00eda naval de la Rep\u00fablica Dominicana sobre Hait\u00ed, tras la declaraci\u00f3n de la Independencia <\/p>\n\n\n\n<figure class=\"wp-block-image size-large\"><img loading=\"lazy\" decoding=\"async\" width=\"1024\" height=\"683\" src=\"https:\/\/diariodominicano.com\/wp-content\/uploads\/2024\/04\/WhatsApp-Image-2024-04-15-at-5.20.57-PM-1024x683.jpeg\" alt=\"\" class=\"wp-image-523897\" srcset=\"https:\/\/diariodominicano.com\/wp-content\/uploads\/2024\/04\/WhatsApp-Image-2024-04-15-at-5.20.57-PM-1024x683.jpeg 1024w, https:\/\/diariodominicano.com\/wp-content\/uploads\/2024\/04\/WhatsApp-Image-2024-04-15-at-5.20.57-PM-300x200.jpeg 300w, https:\/\/diariodominicano.com\/wp-content\/uploads\/2024\/04\/WhatsApp-Image-2024-04-15-at-5.20.57-PM-768x512.jpeg 768w, https:\/\/diariodominicano.com\/wp-content\/uploads\/2024\/04\/WhatsApp-Image-2024-04-15-at-5.20.57-PM-1536x1024.jpeg 1536w, https:\/\/diariodominicano.com\/wp-content\/uploads\/2024\/04\/WhatsApp-Image-2024-04-15-at-5.20.57-PM-2048x1366.jpeg 2048w, https:\/\/diariodominicano.com\/wp-content\/uploads\/2024\/04\/WhatsApp-Image-2024-04-15-at-5.20.57-PM-816x544.jpeg 816w\" sizes=\"auto, (max-width: 1024px) 100vw, 1024px\" \/><\/figure>\n\n\n\n<figure class=\"wp-block-image size-large\"><img loading=\"lazy\" decoding=\"async\" width=\"1024\" height=\"683\" src=\"https:\/\/diariodominicano.com\/wp-content\/uploads\/2024\/04\/WhatsApp-Image-2024-04-15-at-5.20.57-PM-3-1024x683.jpeg\" alt=\"\" class=\"wp-image-523894\" srcset=\"https:\/\/diariodominicano.com\/wp-content\/uploads\/2024\/04\/WhatsApp-Image-2024-04-15-at-5.20.57-PM-3-1024x683.jpeg 1024w, https:\/\/diariodominicano.com\/wp-content\/uploads\/2024\/04\/WhatsApp-Image-2024-04-15-at-5.20.57-PM-3-300x200.jpeg 300w, https:\/\/diariodominicano.com\/wp-content\/uploads\/2024\/04\/WhatsApp-Image-2024-04-15-at-5.20.57-PM-3-768x512.jpeg 768w, https:\/\/diariodominicano.com\/wp-content\/uploads\/2024\/04\/WhatsApp-Image-2024-04-15-at-5.20.57-PM-3-1536x1024.jpeg 1536w, https:\/\/diariodominicano.com\/wp-content\/uploads\/2024\/04\/WhatsApp-Image-2024-04-15-at-5.20.57-PM-3-2048x1366.jpeg 2048w, https:\/\/diariodominicano.com\/wp-content\/uploads\/2024\/04\/WhatsApp-Image-2024-04-15-at-5.20.57-PM-3-816x544.jpeg 816w\" sizes=\"auto, (max-width: 1024px) 100vw, 1024px\" \/><\/figure>\n\n\n\n<figure class=\"wp-block-image size-large\"><img loading=\"lazy\" decoding=\"async\" width=\"1024\" height=\"683\" src=\"https:\/\/diariodominicano.com\/wp-content\/uploads\/2024\/04\/azua-1024x683.jpg\" alt=\"\" class=\"wp-image-523889\" srcset=\"https:\/\/diariodominicano.com\/wp-content\/uploads\/2024\/04\/azua-1024x683.jpg 1024w, https:\/\/diariodominicano.com\/wp-content\/uploads\/2024\/04\/azua-300x200.jpg 300w, https:\/\/diariodominicano.com\/wp-content\/uploads\/2024\/04\/azua-768x512.jpg 768w, https:\/\/diariodominicano.com\/wp-content\/uploads\/2024\/04\/azua-1536x1024.jpg 1536w, https:\/\/diariodominicano.com\/wp-content\/uploads\/2024\/04\/azua-2048x1366.jpg 2048w, https:\/\/diariodominicano.com\/wp-content\/uploads\/2024\/04\/azua-816x544.jpg 816w\" sizes=\"auto, (max-width: 1024px) 100vw, 1024px\" \/><\/figure>\n\n\n\n<p>Nacional el 27 de febrero de  1844.<\/p>\n\n\n\n<figure class=\"wp-block-image size-large\"><img loading=\"lazy\" decoding=\"async\" width=\"1024\" height=\"683\" src=\"https:\/\/diariodominicano.com\/wp-content\/uploads\/2024\/04\/WhatsApp-Image-2024-04-15-at-5.20.57-PM-2-1024x683.jpeg\" alt=\"\" class=\"wp-image-523888\" srcset=\"https:\/\/diariodominicano.com\/wp-content\/uploads\/2024\/04\/WhatsApp-Image-2024-04-15-at-5.20.57-PM-2-1024x683.jpeg 1024w, https:\/\/diariodominicano.com\/wp-content\/uploads\/2024\/04\/WhatsApp-Image-2024-04-15-at-5.20.57-PM-2-300x200.jpeg 300w, https:\/\/diariodominicano.com\/wp-content\/uploads\/2024\/04\/WhatsApp-Image-2024-04-15-at-5.20.57-PM-2-768x512.jpeg 768w, https:\/\/diariodominicano.com\/wp-content\/uploads\/2024\/04\/WhatsApp-Image-2024-04-15-at-5.20.57-PM-2-1536x1024.jpeg 1536w, https:\/\/diariodominicano.com\/wp-content\/uploads\/2024\/04\/WhatsApp-Image-2024-04-15-at-5.20.57-PM-2-2048x1366.jpeg 2048w, https:\/\/diariodominicano.com\/wp-content\/uploads\/2024\/04\/WhatsApp-Image-2024-04-15-at-5.20.57-PM-2-816x544.jpeg 816w\" sizes=\"auto, (max-width: 1024px) 100vw, 1024px\" \/><\/figure>\n\n\n\n<figure class=\"wp-block-image size-large\"><img loading=\"lazy\" decoding=\"async\" width=\"1024\" height=\"683\" src=\"https:\/\/diariodominicano.com\/wp-content\/uploads\/2024\/04\/WhatsApp-Image-2024-04-15-at-5.21.02-PM-1024x683.jpeg\" alt=\"\" class=\"wp-image-523890\" srcset=\"https:\/\/diariodominicano.com\/wp-content\/uploads\/2024\/04\/WhatsApp-Image-2024-04-15-at-5.21.02-PM-1024x683.jpeg 1024w, https:\/\/diariodominicano.com\/wp-content\/uploads\/2024\/04\/WhatsApp-Image-2024-04-15-at-5.21.02-PM-300x200.jpeg 300w, https:\/\/diariodominicano.com\/wp-content\/uploads\/2024\/04\/WhatsApp-Image-2024-04-15-at-5.21.02-PM-768x512.jpeg 768w, https:\/\/diariodominicano.com\/wp-content\/uploads\/2024\/04\/WhatsApp-Image-2024-04-15-at-5.21.02-PM-1536x1024.jpeg 1536w, https:\/\/diariodominicano.com\/wp-content\/uploads\/2024\/04\/WhatsApp-Image-2024-04-15-at-5.21.02-PM-2048x1366.jpeg 2048w, https:\/\/diariodominicano.com\/wp-content\/uploads\/2024\/04\/WhatsApp-Image-2024-04-15-at-5.21.02-PM-816x544.jpeg 816w\" sizes=\"auto, (max-width: 1024px) 100vw, 1024px\" \/><\/figure>\n\n\n\n<p>El acto inici\u00f3 con la izada de bandera, la entonaci\u00f3n del himno nacional y la lectura de la orden del d\u00eda, emitida por el despacho del ministro de Defensa, teniente general Carlos Luciano Diaz Morfa, ERD, en la cual se destaca las grandes haza\u00f1as y aportes de los dominicanos vinculados al mar.<\/p>\n\n\n\n<figure class=\"wp-block-image size-large\"><img loading=\"lazy\" decoding=\"async\" width=\"1024\" height=\"683\" src=\"https:\/\/diariodominicano.com\/wp-content\/uploads\/2024\/04\/WhatsApp-Image-2024-04-15-at-5.21.02-PM-1-1024x683.jpeg\" alt=\"\" class=\"wp-image-523892\" srcset=\"https:\/\/diariodominicano.com\/wp-content\/uploads\/2024\/04\/WhatsApp-Image-2024-04-15-at-5.21.02-PM-1-1024x683.jpeg 1024w, https:\/\/diariodominicano.com\/wp-content\/uploads\/2024\/04\/WhatsApp-Image-2024-04-15-at-5.21.02-PM-1-300x200.jpeg 300w, https:\/\/diariodominicano.com\/wp-content\/uploads\/2024\/04\/WhatsApp-Image-2024-04-15-at-5.21.02-PM-1-768x512.jpeg 768w, https:\/\/diariodominicano.com\/wp-content\/uploads\/2024\/04\/WhatsApp-Image-2024-04-15-at-5.21.02-PM-1-1536x1024.jpeg 1536w, https:\/\/diariodominicano.com\/wp-content\/uploads\/2024\/04\/WhatsApp-Image-2024-04-15-at-5.21.02-PM-1-2048x1366.jpeg 2048w, https:\/\/diariodominicano.com\/wp-content\/uploads\/2024\/04\/WhatsApp-Image-2024-04-15-at-5.21.02-PM-1-816x544.jpeg 816w\" sizes=\"auto, (max-width: 1024px) 100vw, 1024px\" \/><\/figure>\n\n\n\n<p>El enfrentamiento entre las fuerzas navales ocurri\u00f3 el 15 de abril 1844 en Puerto Tortuguero, Azua, con 3 goletas dominicanas, dirigidas por el comandante Juan Bautista Cambiaso, que vencieron a los buques de la Armada Haitiana.<\/p>\n\n\n\n<p>Adem\u00e1s, por el lado dominicano particip\u00f3 Juan Bautista Maggiolo, quien con determinaci\u00f3n y coraje derrotaron a las tropas haitianas, con lo que se dio inicio al nacimiento de la Marina de Guerra Dominicana.<\/p>\n\n\n\n<p>En la actividad estuvieron presentes la gobernadora civil y provincial interina de esa demarcaci\u00f3n, profesora Mar\u00eda Minerva Navarro, el general de brigada Euler E. Sierra P\u00e9rez, FARD, Comandante del Comando Conjunto Sur de las Fuerzas Armadas; el coronel S\u00f3crates Suazo Ruiz, ERD., director de Historia Militar del Ministerio de Defensa; el coronel t\u00e9cnico de aviaci\u00f3n Juan A. Ventura Feliz, FARD, en representaci\u00f3n del comandante general de la FARD; el coronel Rolando Rosario Guerrero de la Polic\u00eda Nacional, comandante departamental PN en Azua; el padre Duban L\u00f3pez, p\u00e1rroco de la di\u00f3cesis de la iglesia cat\u00f3lica; Victor Araujo, director provincial de Educaci\u00f3n , Carlos Nin, director de los centros educativos 03-01 de la provincia Azua. Tambi\u00e9n el presidente de la Comisi\u00f3n Permanente de Efem\u00e9rides Patrias (CPEP), Juan Pablo Uribe y representantes de esa localidad.<br><br><\/p>\n\n\n\n<p><strong><em>Departamento de Prensa<\/em><\/strong><\/p>\n\n\n\n<p><em><strong>Direcci\u00f3n de Asuntos Civiles del Estado Mayor Conjunto, J5<\/strong><\/em><\/p>\n\n\n\n<p><em><strong>Ministerio de Defensa de Rep\u00fablica Dominicana<\/strong><\/em><\/p>\n","protected":false},"excerpt":{"rendered":"<p>AZUA, RD.-Al conmemorarse el 180 Aniversario de la Gesta Naval de Tortuguero, autoridades civiles, militares y provinciales, rindieron tributo a los almirantes participantes en el combate que determin\u00f3 la supremac\u00eda naval de la Rep\u00fablica Dominicana sobre Hait\u00ed, tras la declaraci\u00f3n de la Independencia Nacional el 27 de febrero de 1844. El acto inici\u00f3 con la [&hellip;]<\/p>\n","protected":false},"author":28,"featured_media":523887,"comment_status":"closed","ping_status":"","sticky":true,"template":"","format":"standard","meta":{"footnotes":""},"categories":[21,36,26,27],"tags":[],"class_list":["post-523886","post","type-post","status-publish","format-standard","has-post-thumbnail","hentry","category-cultura","category-hombresmujeresycosas","category-efemerides","category-portada"],"_links":{"self":[{"href":"https:\/\/diariodominicano.com\/index.php?rest_route=\/wp\/v2\/posts\/523886","targetHints":{"allow":["GET"]}}],"collection":[{"href":"https:\/\/diariodominicano.com\/index.php?rest_route=\/wp\/v2\/posts"}],"about":[{"href":"https:\/\/diariodominicano.com\/index.php?rest_route=\/wp\/v2\/types\/post"}],"author":[{"embeddable":true,"href":"https:\/\/diariodominicano.com\/index.php?rest_route=\/wp\/v2\/users\/28"}],"replies":[{"embeddable":true,"href":"https:\/\/diariodominicano.com\/index.php?rest_route=%2Fwp%2Fv2%2Fcomments&post=523886"}],"version-history":[{"count":5,"href":"https:\/\/diariodominicano.com\/index.php?rest_route=\/wp\/v2\/posts\/523886\/revisions"}],"predecessor-version":[{"id":523898,"href":"https:\/\/diariodominicano.com\/index.php?rest_route=\/wp\/v2\/posts\/523886\/revisions\/523898"}],"wp:featuredmedia":[{"embeddable":true,"href":"https:\/\/diariodominicano.com\/index.php?rest_route=\/wp\/v2\/media\/523887"}],"wp:attachment":[{"href":"https:\/\/diariodominicano.com\/index.php?rest_route=%2Fwp%2Fv2%2Fmedia&parent=523886"}],"wp:term":[{"taxonomy":"category","embeddable":true,"href":"https:\/\/diariodominicano.com\/index.php?rest_route=%2Fwp%2Fv2%2Fcategories&post=523886"},{"taxonomy":"post_tag","embeddable":true,"href":"https:\/\/diariodominicano.com\/index.php?rest_route=%2Fwp%2Fv2%2Ftags&post=523886"}],"curies":[{"name":"wp","href":"https:\/\/api.w.org\/{rel}","templated":true}]}}