{"id":523867,"date":"2024-04-15T21:38:41","date_gmt":"2024-04-16T01:38:41","guid":{"rendered":"https:\/\/diariodominicano.com\/?p=523867"},"modified":"2024-04-15T21:38:41","modified_gmt":"2024-04-16T01:38:41","slug":"carolina-mejia-es-investida-como-academica-de-honor-en-la-real-academia-europea-de-doctores","status":"publish","type":"post","link":"https:\/\/diariodominicano.com\/?p=523867","title":{"rendered":"Carolina Mej\u00eda es investida como Acad\u00e9mica de Honor en la Real Academia Europea de Doctores"},"content":{"rendered":"\n<p>La alcaldesa es la primera dominicana es ingresar como Acad\u00e9mica de Honor de la RAED, donde actualmente hay 19 premios noveles<\/p>\n\n\n\n<figure class=\"wp-block-image size-large\"><img loading=\"lazy\" decoding=\"async\" width=\"1024\" height=\"683\" src=\"https:\/\/diariodominicano.com\/wp-content\/uploads\/2024\/04\/WhatsApp-Image-2024-04-15-at-4.56.07-PM-3-1024x683.jpeg\" alt=\"\" class=\"wp-image-523870\" srcset=\"https:\/\/diariodominicano.com\/wp-content\/uploads\/2024\/04\/WhatsApp-Image-2024-04-15-at-4.56.07-PM-3-1024x683.jpeg 1024w, https:\/\/diariodominicano.com\/wp-content\/uploads\/2024\/04\/WhatsApp-Image-2024-04-15-at-4.56.07-PM-3-300x200.jpeg 300w, https:\/\/diariodominicano.com\/wp-content\/uploads\/2024\/04\/WhatsApp-Image-2024-04-15-at-4.56.07-PM-3-768x512.jpeg 768w, https:\/\/diariodominicano.com\/wp-content\/uploads\/2024\/04\/WhatsApp-Image-2024-04-15-at-4.56.07-PM-3-816x544.jpeg 816w, https:\/\/diariodominicano.com\/wp-content\/uploads\/2024\/04\/WhatsApp-Image-2024-04-15-at-4.56.07-PM-3.jpeg 1500w\" sizes=\"auto, (max-width: 1024px) 100vw, 1024px\" \/><\/figure>\n\n\n\n<p>Barcelona, Espa\u00f1a.- La alcaldesa Carolina Mej\u00eda fue investida este lunes como Acad\u00e9mica de Honor en la Real Academia Europea de Doctores (RAED), por su ejemplo de liderazgo positivo en el servicio p\u00fablico y bienestar social.<\/p>\n\n\n\n<figure class=\"wp-block-image size-large\"><img loading=\"lazy\" decoding=\"async\" width=\"1024\" height=\"683\" src=\"https:\/\/diariodominicano.com\/wp-content\/uploads\/2024\/04\/WhatsApp-Image-2024-04-15-at-4.56.08-PM-1024x683.jpeg\" alt=\"\" class=\"wp-image-523875\" srcset=\"https:\/\/diariodominicano.com\/wp-content\/uploads\/2024\/04\/WhatsApp-Image-2024-04-15-at-4.56.08-PM-1024x683.jpeg 1024w, https:\/\/diariodominicano.com\/wp-content\/uploads\/2024\/04\/WhatsApp-Image-2024-04-15-at-4.56.08-PM-300x200.jpeg 300w, https:\/\/diariodominicano.com\/wp-content\/uploads\/2024\/04\/WhatsApp-Image-2024-04-15-at-4.56.08-PM-768x512.jpeg 768w, https:\/\/diariodominicano.com\/wp-content\/uploads\/2024\/04\/WhatsApp-Image-2024-04-15-at-4.56.08-PM-816x544.jpeg 816w, https:\/\/diariodominicano.com\/wp-content\/uploads\/2024\/04\/WhatsApp-Image-2024-04-15-at-4.56.08-PM.jpeg 1500w\" sizes=\"auto, (max-width: 1024px) 100vw, 1024px\" \/><\/figure>\n\n\n\n<p>La Real Academia Europea de Doctores (RAED) es una organizaci\u00f3n centenaria que cuenta en sus filas con acad\u00e9micos ganadores de 19 Premios Nobel, la cual tom\u00f3 en cuenta el liderazgo humanista de Mej\u00eda como generador de cambios en la administraci\u00f3n p\u00fablica.<\/p>\n\n\n\n<figure class=\"wp-block-image size-large\"><img loading=\"lazy\" decoding=\"async\" width=\"1024\" height=\"683\" src=\"https:\/\/diariodominicano.com\/wp-content\/uploads\/2024\/04\/WhatsApp-Image-2024-04-15-at-4.56.07-PM-2-1024x683.jpeg\" alt=\"\" class=\"wp-image-523871\" srcset=\"https:\/\/diariodominicano.com\/wp-content\/uploads\/2024\/04\/WhatsApp-Image-2024-04-15-at-4.56.07-PM-2-1024x683.jpeg 1024w, https:\/\/diariodominicano.com\/wp-content\/uploads\/2024\/04\/WhatsApp-Image-2024-04-15-at-4.56.07-PM-2-300x200.jpeg 300w, https:\/\/diariodominicano.com\/wp-content\/uploads\/2024\/04\/WhatsApp-Image-2024-04-15-at-4.56.07-PM-2-768x512.jpeg 768w, https:\/\/diariodominicano.com\/wp-content\/uploads\/2024\/04\/WhatsApp-Image-2024-04-15-at-4.56.07-PM-2-1536x1024.jpeg 1536w, https:\/\/diariodominicano.com\/wp-content\/uploads\/2024\/04\/WhatsApp-Image-2024-04-15-at-4.56.07-PM-2-816x544.jpeg 816w, https:\/\/diariodominicano.com\/wp-content\/uploads\/2024\/04\/WhatsApp-Image-2024-04-15-at-4.56.07-PM-2.jpeg 1600w\" sizes=\"auto, (max-width: 1024px) 100vw, 1024px\" \/><\/figure>\n\n\n\n<p>Durante la ceremonia, Mej\u00eda disert\u00f3 durante su ingreso con el discurso titulado El liderazgo humanista como generador de cambios en la Administraci\u00f3n P\u00fablica.<\/p>\n\n\n\n<p>\u00abEste viaje de vida no solo refleja la transformaci\u00f3n de mi llamado al poder, que no es m\u00e1s que el poder ser, sino que tambi\u00e9n subraya un compromiso inquebrantable con mi visi\u00f3n de la pol\u00edtica. Una visi\u00f3n que busca restaurar la dignidad y el prop\u00f3sito original de la pr\u00e1ctica de este arte: la pol\u00edtica al servicio de la gente\u00bb, expres\u00f3 la alcaldesa.<\/p>\n\n\n\n<figure class=\"wp-block-image size-large\"><img loading=\"lazy\" decoding=\"async\" width=\"1024\" height=\"682\" src=\"https:\/\/diariodominicano.com\/wp-content\/uploads\/2024\/04\/WhatsApp-Image-2024-04-15-at-4.56.08-PM-2-1024x682.jpeg\" alt=\"\" class=\"wp-image-523872\" srcset=\"https:\/\/diariodominicano.com\/wp-content\/uploads\/2024\/04\/WhatsApp-Image-2024-04-15-at-4.56.08-PM-2-1024x682.jpeg 1024w, https:\/\/diariodominicano.com\/wp-content\/uploads\/2024\/04\/WhatsApp-Image-2024-04-15-at-4.56.08-PM-2-300x200.jpeg 300w, https:\/\/diariodominicano.com\/wp-content\/uploads\/2024\/04\/WhatsApp-Image-2024-04-15-at-4.56.08-PM-2-768x512.jpeg 768w, https:\/\/diariodominicano.com\/wp-content\/uploads\/2024\/04\/WhatsApp-Image-2024-04-15-at-4.56.08-PM-2-1536x1023.jpeg 1536w, https:\/\/diariodominicano.com\/wp-content\/uploads\/2024\/04\/WhatsApp-Image-2024-04-15-at-4.56.08-PM-2-816x544.jpeg 816w, https:\/\/diariodominicano.com\/wp-content\/uploads\/2024\/04\/WhatsApp-Image-2024-04-15-at-4.56.08-PM-2.jpeg 1600w\" sizes=\"auto, (max-width: 1024px) 100vw, 1024px\" \/><\/figure>\n\n\n\n<p>Carolina indic\u00f3 que, \u00abes desde esta visi\u00f3n, que encuentro el valor de combinar mi vulnerabilidad con mi fortaleza, mi fe con mi accionar y mi preocupaci\u00f3n personal con mi compromiso p\u00fablico, intentando dejar como legado el papel esencial de lo que los l\u00edderes conscientes podemos desempe\u00f1ar en la transformaci\u00f3n de una sociedad\u00bb.<\/p>\n\n\n\n<figure class=\"wp-block-image size-large\"><img loading=\"lazy\" decoding=\"async\" width=\"1024\" height=\"683\" src=\"https:\/\/diariodominicano.com\/wp-content\/uploads\/2024\/04\/WhatsApp-Image-2024-04-15-at-4.56.07-PM-1-1024x683.jpeg\" alt=\"\" class=\"wp-image-523873\" srcset=\"https:\/\/diariodominicano.com\/wp-content\/uploads\/2024\/04\/WhatsApp-Image-2024-04-15-at-4.56.07-PM-1-1024x683.jpeg 1024w, https:\/\/diariodominicano.com\/wp-content\/uploads\/2024\/04\/WhatsApp-Image-2024-04-15-at-4.56.07-PM-1-300x200.jpeg 300w, https:\/\/diariodominicano.com\/wp-content\/uploads\/2024\/04\/WhatsApp-Image-2024-04-15-at-4.56.07-PM-1-768x512.jpeg 768w, https:\/\/diariodominicano.com\/wp-content\/uploads\/2024\/04\/WhatsApp-Image-2024-04-15-at-4.56.07-PM-1-1536x1024.jpeg 1536w, https:\/\/diariodominicano.com\/wp-content\/uploads\/2024\/04\/WhatsApp-Image-2024-04-15-at-4.56.07-PM-1-816x544.jpeg 816w, https:\/\/diariodominicano.com\/wp-content\/uploads\/2024\/04\/WhatsApp-Image-2024-04-15-at-4.56.07-PM-1.jpeg 1600w\" sizes=\"auto, (max-width: 1024px) 100vw, 1024px\" \/><\/figure>\n\n\n\n<p>Mej\u00eda asegur\u00f3 que en su concepci\u00f3n sobre la institucionalidad democr\u00e1tica comprendi\u00f3 la pol\u00edtica como un medio para servir y mejorar la sociedad, subrayando el papel crucial que juegan la dedicaci\u00f3n individual y el compromiso colectivo en la consecuci\u00f3n de un futuro m\u00e1s prometedor para todos.<\/p>\n\n\n\n<figure class=\"wp-block-image size-large\"><img loading=\"lazy\" decoding=\"async\" width=\"1024\" height=\"682\" src=\"https:\/\/diariodominicano.com\/wp-content\/uploads\/2024\/04\/WhatsApp-Image-2024-04-15-at-4.56.08-PM-1-1024x682.jpeg\" alt=\"\" class=\"wp-image-523876\" srcset=\"https:\/\/diariodominicano.com\/wp-content\/uploads\/2024\/04\/WhatsApp-Image-2024-04-15-at-4.56.08-PM-1-1024x682.jpeg 1024w, https:\/\/diariodominicano.com\/wp-content\/uploads\/2024\/04\/WhatsApp-Image-2024-04-15-at-4.56.08-PM-1-300x200.jpeg 300w, https:\/\/diariodominicano.com\/wp-content\/uploads\/2024\/04\/WhatsApp-Image-2024-04-15-at-4.56.08-PM-1-768x512.jpeg 768w, https:\/\/diariodominicano.com\/wp-content\/uploads\/2024\/04\/WhatsApp-Image-2024-04-15-at-4.56.08-PM-1-1536x1023.jpeg 1536w, https:\/\/diariodominicano.com\/wp-content\/uploads\/2024\/04\/WhatsApp-Image-2024-04-15-at-4.56.08-PM-1-816x544.jpeg 816w, https:\/\/diariodominicano.com\/wp-content\/uploads\/2024\/04\/WhatsApp-Image-2024-04-15-at-4.56.08-PM-1.jpeg 1600w\" sizes=\"auto, (max-width: 1024px) 100vw, 1024px\" \/><\/figure>\n\n\n\n<p>\u00abAcepto este honor como la renovaci\u00f3n de mi compromiso por forjar un legado duradero de cambios positivos, que nuestro esfuerzo conjunto inspire a las nuevas generaciones\u00bb, exclam\u00f3.<\/p>\n\n\n\n<figure class=\"wp-block-image size-large\"><img loading=\"lazy\" decoding=\"async\" width=\"1024\" height=\"683\" src=\"https:\/\/diariodominicano.com\/wp-content\/uploads\/2024\/04\/WhatsApp-Image-2024-04-15-at-4.56.07-PM-1024x683.jpeg\" alt=\"\" class=\"wp-image-523874\" srcset=\"https:\/\/diariodominicano.com\/wp-content\/uploads\/2024\/04\/WhatsApp-Image-2024-04-15-at-4.56.07-PM-1024x683.jpeg 1024w, https:\/\/diariodominicano.com\/wp-content\/uploads\/2024\/04\/WhatsApp-Image-2024-04-15-at-4.56.07-PM-300x200.jpeg 300w, https:\/\/diariodominicano.com\/wp-content\/uploads\/2024\/04\/WhatsApp-Image-2024-04-15-at-4.56.07-PM-768x512.jpeg 768w, https:\/\/diariodominicano.com\/wp-content\/uploads\/2024\/04\/WhatsApp-Image-2024-04-15-at-4.56.07-PM-816x544.jpeg 816w, https:\/\/diariodominicano.com\/wp-content\/uploads\/2024\/04\/WhatsApp-Image-2024-04-15-at-4.56.07-PM.jpeg 1500w\" sizes=\"auto, (max-width: 1024px) 100vw, 1024px\" \/><\/figure>\n\n\n\n<p>\u201cCarolina Mej\u00eda G\u00f3mez ha sido distinguida por sus significativas contribuciones al bienestar social y al desarrollo sostenible\u201d, precis\u00f3 La Real Academia Europea de Doctores.<\/p>\n\n\n\n<p>Durante su discurso de contestaci\u00f3n, la vicepresidenta de la Junta de Gobierno de la Real Academia Europea de Doctores, Mar\u00eda \u00c1ngels Calvo Torras, consider\u00f3 que Mej\u00eda es una humanista cuya gesti\u00f3n y estilo de liderazgo aportan esperanza y progreso a su comunidad.<\/p>\n\n\n\n<p>Asimismo, destac\u00f3 que al ocupar el puesto de secretaria general del Partido Revolucionario Moderno, Carolina refleja su gran capacidad pol\u00edtica para guiar, sin dejar de lado su compromiso con el bienestar social.<\/p>\n\n\n\n<p>La RAED valor\u00f3 la dedicaci\u00f3n de la lideresa dominicana al servicio p\u00fablico y su esfuerzo por forjar una sociedad m\u00e1s inclusiva y pr\u00f3spera se refleja en cada uno de sus logros y acciones.<\/p>\n\n\n\n<p>A trav\u00e9s de los a\u00f1os, en su rol como l\u00edder y servidora p\u00fablica, Carolina Mej\u00eda ha implementado numerosas iniciativas, siempre poniendo el bienestar de los ciudadanos en el centro de sus pol\u00edticas. En ese sentido, la Real Academia consider\u00f3 que esta orientaci\u00f3n ha sido crucial para su trayectoria pol\u00edtica, demostrando el amplio apoyo y reconocimiento por parte de la comunidad.<\/p>\n\n\n\n<p>\u201cSu dedicaci\u00f3n al servicio p\u00fablico y su esfuerzo por forjar una sociedad m\u00e1s inclusiva y pr\u00f3spera se reflejan en cada uno de sus logros y acciones\u201d, resalta la RAED.<\/p>\n\n\n\n<p>Entre los miembros del prestigioso c\u00edrculo de Acad\u00e9micos de Honor se encuentran varios Premios Nobel, tales como: el Dr. Mario Renato Capecchi, Premio Nobel de Fisiolog\u00eda 2007; la Dra. Ouided Bouchamaoui, Premio Nobel de la Paz 2015; Dra. Frances Hamilton Arnold, Premio Nobel de Qu\u00edmica 2018; Dr. Edvard Ingjald Moser, Premio Nobel de Fisiolog\u00eda 2014; Dr. G\u00e9rard Albert Mourou, Premio Nobel de F\u00edsica 2018, entre otros.<\/p>\n\n\n\n<p>La Academia se estructura en un organigrama funcional, partiendo de la Junta General y continuando con la Junta de Gobierno y el Senado, que le permite desarrollar las actividades cient\u00edficas y acad\u00e9micas para las que fue creada.<\/p>\n\n\n\n<p>Desde su fundaci\u00f3n, en 1914, la Real Academia Europea de Doctores ha estado comprometida con la defensa del prestigio del t\u00edtulo de Doctor y ha velado por mantener la armon\u00eda y la m\u00e1s estrecha colaboraci\u00f3n entre sus miembros.<\/p>\n\n\n\n<p>De acuerdo con un se\u00f1alamiento de la propia RAED, el nombramiento como Acad\u00e9mico de Honor es una distinci\u00f3n que implica una valoraci\u00f3n de la excelencia y un respaldo al liderazgo intelectual del homenajeado.<\/p>\n\n\n\n<p><strong>Direccion de Comunicaciones<\/strong><\/p>\n\n\n\n<p><strong>Lunes 15 de abril 2024<\/strong><\/p>\n","protected":false},"excerpt":{"rendered":"<p>La alcaldesa es la primera dominicana es ingresar como Acad\u00e9mica de Honor de la RAED, donde actualmente hay 19 premios noveles Barcelona, Espa\u00f1a.- La alcaldesa Carolina Mej\u00eda fue investida este lunes como Acad\u00e9mica de Honor en la Real Academia Europea de Doctores (RAED), por su ejemplo de liderazgo positivo en el servicio p\u00fablico y bienestar [&hellip;]<\/p>\n","protected":false},"author":28,"featured_media":523869,"comment_status":"closed","ping_status":"","sticky":true,"template":"","format":"standard","meta":{"footnotes":""},"categories":[36,20,27],"tags":[],"class_list":["post-523867","post","type-post","status-publish","format-standard","has-post-thumbnail","hentry","category-hombresmujeresycosas","category-dominicana-hoy","category-portada"],"_links":{"self":[{"href":"https:\/\/diariodominicano.com\/index.php?rest_route=\/wp\/v2\/posts\/523867","targetHints":{"allow":["GET"]}}],"collection":[{"href":"https:\/\/diariodominicano.com\/index.php?rest_route=\/wp\/v2\/posts"}],"about":[{"href":"https:\/\/diariodominicano.com\/index.php?rest_route=\/wp\/v2\/types\/post"}],"author":[{"embeddable":true,"href":"https:\/\/diariodominicano.com\/index.php?rest_route=\/wp\/v2\/users\/28"}],"replies":[{"embeddable":true,"href":"https:\/\/diariodominicano.com\/index.php?rest_route=%2Fwp%2Fv2%2Fcomments&post=523867"}],"version-history":[{"count":1,"href":"https:\/\/diariodominicano.com\/index.php?rest_route=\/wp\/v2\/posts\/523867\/revisions"}],"predecessor-version":[{"id":523878,"href":"https:\/\/diariodominicano.com\/index.php?rest_route=\/wp\/v2\/posts\/523867\/revisions\/523878"}],"wp:featuredmedia":[{"embeddable":true,"href":"https:\/\/diariodominicano.com\/index.php?rest_route=\/wp\/v2\/media\/523869"}],"wp:attachment":[{"href":"https:\/\/diariodominicano.com\/index.php?rest_route=%2Fwp%2Fv2%2Fmedia&parent=523867"}],"wp:term":[{"taxonomy":"category","embeddable":true,"href":"https:\/\/diariodominicano.com\/index.php?rest_route=%2Fwp%2Fv2%2Fcategories&post=523867"},{"taxonomy":"post_tag","embeddable":true,"href":"https:\/\/diariodominicano.com\/index.php?rest_route=%2Fwp%2Fv2%2Ftags&post=523867"}],"curies":[{"name":"wp","href":"https:\/\/api.w.org\/{rel}","templated":true}]}}