{"id":52384,"date":"2020-06-27T00:38:22","date_gmt":"2020-06-27T00:38:22","guid":{"rendered":"http:\/\/diariodominicano.ddns.net\/?p=52384"},"modified":"2020-06-27T00:38:22","modified_gmt":"2020-06-27T00:38:22","slug":"elecciones-dominicanas-parte-de-la-historia-i","status":"publish","type":"post","link":"https:\/\/diariodominicano.com\/?p=52384","title":{"rendered":"ELECCIONES DOMINICANAS, PARTE DE LA HISTORIA (I)"},"content":{"rendered":"<p><body><\/p>\n<p><img decoding=\"async\" src=\"img3\/Tres-Grupos-Originales-De-La-Politica-Dominicana II.jpg\" \/><br \/><img decoding=\"async\" src=\"img3\/Tres Grupos Originales De La Politica Dominican 1.jpg\" \/>  <\/p>\n<p><strong><span class=\"text1noticias\">Diariodominicano.com<\/span><\/strong><\/p>\n<p><strong><span class=\"text1noticias\">ELECCIONES DOMINICANAS, PARTE DE LA HISTORIA (I)<\/span><\/strong><\/p>\n<p><strong><span class=\"text1noticias\">POR TE\u00d3FILO LAPPOT ROBLES<\/span><\/strong><\/p>\n<p><span class=\"text1noticias\">El libre ejercicio del derecho al voto es la m\u00e1s elevada expresi\u00f3n de lo que significa la democracia. Es por ello que la voluntad de los votantes no s\u00f3lo debe respetarse, sino tambi\u00e9n revestirse de todas las garant\u00edas necesarias para que decidan conforme a su conciencia, macerada por el inter\u00e9s de que la sociedad avance hacia niveles superiores.<\/span><\/p>\n<p><span class=\"text1noticias\">Es al momento de votar cuando la mayor\u00eda de los ciudadanos, aqu\u00ed y en cualquier parte del mundo, m\u00e1s se acercan a la periferia del aparato gubernamental, cuesti\u00f3n que ha sido tratada no s\u00f3lo por cientistas sociales y fil\u00f3sofos sino incluso por los m\u00e1s elevados dignatarios eclesi\u00e1sticos.<\/span><\/p>\n<p><span class=\"text1noticias\">El Papa Juan XXIII, casi en su despedida terrenal, en la que fue su \u00faltima enc\u00edclica, titulada Pacem in Terris, abord\u00f3 con gran clarividencia el tema de referencia, al indicar que \u00abes una exigencia de la dignidad personal el que los seres humanos tomen parte activa en la vida p\u00fablica&#8230;\u00bb1 <\/span><\/p>\n<p><span class=\"text1noticias\">La Rep\u00fablica Dominicana se encuentra en la recta final de un proceso electoral cargado de incertidumbre, tanto por los acostumbrados motivos end\u00f3genos como por acontecimientos ex\u00f3genos, de alcance mundial.<\/span><\/p>\n<p><span class=\"text1noticias\">El 5 de julio pr\u00f3ximo los dominicanos aptos para votar escoger\u00e1n en el escenario de las urnas a los pr\u00f3ximos Presidente y Vicepresidente de la Rep\u00fablica, as\u00ed como a los Senadores y Diputados que integrar\u00e1n el nuevo Congreso Nacional. <\/span><\/p>\n<p><span class=\"text1noticias\">En todo momento ser\u00e1 de gran trascendencia para el presente y para el futuro del pa\u00eds pensar que es m\u00e1s importante lo que corresponde a todos que lo que se limita a cualquier inter\u00e9s particular.<\/span><\/p>\n<p><span class=\"text1noticias\">Siempre ser\u00e1 \u00fatil recordar que la democracia es producto de un largo y accidentado proceso evolutivo, desde que ella dio sus primeros balbuceos en la antigua Grecia, con deformidades cong\u00e9nitas que la hac\u00edan un cuerpecito baldado por taras que con el tiempo fueron desapareciendo.<\/span><\/p>\n<p><span class=\"text1noticias\">Es hora de actuar con profundidad de mira, con el debido cuidado y pensando en el mejor punto de equilibrio. No se debe revivir el estilo de los zelotes, cuyo car\u00e1cter arisco aparece, con la acidez propia del radicalismo, en algunas narraciones de la Biblia. <\/span><\/p>\n<p><span class=\"text1noticias\">Todos sabemos que esta vez el activismo pol\u00edtico ha sido at\u00edpico, pues las parafernalias y el ambiente carnavalesco que caracterizan el cortejo de las elecciones en tiempos de democracia no se han podido hacer como antes, dada la situaci\u00f3n provocada por la Covid-19.<\/span><\/p>\n<p><span class=\"text1noticias\">No obstante los inocultables problemas del presente hay que insistir en que eso no puede ser obst\u00e1culo para que los comicios de la pr\u00f3xima semana se desarrollen en el marco de los enunciados generales de la democracia, que en el caso de la Rep\u00fablica Dominicana tiene el elevado rango sustantivo de lo constitucional, pues es la misma Carta Magna vigente (la cual cumpli\u00f3 el 13 de este mismo mes cinco a\u00f1os de haber sido proclamada) la que en su art\u00edculo 2 dispone que:<\/span><\/p>\n<p><span class=\"text1noticias\">\u00abLa soberan\u00eda reside exclusivamente en el pueblo, de quien emanan todos los poderes, los cuales ejerce por medio de sus representantes o en forma directa, en los t\u00e9rminos que establecen esta Constituci\u00f3n y las leyes.\u00bb2 <\/span><\/p>\n<p><span class=\"text1noticias\"><strong>                                       LA POL\u00cdTICA PARA DUARTE<\/strong><\/span><\/p>\n<\/p>\n<p><span class=\"text1noticias\">Oportuna es la ocasi\u00f3n para recordar que el ilustre Juan Pablo Duarte, cuya memoria ha sido muchas veces vilipendiada por esp\u00edritus enanos que pretenden negarle el m\u00e1s elevado pedestal de la proceridad dominicana,  en carta redactada en Caracas, Venezuela, el 29 de octubre de 1869, defini\u00f3 la pol\u00edtica, tal vez inspirado en los textos de Arist\u00f3teles, de esta manera: <\/span><\/p>\n<p><span class=\"text1noticias\">\u00abLa pol\u00edtica no es una especulaci\u00f3n; es la Ciencia m\u00e1s pura y la m\u00e1s digna, despu\u00e9s de la Filosof\u00eda, de ocupar las inteligencias m\u00e1s nobles.\u00bb3<\/span><\/p>\n<p><span class=\"text1noticias\">La verdad monda y lironda ha sido y es, tanto en el pasado como en el presente, que son poqu\u00edsimos los l\u00edderes, dirigentes o candidatos pol\u00edticos que se han detenido a reflexionar sobre esas sabias palabras duartianas; y si lo han hecho se han movido en el sentido contrario al mensaje que contienen.<\/span><\/p>\n<p><span class=\"text1noticias\">Siempre, y ahora m\u00e1s que nunca, se debe votar pensando en el bien com\u00fan. Nunca bajo el impulso an\u00edmico que pueda generar un mendrugo de pan de ocasi\u00f3n. La dignidad humana de modo invariable debe estar por encima de cualquier necesidad propia de la carencia material. Eso es lo que en el fondo proyecta el pensamiento de Duarte.<\/span><\/p>\n<p><span class=\"text1noticias\">Est\u00e1 claro que a pesar de las dificultades coyunturales del momento la mayor\u00eda de los dominicanos aspiran a una Rep\u00fablica Dominicana vibrante, positiva, eliminadora de escollos y deseosa de alcanzar metas de bienestar colectivo, con un alma nacional muy diferente a aquella que de s\u00ed mismo defini\u00f3 Don Quijote de la Mancha como el asiento  de \u00ab&#8230;las tristezas, las desgracias y las desventuras.\u00bb4 <\/span><\/p>\n<p><span class=\"text1noticias\"><strong>TRES GRUPOS ORIGINALES DE LA POL\u00cdTICA DOMINICANA<\/strong><\/span><\/p>\n<\/p>\n<p><span class=\"text1noticias\">A grandes rasgos, y sin entrar en consideraciones particulares pues no es el caso ahora, se puede resumir que los tres n\u00facleos pol\u00edticos originales del pa\u00eds fueron primero, La Trinitaria, fundada por Juan Pablo Duarte, la cual fue el instrumento de acci\u00f3n que permiti\u00f3 la fundaci\u00f3n de la Rep\u00fablica Dominicana. Segundo, el partido de los que abogaban por el mantenimiento del dominio aqu\u00ed de los haitianos y tercero, el llamado Partido Afrancesado, que era un grupo que se mov\u00eda alrededor de Andr\u00e9s Levasseur, un funcionario consular franc\u00e9s que tuvo gran influencia en todo el Caribe insular en un tramo agitado del siglo XIX, y cuyo objetivo era convertir al pueblo dominicano en un protectorado de Francia, bajo una sarta de alegatos carentes de fundamento.<\/span><\/p>\n<p><span class=\"text1noticias\">A partir de esos tres grupos, cada uno de ellos con prop\u00f3sitos marcadamente diferenciados, han surgido, tal y como lo registra la historia dominicana, una serie de agrupaciones pol\u00edticas que ser\u00eda demasiado prolijo tan s\u00f3lo enunciarlas.<\/span><\/p>\n<p><span class=\"text1noticias\">Me limito en eso a indicar que el historiador y jurista Julio Genaro Campillo P\u00e9rez en su obra El Grillo y el Ruise\u00f1or, que luego fue titulada Elecciones Dominicanas, dividi\u00f3 el tema de los partidos pol\u00edticos criollos (hasta donde lleg\u00f3 su gran labor recopiladora)  en los tramos siguientes:<\/span><\/p>\n<p><span class=\"text1noticias\">\u00abHaciendo la Rep\u00fablica. Ciclo Santana. Ciclo de los Colores. Ciclo Heureaux o Lilisista. Ciclo de los Gallos. Ciclo Trujillo. Ciclo de los C\u00edvicos. Ciclo Balaguer.\u00bb5 <\/span><\/p>\n<p><span class=\"text1noticias\">Del a\u00f1o 1978, fecha en que concluy\u00f3 la investigaci\u00f3n de Campillo P\u00e9rez, para ac\u00e1 han ocurrido muchas cosas que tambi\u00e9n quedar\u00e1n registradas en la historia. Los actores pol\u00edticos que desde entonces se han movido en la arena pol\u00edtica nacional tendr\u00e1n en las p\u00e1ginas de la historia el lugar que sus hechos determinen.<\/span><\/p>\n<p><span class=\"text1noticias\">En la pol\u00edtica dominicana siempre han existido m\u00e1s grillos que ruise\u00f1ores. Ya  el 16 de abril del 1845, cuando la Rep\u00fablica Dominicana ten\u00eda apenas un a\u00f1o, un mes y d\u00edas de nacida un agudo observador, que escrib\u00eda con el seud\u00f3nimo de J.M. Filorio, hizo referencia al grillo que \u00abse atreve a martirizar nuestros pacientes o\u00eddos\u00bb con sus \u00abdestemplados chillidos\u00bb. Achacaba ese atrevimiento del grillo porque ve\u00eda \u00abmudos al Ruise\u00f1or y a la Calandria\u00bb y a\u00f1ad\u00eda que tambi\u00e9n lo hac\u00eda \u00abpersuadido de que nada es m\u00e1s contrario a la naturaleza del hombre que ese sopor de muerte en que permanecemos sumergidos.\u00bb6 <\/span><\/p>\n<p><span class=\"text1noticias\"><strong>PERICLES, LINCOLN Y LA DEMOCRACIA<\/strong><\/span><\/p>\n<\/p>\n<p><span class=\"text1noticias\">Ahora que nos acercamos a la hora cero de unas elecciones marcadas por se\u00f1ales preocupantes y presagios negativos propalados por voces agoreras de la politiquer\u00eda criolla, es oportuno decir que muchas figuras con p\u00e1ginas de honor en la historia universal plasmaron sus opiniones sobre la palabra democracia y lo que ella envuelve en el orden pol\u00edtico, social, econ\u00f3mico e hist\u00f3rico.<\/span><\/p>\n<p><span class=\"text1noticias\">Al respecto me permito tener presente que el abogado, orador y general ateniense Pericles, en tiempos tan lejanos como el a\u00f1o 445 antes de la era cristiana, hizo extraordinarios aportes te\u00f3ricos sobre los perfiles de lo que con el paso de los siglos ser\u00eda el sistema pol\u00edtico de la democracia.<\/span><\/p>\n<p><span class=\"text1noticias\">Ese gran pensador de la antig\u00fcedad produjo sus reflexiones cuando ces\u00f3 la violencia  en la primera guerra del Peloponeso, librada cerca del istmo de Corinto, situado en medio de los mares Egeo y J\u00f3nico, entre espartanos y atenienses, estos \u00faltimos dirigidos por \u00e9l en esa contienda b\u00e9lica.<\/span><\/p>\n<p><span class=\"text1noticias\">Tambi\u00e9n el m\u00edtico Presidente estadounidense Abraham Lincoln dej\u00f3 para la humanidad profundas lecciones de democracia al invocar en un breve discurso pronunciado el 19 de noviembre de 1863, en las praderas de Gettysburg, en el coraz\u00f3n de Pensilvania, los principios de igualdad de los hombres. Fue al final de esa pieza oratoria de alcance universal cuando dijo: \u00ab&#8230;que el gobierno del pueblo, por el pueblo y para el pueblo no desaparecer\u00e1 de la Tierra.\u00bb7 <\/span><\/p>\n<p><span class=\"text1noticias\">Pericles y Lincoln, como muchos otros a lo largo y ancho del mundo, y en diferentes \u00e9pocas, deben servir de fuente inspiradora para decir que el pueblo dominicano seguir\u00e1 existiendo m\u00e1s all\u00e1 del 5 de julio pr\u00f3ximo, y que nadie podr\u00e1 torcer el rumbo que ese d\u00eda se escoja en las urnas de manera libre y con el pend\u00f3n de la soberan\u00eda popular como centro.<\/span><\/p>\n<p><span class=\"text1noticias\"><strong>LA DEMOCRACIA NO ES TRUCULENCIA<\/strong><\/span><\/p>\n<p><span class=\"text1noticias\">La expresi\u00f3n del voto a trav\u00e9s de elecciones transparentes es lo que le da solidez al sistema democr\u00e1tico, lo cual comenz\u00f3 a proyectarse con car\u00e1cter universal en el 1789 cuando en Francia se proclam\u00f3 la Declaraci\u00f3n de los Derechos del Hombre y del Ciudadano, haciendo descansar todo el espectro de la soberan\u00eda en el ancho y profundo concepto de Naci\u00f3n.<\/span><\/p>\n<p><span class=\"text1noticias\">Es lastimoso tener que decir que en este extra\u00f1o y dificultoso 2020 todav\u00eda se observan truculencias propias de la grisalla pol\u00edtica criolla del siglo antepasado y del que finaliz\u00f3 hace 20 a\u00f1os.<\/span><\/p>\n<p><span class=\"text1noticias\">En la recta final de las elecciones que se van a realizar el 5 del mes pr\u00f3ximo se observa con indignaci\u00f3n un inusitado activismo de falsa filantrop\u00eda coyuntural con un fuerte olor a truculencia pol\u00edtica.<\/span><\/p>\n<p><span class=\"text1noticias\">En medio de la pandemia de la Covid-19, y aprovech\u00e1ndose de ella, algunos candidatos desesperados, y no con poca angustia, hacen rememorar la gram\u00e1tica parda de los comerciantes venecianos de anta\u00f1o, que se mov\u00edan entre plazas, pasadizos y puentes que conectan las 118 islas del archipi\u00e9lago de situado en la regi\u00f3n de V\u00e9neto, en el norte italiano, y que fue convertida en literatura por Shakespeare, en su obra teatral El mercader de Venecia. <\/span><\/p>\n<p><span class=\"text1noticias\">Digo lo anterior porque cuando la poblaci\u00f3n dominicana ha tenido que estar m\u00e1s tiempo de lo habitual bajo techo familiar se ha desatado una bestial campa\u00f1a pol\u00edtica sucia a trav\u00e9s de los medios de comunicaci\u00f3n masiva, radial, escrita, televisiva y por v\u00eda de las diferentes aplicaciones de los llamados tel\u00e9fonos inteligentes. <\/span><\/p>\n<p><span class=\"text1noticias\">Hemos presenciado ese grotesco espect\u00e1culo de indecencia dirigido por algunos grupos pol\u00edticos hacia sus adversarios, en una franca violaci\u00f3n a lo que dispone la Ley Electoral No.275-97, en el literal d de su art\u00edculo 94: <\/span><\/p>\n<p><span class=\"text1noticias\">\u00abDurante el per\u00edodo electoral ninguna agrupaci\u00f3n o partido pol\u00edtico podr\u00e1 usar frases ni emitir conceptos, por cualquier medio de difusi\u00f3n, contrario a la decencia, al decoro y a la dignidad de las agrupaciones o partidos pol\u00edticos adversos o a sus candidatos.\u00bb8 <\/span><\/p>\n<p><span class=\"text1noticias\">Es importante recordar que la Ley 15-19, promulgada tan reciente como el 18 de febrero del a\u00f1o pasado, al referirse a las normas \u00e9ticas de la campa\u00f1a electoral, establece en su art\u00edculo 160, numeral 4, lo siguiente: \u00ab&#8230;en ning\u00fan aviso o manifestaci\u00f3n publicitaria, podr\u00e1n utilizarse expresiones ofensivas en forma directa o indirecta hacia los dem\u00e1s participantes del proceso, y tampoco deben usarse calificativos insultantes, ni referencias degradantes a la persona, al nombre o apellidos de los candidatos y miembros de otras organizaciones pol\u00edticas.\u00bb9 <\/span><\/p>\n<p><span class=\"text1noticias\">Eso se ha convertido en la pr\u00e1ctica en papel mojado, pues el \u00f3rgano que por mandato expreso del art\u00edculo 18, numeral 9 de la referida ley est\u00e1 facultado para reglamentar la propaganda pol\u00edtica y electoral del pa\u00eds ha mantenido una laxitud incre\u00edble. <\/span><\/p>\n<p><span class=\"text1noticias\">La historia del politiqueo criollo, con su ramplonismo y no pocas veces con desenlaces desagradables y perturbadores, ha estado presente en cada certamen electoral. <\/span><\/p>\n<p><span class=\"text1noticias\">La transparencia en las elecciones dominicanas ha brillado por su ausencia en casi todos los procesos electorales, comenzando por la celebrada en el 1848 bajo el dominio de las fuerzas pol\u00edticas acaudilladas por el General Pedro Santana. Lo que se observa ahora, al menos en la fase del proselitismo, no es una excepci\u00f3n.<\/span><\/p>\n<p><span class=\"text1noticias\">En el pasado predominaba la mudez legal en todo lo concerniente a lo que pudieran definirse como partidos pol\u00edticos. En el presente hay un cuerpo de leyes electorales que te\u00f3ricamente tutelan su accionar, pero en la realidad las diferencias son s\u00f3lo de matices  en el comportamiento  que exhiben algunos de los grupos que pugnan por tener la administraci\u00f3n de la llamada cosa p\u00fablica.<\/span><\/p>\n<p><span class=\"text1noticias\"><strong>DOS CASOS  OCURRENTES DE LA POL\u00cdTICA DOMINICANA<\/strong><\/span><\/p>\n<p><span class=\"text1noticias\">Muy pocos de los l\u00edderes y dirigentes pol\u00edticos dominicanos, a trav\u00e9s del tiempo, se han dedicado a realizar pedagog\u00eda pol\u00edtica. Ese es el punto clave del por qu\u00e9 se repiten los vicios del pasado.<\/span><\/p>\n<p><span class=\"text1noticias\"><strong>La inmensa mayor\u00eda de los que han ejercido o ejercen como oficio y beneficio la pol\u00edtica en el pa\u00eds han tenido o tienen como objetivo b\u00e1sico utilizar los medios a su alcance, l\u00edcitos o no, para avasallar a los contrarios y lo que es peor a\u00fan vulnerar, al costo que sea, la voluntad mayoritaria de los votantes.<\/strong><\/span><\/p>\n<p><span class=\"text1noticias\">En la efervescencia de la actual campa\u00f1a electoral es oportuno recordar (como simple ejemplo de las tachas del pasado que no se han superado) una propaganda  de los partidarios del general Pedro Santana, difundida en la ciudad de Santo Domingo el 27 de julio de 1858, esencialmente resumida en que sus contrarios pol\u00edticos pretend\u00edan llevarse la Capital de la Rep\u00fablica para Santiago de los Caballeros, mudanza que supuestamente inclu\u00eda la Catedral Primada de Am\u00e9rica y otros monumentos hist\u00f3ricos.<\/span><\/p>\n<p><span class=\"text1noticias\">Despu\u00e9s de ese infundio los santanistas hicieron desaparecer la Constituci\u00f3n de Moca y crearon otras desgracias nacionales, como la interrupci\u00f3n del gobierno de Jos\u00e9 Desiderio Valverde P\u00e9rez.<\/span><\/p>\n<p><span class=\"text1noticias\">El segundo caso fue planificado en el a\u00f1o 1886 por el socarr\u00f3n Ulises Heureaux, mejor conocido como Lil\u00eds, quien aspiraba sustituir en la Presidencia de la Rep\u00fablica, con motivo de las elecciones del primero de julio de dicho a\u00f1o, al general Alejandro Woss y Gil, descrito por el narrador Tulio Cestero Leiva en su cl\u00e1sica novela La Sangre como \u00abun general de treinta a\u00f1os, con fama de valor e inteligencia.\u00bb10 <\/span><\/p>\n<p><span class=\"text1noticias\">El famoso Alejandrito, un seibano guapo como abeja de piedra, y el ladino puertoplate\u00f1o Lil\u00eds formaban parte del ala conservadora del Partido Azul, fundado por el insigne general Gregorio Luper\u00f3n.<\/span><\/p>\n<p><span class=\"text1noticias\">La dupla contraria, del mismo partido pero de la tendencia liberal, estaba formada por el general capitale\u00f1o Casimiro Nemesio de Moya Pimentel, quien hab\u00eda acompa\u00f1ado a Lil\u00eds como vicepresidente en su primer gobierno (1882-1884), y por el escritor Francisco Gregorio Billini.  <\/span><\/p>\n<p><span class=\"text1noticias\">Lil\u00eds invent\u00f3 una patra\u00f1a, t\u00edpica del surrealismo caribe\u00f1o. Envi\u00f3 en una embarcaci\u00f3n hacia Barahona al se\u00f1or Mart\u00edn Senior, un fervoroso partidario suyo, con la encomienda de que al llegar al fondeadero de aquella ciudad mar\u00edtima pusiera en la cubierta unos peque\u00f1os barriles que hab\u00eda rotulado con el nombre de los candidatos contrarios: Comit\u00e9 Candidatura Moya-Billini, y que dijera a los curiosos que se acercaran que los barrilitos conten\u00edan dinero para entreg\u00e1rselo a alguien (sin especificar nombre) de los que dirig\u00edan all\u00ed ese t\u00e1ndem presidencial. No pocos de los presentes se fueron cabizbajos, con lo cual comenz\u00f3 a surtir efectos la farsa referida. <\/span><\/p>\n<p><span class=\"text1noticias\">Al caer la noche el barco abandon\u00f3 Barahona, claro que sin desembolsar ning\u00fan dinero. En las siguientes horas se produjo un torbellino de comentarios, con acusaciones de un lado y otro entre los que segu\u00edan all\u00ed al general Moya y al novelista Billini. En toda la poblaci\u00f3n se arm\u00f3 una incontenible tremolina por los supuestos 8 mil pesos que alguien recibi\u00f3 y no reparti\u00f3. Eso disloc\u00f3 la campa\u00f1a de Moya y Billini en esa parte del pa\u00eds. <\/span><\/p>\n<p><span class=\"text1noticias\">A los pocos d\u00edas mand\u00f3 Ulises Heureaux otra embarcaci\u00f3n hacia la tambi\u00e9n llamada Perla del Sur, con parecidos barrilitos en la proa, pero con el r\u00f3tulo Comit\u00e9 Candidatura Heureaux-Imbert.<\/span><\/p>\n<p><span class=\"text1noticias\">En esa ocasi\u00f3n se le encomend\u00f3 al se\u00f1or Wenceslao Polanco completar la marruller\u00eda pol\u00edtica dici\u00e9ndole al p\u00fablico congregado en la ribera caribe\u00f1a que en los barriles trajo dinero enviado por el general Lil\u00eds al presidente del comit\u00e9 de su candidatura en Barahona.<\/span><\/p>\n<p><span class=\"text1noticias\"> Recoge la historia que dicho sargento pol\u00edtico vocifer\u00f3 que \u00abcomo en las cosas del General no hay gato en macuto\u00bb hac\u00eda entrega formal del dinero. El jefe de los lilisistas barahoneros lo recibi\u00f3 y expidi\u00f3 recibo de descargo. <\/span><\/p>\n<p><span class=\"text1noticias\">El historiador y jurista Manuel de Jes\u00fas Troncoso de la Concha, al referirse a ese hecho de la politiquer\u00eda criolla, dice en su obra Narraciones Dominicanas que: \u00abEl triunfo de la candidatura de Ulises Heureaux para presidente de la Rep\u00fablica y de Segundo Imbert para la vicepresidencia obtuvo en Barahona un triunfo espl\u00e9ndido.\u00bb11 <\/span><\/p>\n<p><span class=\"text1noticias\"><strong>Bibliograf\u00eda:<\/strong><\/span><\/p>\n<p><span class=\"text1noticias\">1-Pacem in Terris. Difundida al mundo 11 de abril de 1963. Papa Juan XXIII.<\/span><\/p>\n<p><span class=\"text1noticias\">2-Constituci\u00f3n de la Rep\u00fablica, proclamada el 13 de junio del 2015.Art\u00edculo 2.<\/span><\/p>\n<p><span class=\"text1noticias\">3-Carta a Jos\u00e9 Gabriel Garc\u00eda, 29 de octubre de 1869.Caracas, Venezuela. Juan Pablo Duarte.<\/span><\/p>\n<p><span class=\"text1noticias\">4-Don Quijote de la Mancha. Segunda Parte. Cap\u00edtulo XII.Pp630-637.Edici\u00f3n IV Centenario.RAE, 2004.Impresora Ingramex, 2004.Miguel de Cervantes  Saavedra.<\/span><\/p>\n<p><span class=\"text1noticias\">5-Elecciones Dominicanas. Impresora Amigo del Hogar, 1978.Pp33-233. Julio Genaro Campillo P\u00e9rez.<\/span><\/p>\n<p><span class=\"text1noticias\">6-Documentos para la historia dominicana. Tomo I.P59.Editora Montalvo. 1944. Emilio Rodr\u00edguez Demorizi.<\/span><\/p>\n<p><span class=\"text1noticias\">7-Discurso del 19 de noviembre de 1863. Gettysburg, Pensilvania, EE.UU. Abraham Lincoln.<\/span><\/p>\n<p><span class=\"text1noticias\">8- Ley Electoral No.275-97.Literal d de su art\u00edculo 94. Promulgada el 21 de diciembre de 1997.<\/span><\/p>\n<p><span class=\"text1noticias\">9-Ley No.15-19.Publicada en la Gaceta Oficial No.10933 del 20 de febrero del a\u00f1o 2019.<\/span><\/p>\n<p><span class=\"text1noticias\">10-La Sangre. Reimpresa por Editora Nacional,2017.Tulio Manuel Cestero Leiva.<\/span><\/p>\n<p><span class=\"text1noticias\">11-Narraciones Dominicanas.SDB. Editorial Cenapec,1998.P266. Manuel de Jes\u00fas Troncoso de la Concha.<\/span><\/p>\n<\/p>\n<\/p>\n<\/p>\n<h6> 2020-06-27 00:38:22 <\/h6>\n<p><!--\n<link rel=\"stylesheet\" href=\"css\/bootstrap.min.css\">\n\n\n<ul class=\"pagination\">\n\t    \n\t\n\n<li >\n\t<a href='?page_no=472'>Previous<\/a>\n\t<\/li>\n\n\n       \n    \n\n<li><a href='?page_no=1'>1<\/a><\/li>\n\n\n\n<li><a href='?page_no=2'>2<\/a><\/li>\n\n\n\n<li><a>...<\/a><\/li>\n\n\n\n<li><a href='?page_no=471'>471<\/a><\/li>\n\n\n\n<li><a href='?page_no=472'>472<\/a><\/li>\n\n\n\n<li class='active'><a>473<\/a><\/li>\n\n\n\n<li><a href='?page_no=474'>474<\/a><\/li>\n\n\n\n<li><a href='?page_no=475'>475<\/a><\/li>\n\n\n\n<li><a>...<\/a><\/li>\n\n\n\n<li><a href='?page_no=22911'>22911<\/a><\/li>\n\n\n\n<li><a href='?page_no=22912'>22912<\/a><\/li>\n\n    \n\t\n\n<li >\n\t<a href='?page_no=474'>Next<\/a>\n\t<\/li>\n\n\n    \n\n<li><a href='?page_no=22912'>Last &rsaquo;&rsaquo;<\/a><\/li>\n\n<\/ul>\n\n\n--><br \/>\n<\/body><\/p>\n","protected":false},"excerpt":{"rendered":"<p>Diariodominicano.com ELECCIONES DOMINICANAS, PARTE DE LA HISTORIA (I) POR TE\u00d3FILO LAPPOT ROBLES El libre ejercicio del derecho al voto es la m\u00e1s elevada expresi\u00f3n de lo que significa la democracia. Es por ello que la voluntad de los votantes no s\u00f3lo debe respetarse, sino tambi\u00e9n revestirse de todas las garant\u00edas necesarias para que decidan conforme [&hellip;]<\/p>\n","protected":false},"author":3,"featured_media":0,"comment_status":"open","ping_status":"open","sticky":false,"template":"","format":"standard","meta":{"footnotes":""},"categories":[21],"tags":[],"class_list":["post-52384","post","type-post","status-publish","format-standard","hentry","category-cultura"],"_links":{"self":[{"href":"https:\/\/diariodominicano.com\/index.php?rest_route=\/wp\/v2\/posts\/52384","targetHints":{"allow":["GET"]}}],"collection":[{"href":"https:\/\/diariodominicano.com\/index.php?rest_route=\/wp\/v2\/posts"}],"about":[{"href":"https:\/\/diariodominicano.com\/index.php?rest_route=\/wp\/v2\/types\/post"}],"author":[{"embeddable":true,"href":"https:\/\/diariodominicano.com\/index.php?rest_route=\/wp\/v2\/users\/3"}],"replies":[{"embeddable":true,"href":"https:\/\/diariodominicano.com\/index.php?rest_route=%2Fwp%2Fv2%2Fcomments&post=52384"}],"version-history":[{"count":0,"href":"https:\/\/diariodominicano.com\/index.php?rest_route=\/wp\/v2\/posts\/52384\/revisions"}],"wp:attachment":[{"href":"https:\/\/diariodominicano.com\/index.php?rest_route=%2Fwp%2Fv2%2Fmedia&parent=52384"}],"wp:term":[{"taxonomy":"category","embeddable":true,"href":"https:\/\/diariodominicano.com\/index.php?rest_route=%2Fwp%2Fv2%2Fcategories&post=52384"},{"taxonomy":"post_tag","embeddable":true,"href":"https:\/\/diariodominicano.com\/index.php?rest_route=%2Fwp%2Fv2%2Ftags&post=52384"}],"curies":[{"name":"wp","href":"https:\/\/api.w.org\/{rel}","templated":true}]}}