{"id":523739,"date":"2024-04-15T21:04:11","date_gmt":"2024-04-16T01:04:11","guid":{"rendered":"https:\/\/diariodominicano.com\/?p=523739"},"modified":"2024-04-15T21:04:11","modified_gmt":"2024-04-16T01:04:11","slug":"karen-padin-reconocida-como-una-de-las-25-mujeres-mas-poderosas-de-2024-por-people-en-espanol","status":"publish","type":"post","link":"https:\/\/diariodominicano.com\/?p=523739","title":{"rendered":"Karen Pad\u00edn reconocida como una de las &#8217;25 Mujeres M\u00e1s Poderosas de 2024&#8242; por People en Espa\u00f1ol"},"content":{"rendered":"\n<p>Las influyentes mujeres galardonadas por la prestigiosa revista demuestran empe\u00f1o, tes\u00f3n y mucho coraz\u00f3n al lograr sus metas<\/p>\n\n\n\n<p>Miami &#8211; 15 de abril de 2024 &#8211; Karen Pad\u00edn, destacada ejecutiva puertorrique\u00f1a de la industria televisiva, ha sido honrada con el prestigioso t\u00edtulo de una de las \u201825 Mujeres M\u00e1s Poderosas de 2024\u2019 por People en Espa\u00f1ol. Este reconocimiento destaca el compromiso, la dedicaci\u00f3n y el excepcional liderazgo de mujeres influyentes que han alcanzado notables logros en sus respectivos campos.<\/p>\n\n\n\n<figure class=\"wp-block-gallery has-nested-images columns-default is-cropped wp-block-gallery-1 is-layout-flex wp-block-gallery-is-layout-flex\">\n<figure class=\"wp-block-image size-large\"><img loading=\"lazy\" decoding=\"async\" width=\"898\" height=\"1024\" data-id=\"523770\" src=\"https:\/\/diariodominicano.com\/wp-content\/uploads\/2024\/04\/Karen-Padin-reconocida-como-una-de-las-25-Mujeres-Mas-Poderosas--898x1024.jpg\" alt=\"\" class=\"wp-image-523770\" srcset=\"https:\/\/diariodominicano.com\/wp-content\/uploads\/2024\/04\/Karen-Padin-reconocida-como-una-de-las-25-Mujeres-Mas-Poderosas--898x1024.jpg 898w, https:\/\/diariodominicano.com\/wp-content\/uploads\/2024\/04\/Karen-Padin-reconocida-como-una-de-las-25-Mujeres-Mas-Poderosas--263x300.jpg 263w, https:\/\/diariodominicano.com\/wp-content\/uploads\/2024\/04\/Karen-Padin-reconocida-como-una-de-las-25-Mujeres-Mas-Poderosas--768x876.jpg 768w, https:\/\/diariodominicano.com\/wp-content\/uploads\/2024\/04\/Karen-Padin-reconocida-como-una-de-las-25-Mujeres-Mas-Poderosas--1347x1536.jpg 1347w, https:\/\/diariodominicano.com\/wp-content\/uploads\/2024\/04\/Karen-Padin-reconocida-como-una-de-las-25-Mujeres-Mas-Poderosas--816x930.jpg 816w, https:\/\/diariodominicano.com\/wp-content\/uploads\/2024\/04\/Karen-Padin-reconocida-como-una-de-las-25-Mujeres-Mas-Poderosas-.jpg 1606w\" sizes=\"auto, (max-width: 898px) 100vw, 898px\" \/><\/figure>\n\n\n\n<figure class=\"wp-block-image size-large\"><img loading=\"lazy\" decoding=\"async\" width=\"603\" height=\"1024\" data-id=\"523769\" src=\"https:\/\/diariodominicano.com\/wp-content\/uploads\/2024\/04\/Karen-Padin-reconocida-como-una-de-las-25-Mujeres-Mas-Poderosas-de-2024-603x1024.jpg\" alt=\"\" class=\"wp-image-523769\" srcset=\"https:\/\/diariodominicano.com\/wp-content\/uploads\/2024\/04\/Karen-Padin-reconocida-como-una-de-las-25-Mujeres-Mas-Poderosas-de-2024-603x1024.jpg 603w, https:\/\/diariodominicano.com\/wp-content\/uploads\/2024\/04\/Karen-Padin-reconocida-como-una-de-las-25-Mujeres-Mas-Poderosas-de-2024-177x300.jpg 177w, https:\/\/diariodominicano.com\/wp-content\/uploads\/2024\/04\/Karen-Padin-reconocida-como-una-de-las-25-Mujeres-Mas-Poderosas-de-2024-768x1304.jpg 768w, https:\/\/diariodominicano.com\/wp-content\/uploads\/2024\/04\/Karen-Padin-reconocida-como-una-de-las-25-Mujeres-Mas-Poderosas-de-2024-905x1536.jpg 905w, https:\/\/diariodominicano.com\/wp-content\/uploads\/2024\/04\/Karen-Padin-reconocida-como-una-de-las-25-Mujeres-Mas-Poderosas-de-2024-816x1386.jpg 816w, https:\/\/diariodominicano.com\/wp-content\/uploads\/2024\/04\/Karen-Padin-reconocida-como-una-de-las-25-Mujeres-Mas-Poderosas-de-2024.jpg 954w\" sizes=\"auto, (max-width: 603px) 100vw, 603px\" \/><\/figure>\n<\/figure>\n\n\n\n<p>Con m\u00e1s de 25 a\u00f1os de experiencia en la industria, Karen ha dejado una marca significativa en el mundo de la televisi\u00f3n, concentr\u00e1ndose especialmente en el desarrollo y la contrataci\u00f3n de nuevos talentos para la cadena l\u00edder en espa\u00f1ol, TelevisaUnivision. Su incansable determinaci\u00f3n y su enfoque en la excelencia han contribuido de manera notable al \u00e9xito continuo de la empresa.<\/p>\n\n\n\n<p>\u201cEs un honor ser reconocida por la revista People en Espa\u00f1ol entre mujeres tan inspiradoras y poderosas\u201d, coment\u00f3 Karen Pad\u00edn. \u201cEste logro es un testimonio del arduo trabajo y la pasi\u00f3n que he dedicado a mi carrera a lo largo de los a\u00f1os. Espero seguir siendo una inspiraci\u00f3n para otras mujeres que aspiran a alcanzar sus sue\u00f1os en la industria televisiva y m\u00e1s all\u00e1\u201d.<\/p>\n\n\n\n<p>El reconocimiento de Karen Pad\u00edn como una de las \u201825 Mujeres M\u00e1s Poderosas de 2024\u2019 resalta su destacada trayectoria profesional y su impacto positivo en la comunidad. Su inclusi\u00f3n en esta lista distinguida es un testimonio de su excepcional liderazgo y su dedicaci\u00f3n al \u00e9xito. Karen ha trabajado con talentos de la cadena como, entre otros, Alejandra Espinoza, Migbelis Castellanos, Clarissa Molina, Francisca y Juli\u00e1n Gil.<\/p>\n\n\n\n<p>A su juicio, una mujer poderosa es aut\u00e9ntica, genuina y fiel a s\u00ed misma, adem\u00e1s de emp\u00e1tica. Para esta madre de un hijo a punto de llegar a los 50 a\u00f1os, los mayores obst\u00e1culos son los que nos ponemos nosotros mismos. \u201cNo hay que pensar en l\u00edmites a la hora de desarrollarse como mujer profesional. Si nos preparamos en lo que aspiramos a ser como profesionales y lo convertimos en nuestra pasi\u00f3n, s\u00ed va a suceder\u201d, dijo Karen en revista para People en Espa\u00f1ol.<\/p>\n\n\n\n<p>Entre las \u201825 Mujeres M\u00e1s Poderosas de 2024\u2019 est\u00e1n junto a Karen Pad\u00edn: Luz Mar\u00eda Doria, Madison Anderson, Kany Garc\u00eda, Jimena G\u00e1llego, Lupita Infante, Selena G\u00f3mez, Millie Morales, Sylvia E. Rosas, Amelia Cuevas, Rita Moreno, Sof\u00eda Vergara, Laura Pausini, Sheynnis Palacios.<\/p>\n\n\n\n<figure class=\"wp-block-embed\"><div class=\"wp-block-embed__wrapper\">\nhttps:\/\/peopleenespanol.com\/las-25-mujeres-mas-poderosas-de-people-en-espanol-2024-segunda-parte-8631356\n<\/div><\/figure>\n\n\n\n<p>People en Espa\u00f1ol &#8211; Karen Pad\u00edn &lt;prensa@lidereslatinosmx.com&gt;<\/p>\n","protected":false},"excerpt":{"rendered":"<p>Las influyentes mujeres galardonadas por la prestigiosa revista demuestran empe\u00f1o, tes\u00f3n y mucho coraz\u00f3n al lograr sus metas Miami &#8211; 15 de abril de 2024 &#8211; Karen Pad\u00edn, destacada ejecutiva puertorrique\u00f1a de la industria televisiva, ha sido honrada con el prestigioso t\u00edtulo de una de las \u201825 Mujeres M\u00e1s Poderosas de 2024\u2019 por People en [&hellip;]<\/p>\n","protected":false},"author":7,"featured_media":523770,"comment_status":"closed","ping_status":"","sticky":true,"template":"","format":"standard","meta":{"footnotes":""},"categories":[25,27],"tags":[],"class_list":["post-523739","post","type-post","status-publish","format-standard","has-post-thumbnail","hentry","category-gente","category-portada"],"_links":{"self":[{"href":"https:\/\/diariodominicano.com\/index.php?rest_route=\/wp\/v2\/posts\/523739","targetHints":{"allow":["GET"]}}],"collection":[{"href":"https:\/\/diariodominicano.com\/index.php?rest_route=\/wp\/v2\/posts"}],"about":[{"href":"https:\/\/diariodominicano.com\/index.php?rest_route=\/wp\/v2\/types\/post"}],"author":[{"embeddable":true,"href":"https:\/\/diariodominicano.com\/index.php?rest_route=\/wp\/v2\/users\/7"}],"replies":[{"embeddable":true,"href":"https:\/\/diariodominicano.com\/index.php?rest_route=%2Fwp%2Fv2%2Fcomments&post=523739"}],"version-history":[{"count":1,"href":"https:\/\/diariodominicano.com\/index.php?rest_route=\/wp\/v2\/posts\/523739\/revisions"}],"predecessor-version":[{"id":523845,"href":"https:\/\/diariodominicano.com\/index.php?rest_route=\/wp\/v2\/posts\/523739\/revisions\/523845"}],"wp:featuredmedia":[{"embeddable":true,"href":"https:\/\/diariodominicano.com\/index.php?rest_route=\/wp\/v2\/media\/523770"}],"wp:attachment":[{"href":"https:\/\/diariodominicano.com\/index.php?rest_route=%2Fwp%2Fv2%2Fmedia&parent=523739"}],"wp:term":[{"taxonomy":"category","embeddable":true,"href":"https:\/\/diariodominicano.com\/index.php?rest_route=%2Fwp%2Fv2%2Fcategories&post=523739"},{"taxonomy":"post_tag","embeddable":true,"href":"https:\/\/diariodominicano.com\/index.php?rest_route=%2Fwp%2Fv2%2Ftags&post=523739"}],"curies":[{"name":"wp","href":"https:\/\/api.w.org\/{rel}","templated":true}]}}