{"id":52373,"date":"2020-06-27T00:58:46","date_gmt":"2020-06-27T00:58:46","guid":{"rendered":"http:\/\/diariodominicano.ddns.net\/?p=52373"},"modified":"2020-06-27T00:58:46","modified_gmt":"2020-06-27T00:58:46","slug":"mella-nombrado-ministro-de-guerra-y-marina-reportan-nuevas-invasiones-de-haiti","status":"publish","type":"post","link":"https:\/\/diariodominicano.com\/?p=52373","title":{"rendered":"Mella nombrado ministro de Guerra y Marina; reportan nuevas invasiones de Hait\u00ed"},"content":{"rendered":"<p><body><\/p>\n<p><img decoding=\"async\" src=\"img3\/Matias Ramon Mella II.jpg\" \/>  <\/p>\n<p><strong>Diariodominicano.com<\/strong><\/p>\n<p><strong>Nombran a Mella ministro e Guerra y Marina; nuevas invasiones de Hait\u00ed<\/strong><\/p>\n<p>En el momento la Rep\u00fablica Dominicana se encontraba en guerra con Hait\u00ed, cuyo Gobierno cada cierto tiempo organizaba agresiones contra el Estado dominicano.<\/p>\n<p><strong>Por H\u00e9ctor Tineo Nolasco<\/strong><\/p>\n<p><strong>Diariodominicano.com<\/strong><\/p>\n<p><strong>SANTO DOMINGO, el  27 de Junio de  1855, <\/strong>el Presidente general Pedro Santana, design\u00f3 al pr\u00f3cer Mat\u00edas Ram\u00f3n Mella ministro de Guerra y Marina.<\/p>\n<\/p>\n<p>     \tEn ese momento la Rep\u00fablica Dominicana se encontraba en guerra con Hait\u00ed, cuyo Gobierno cada cierto tiempo organizaba agresiones contra el Estado dominicano.<\/p>\n<\/p>\n<p>    \tEn  noviembre de 1855 el general haitiano Faustino Soulouque invadi\u00f3 el pa\u00eds con tres frentes que entraron por  Dajab\u00f3n,  Neyba   y Las Matas de Farf\u00e1n.<\/p>\n<\/p>\n<p>     \tAl pr\u00f3cer  Mella le toc\u00f3 desempe\u00f1ar sus funciones en una situaci\u00f3n dif\u00edcil para Rep\u00fablica Dominicana.  <\/p>\n<\/p>\n<p>     \tLuego Mat\u00edas Ram\u00f3n Mella fue comisionado por el  Presidente Pedro Santana, para que gestionara ante Espa\u00f1a el reconocimiento de la Rep\u00fablica, que se hab\u00eda proclamado con el trabucazo que dispar\u00f3 al amanecer del 27 de Febrero de 1844.<\/p>\n<\/p>\n<p>     \tSiendo  Mella Ministro de Guerra y Marina, el 22 de diciembre  de 1855, los dominicanos se enfrentaron a los invasores haitianos en la Sabana de Santom\u00e9, en Las Matas de Farf\u00e1n, y lograron derrotarlos despu\u00e9s de una lucha de m\u00e1s de cuatro horas.<\/p>\n<\/p>\n<p>     \tLos haitianos huyeron  y dejaron 695 muertos  y numerosos heridos.   Este acontecimiento llen\u00f3 de miedo a los haitianos.<\/p>\n<\/p>\n<p>    \tEn Sabana de Santom\u00e9,  las tropas dominicanas fueron comandadas por  los generales Jos\u00e9 Mar\u00eda Cabral y Domingo Contreras.<\/p>\n<\/p>\n<p>    \tEl mismo d\u00eda 22 de diciembre  de 1855, los dominicanos vencieron a los haitianos en la Batalla de  Cambronal, en Neiba.<\/p>\n<\/p>\n<p>    \tUn informe de la \u00e9poca da cuenta de que los haitianos tambi\u00e9n huyeron y dejaron  cientos de muertos y heridos.  Las tropas dominicanas fueron comandadas por el general  Francisco Sosa.<\/p>\n<\/p>\n<p>     \tA partir del a\u00f1o 1848, cuando Francia reconoci\u00f3 el Estado dominicano, los haitianos intensificaron sus ataques, pues  pensaban que Francia tomar\u00eda la Bah\u00eda de Saman\u00e1.<\/p>\n<\/p>\n<p>    \tAdem\u00e1s,  pensaban que el acuerdo entre Francia y Rep\u00fablica Dominicana impedir\u00eda a Hait\u00ed recuperar la parte Este de la Isla, es decir, el territorio del Estado dominicano.<\/p>\n<\/p>\n<h6> 2020-06-27 00:58:46 <\/h6>\n<p><!--\n<link rel=\"stylesheet\" href=\"css\/bootstrap.min.css\">\n\n\n<ul class=\"pagination\">\n\t    \n\t\n\n<li >\n\t<a href='?page_no=471'>Previous<\/a>\n\t<\/li>\n\n\n       \n    \n\n<li><a href='?page_no=1'>1<\/a><\/li>\n\n\n\n<li><a href='?page_no=2'>2<\/a><\/li>\n\n\n\n<li><a>...<\/a><\/li>\n\n\n\n<li><a href='?page_no=470'>470<\/a><\/li>\n\n\n\n<li><a href='?page_no=471'>471<\/a><\/li>\n\n\n\n<li class='active'><a>472<\/a><\/li>\n\n\n\n<li><a href='?page_no=473'>473<\/a><\/li>\n\n\n\n<li><a href='?page_no=474'>474<\/a><\/li>\n\n\n\n<li><a>...<\/a><\/li>\n\n\n\n<li><a href='?page_no=22911'>22911<\/a><\/li>\n\n\n\n<li><a href='?page_no=22912'>22912<\/a><\/li>\n\n    \n\t\n\n<li >\n\t<a href='?page_no=473'>Next<\/a>\n\t<\/li>\n\n\n    \n\n<li><a href='?page_no=22912'>Last &rsaquo;&rsaquo;<\/a><\/li>\n\n<\/ul>\n\n\n--><br \/>\n<\/body><\/p>\n","protected":false},"excerpt":{"rendered":"<p>Diariodominicano.com Nombran a Mella ministro e Guerra y Marina; nuevas invasiones de Hait\u00ed En el momento la Rep\u00fablica Dominicana se encontraba en guerra con Hait\u00ed, cuyo Gobierno cada cierto tiempo organizaba agresiones contra el Estado dominicano. Por H\u00e9ctor Tineo Nolasco Diariodominicano.com SANTO DOMINGO, el 27 de Junio de 1855, el Presidente general Pedro Santana, design\u00f3 [&hellip;]<\/p>\n","protected":false},"author":3,"featured_media":0,"comment_status":"open","ping_status":"open","sticky":false,"template":"","format":"standard","meta":{"footnotes":""},"categories":[21],"tags":[],"class_list":["post-52373","post","type-post","status-publish","format-standard","hentry","category-cultura"],"_links":{"self":[{"href":"https:\/\/diariodominicano.com\/index.php?rest_route=\/wp\/v2\/posts\/52373","targetHints":{"allow":["GET"]}}],"collection":[{"href":"https:\/\/diariodominicano.com\/index.php?rest_route=\/wp\/v2\/posts"}],"about":[{"href":"https:\/\/diariodominicano.com\/index.php?rest_route=\/wp\/v2\/types\/post"}],"author":[{"embeddable":true,"href":"https:\/\/diariodominicano.com\/index.php?rest_route=\/wp\/v2\/users\/3"}],"replies":[{"embeddable":true,"href":"https:\/\/diariodominicano.com\/index.php?rest_route=%2Fwp%2Fv2%2Fcomments&post=52373"}],"version-history":[{"count":0,"href":"https:\/\/diariodominicano.com\/index.php?rest_route=\/wp\/v2\/posts\/52373\/revisions"}],"wp:attachment":[{"href":"https:\/\/diariodominicano.com\/index.php?rest_route=%2Fwp%2Fv2%2Fmedia&parent=52373"}],"wp:term":[{"taxonomy":"category","embeddable":true,"href":"https:\/\/diariodominicano.com\/index.php?rest_route=%2Fwp%2Fv2%2Fcategories&post=52373"},{"taxonomy":"post_tag","embeddable":true,"href":"https:\/\/diariodominicano.com\/index.php?rest_route=%2Fwp%2Fv2%2Ftags&post=52373"}],"curies":[{"name":"wp","href":"https:\/\/api.w.org\/{rel}","templated":true}]}}