{"id":523690,"date":"2024-04-15T10:10:37","date_gmt":"2024-04-15T14:10:37","guid":{"rendered":"https:\/\/diariodominicano.com\/?p=523690"},"modified":"2024-04-15T10:40:47","modified_gmt":"2024-04-15T14:40:47","slug":"indrhi-participa-en-capacitacion-sobre-gestion-de-riesgos-y-adaptacion-al-cambio-climatico","status":"publish","type":"post","link":"https:\/\/diariodominicano.com\/?p=523690","title":{"rendered":"Indrhi participa en capacitaci\u00f3n sobre gesti\u00f3n de riesgos y adaptaci\u00f3n al cambio clim\u00e1tico"},"content":{"rendered":"\n<p>diariodominicano.com<\/p>\n\n\n\n<p>Santo Domingo,\u2002R. D., 15 de abril, 2024.\u2013 Como parte de las acciones de\u00a0<strong>formaci\u00f3n y actualizaci\u00f3n<\/strong>\u00a0especializada que impulsa la gesti\u00f3n de\u00a0<strong>Olmedo Caba Romano<\/strong>\u00a0en el Instituto Nacional de Recursos Hidr\u00e1ulicos\u00a0<strong>(Indrhi)<\/strong>, en favor de sus colaboradores, se efectu\u00f3 una capacitaci\u00f3n sobre\u00a0<strong>\u201cGesti\u00f3n de Riesgos y Adaptaci\u00f3n al Cambio Clim\u00e1tico\u201d, <\/strong>comunic\u00f3 la Direcci\u00f3n de Estrategia y Comunicaci\u00f3n. Ministerio Administrativo de la Presidencia de la Rep\u00fablica Dominicana.<\/p>\n\n\n\n<p>Se\u00f1al\u00f3 que  la jornada did\u00e1ctica, organizada en coordinaci\u00f3n con la\u00a0<strong>Comisi\u00f3n Ambiental<\/strong>\u00a0de la Universidad Aut\u00f3noma de Santo Domingo,\u00a0<strong>(UASD)<\/strong>, dirigida a colaboradores del programa\u00a0<strong>Cultura del Agua<\/strong>, se realiz\u00f3 un desglose de la\u00a0<strong>calificaci\u00f3n de los desastres<\/strong>, donde se precis\u00f3 que no son exclusivamente naturales, sino tambi\u00e9n el resultado de una\u00a0<strong>gesti\u00f3n inadecuada<\/strong>\u00a0por parte de los seres humanos.<\/p>\n\n\n\n<p>Partiendo de la aplicaci\u00f3n del concepto, se destac\u00f3 la relevancia de los&nbsp;<strong>planes de emergencia<\/strong>&nbsp;<strong>ante eventos s\u00edsmicos e hidrometeorol\u00f3gicos<\/strong>, con \u00e9nfasis en el ciclo de gesti\u00f3n de riesgos, que abarca la&nbsp;<strong>prevenci\u00f3n, mitigaci\u00f3n, preparaci\u00f3n, respuesta y recuperaci\u00f3n.<\/strong><\/p>\n\n\n\n<p>La charla fue impartida por&nbsp;<strong>Carmen Veloz<\/strong>, coordinadora de la Comisi\u00f3n Ambiental de la UASD, quien valor\u00f3 la&nbsp;<strong>importancia de educar a toda la sociedad sobre las<\/strong>&nbsp;<strong>respuestas en casos de emergencia<\/strong>, por lo que manifest\u00f3 el inter\u00e9s en replicar lo aprendido.<\/p>\n\n\n\n<p>El personal de Cultura del Agua trabaja en las orientaciones sobre los recursos h\u00eddricos a trav\u00e9s de charlas en centros educativos y en la&nbsp;<strong>Sala del Agua<\/strong>, espacio did\u00e1ctico que forma parte del programa educativo del Indrhi.<\/p>\n\n\n\n<p>La actividad formativa, que tuvo lugar en Sala Virtual de la entidad h\u00eddrica, fue valorada por los colaboradores como&nbsp;<em>\u201cllena de aportes fundamentales\u201d<\/em>, a la vez que se destac\u00f3 el papel crucial en la preparaci\u00f3n y concienciaci\u00f3n sobre la necesidad de una gesti\u00f3n adecuada de los recursos h\u00eddricos en el contexto de los&nbsp;<strong>desaf\u00edos clim\u00e1ticos actuales<\/strong>, informaci\u00f3n integrada en las capacitaciones que ofrecen.<\/p>\n\n\n\n<p>Fuente: Direcci\u00f3n de Estrategia y Comunicaci\u00f3n<\/p>\n\n\n\n<p>Ministerio Administrativo de la Presidencia de la Rep\u00fablica Dominicana<\/p>\n","protected":false},"excerpt":{"rendered":"<p>diariodominicano.com Santo Domingo,\u2002R. D., 15 de abril, 2024.\u2013 Como parte de las acciones de\u00a0formaci\u00f3n y actualizaci\u00f3n\u00a0especializada que impulsa la gesti\u00f3n de\u00a0Olmedo Caba Romano\u00a0en el Instituto Nacional de Recursos Hidr\u00e1ulicos\u00a0(Indrhi), en favor de sus colaboradores, se efectu\u00f3 una capacitaci\u00f3n sobre\u00a0\u201cGesti\u00f3n de Riesgos y Adaptaci\u00f3n al Cambio Clim\u00e1tico\u201d, comunic\u00f3 la Direcci\u00f3n de Estrategia y Comunicaci\u00f3n. Ministerio Administrativo [&hellip;]<\/p>\n","protected":false},"author":5,"featured_media":523691,"comment_status":"closed","ping_status":"","sticky":true,"template":"","format":"standard","meta":{"footnotes":""},"categories":[20,27],"tags":[],"class_list":["post-523690","post","type-post","status-publish","format-standard","has-post-thumbnail","hentry","category-dominicana-hoy","category-portada"],"_links":{"self":[{"href":"https:\/\/diariodominicano.com\/index.php?rest_route=\/wp\/v2\/posts\/523690","targetHints":{"allow":["GET"]}}],"collection":[{"href":"https:\/\/diariodominicano.com\/index.php?rest_route=\/wp\/v2\/posts"}],"about":[{"href":"https:\/\/diariodominicano.com\/index.php?rest_route=\/wp\/v2\/types\/post"}],"author":[{"embeddable":true,"href":"https:\/\/diariodominicano.com\/index.php?rest_route=\/wp\/v2\/users\/5"}],"replies":[{"embeddable":true,"href":"https:\/\/diariodominicano.com\/index.php?rest_route=%2Fwp%2Fv2%2Fcomments&post=523690"}],"version-history":[{"count":3,"href":"https:\/\/diariodominicano.com\/index.php?rest_route=\/wp\/v2\/posts\/523690\/revisions"}],"predecessor-version":[{"id":523698,"href":"https:\/\/diariodominicano.com\/index.php?rest_route=\/wp\/v2\/posts\/523690\/revisions\/523698"}],"wp:featuredmedia":[{"embeddable":true,"href":"https:\/\/diariodominicano.com\/index.php?rest_route=\/wp\/v2\/media\/523691"}],"wp:attachment":[{"href":"https:\/\/diariodominicano.com\/index.php?rest_route=%2Fwp%2Fv2%2Fmedia&parent=523690"}],"wp:term":[{"taxonomy":"category","embeddable":true,"href":"https:\/\/diariodominicano.com\/index.php?rest_route=%2Fwp%2Fv2%2Fcategories&post=523690"},{"taxonomy":"post_tag","embeddable":true,"href":"https:\/\/diariodominicano.com\/index.php?rest_route=%2Fwp%2Fv2%2Ftags&post=523690"}],"curies":[{"name":"wp","href":"https:\/\/api.w.org\/{rel}","templated":true}]}}