{"id":523637,"date":"2024-04-15T01:04:47","date_gmt":"2024-04-15T05:04:47","guid":{"rendered":"https:\/\/diariodominicano.com\/?p=523637"},"modified":"2024-04-15T01:04:47","modified_gmt":"2024-04-15T05:04:47","slug":"gobierno-rd-entrega-llaves-de-25-apartamentos-dominicanos-ny","status":"publish","type":"post","link":"https:\/\/diariodominicano.com\/?p=523637","title":{"rendered":"Gobierno RD entrega llaves de 25 apartamentos dominicanos NY"},"content":{"rendered":"\n<p><strong>Por Ram\u00f3n Mercedes<\/strong><\/p>\n\n\n\n<p><strong>NUEVA YORK.-<\/strong>&nbsp;El gobierno de la Rep\u00fablica Dominicana, a trav\u00e9s del Ministerio de Viviendas y Edificaciones (MIVED) que dirige Carlos Bonilla, entreg\u00f3 el pasado fin de semana las llaves de 25 apartamentos a precios asequibles a igual n\u00famero de dominicanos, en los proyectos San Luis en Santo Domingo Este y Los Salados en Santiago de los Caballeros.<\/p>\n\n\n\n<p>Recientemente, la Presidencia-RD inform\u00f3 que ha entregado 8,142 viviendas, superando las 7,544 prometidas bajo el \u201cPlan Mi Vivienda\u201d:&nbsp;<strong>Ver:<\/strong>&nbsp;<a href=\"https:\/\/www.presidencia.gob.do\/noticias\/gobierno-del-presidente-abinader-alcanza-las-8142-viviendas-entregadas-superando-las-7544\" rel=\"noreferrer noopener\" target=\"_blank\">Gobierno del presidente Abinader alcanza las 8,142 viviendas entregadas, superando las 7,544 prometidas inicialmente bajo el Plan Mi Vivienda<\/a><\/p>\n\n\n\n<p>Durante el acto, llevado a cabo en la sede consular dominicana, el c\u00f3nsul Eligio J\u00e1quez, al pronunciar un discurso expres\u00f3 \u201cesto deber\u00eda hacerse m\u00e1s a menudo; aqu\u00ed debe haber miles de personas que han llenado formularios en los programas de viviendas del Gobierno\u201d.<\/p>\n\n\n\n<p>\u201cA veces hay all\u00e1 muchos proyectos de viviendas que son de 100 o 200 apartamentos, y no ser\u00eda malo que cuando el presidente vaya a inaugurar, se piense en el dominicano en el exterior. Que se reserve un 10 o 15%, que se repartan all\u00e1\u201d, dijo.<\/p>\n\n\n\n<p>Por su parte, el ministro Bonilla respondi\u00f3 que compromet\u00eda su palabra siempre y cuando haya algo concreto, haciendo un resumen de los proyectos San Luis en Santo Domingo y Los Salados en Santiago de los Caballeros del programa \u201cMi Vivienda\u201d, hablando de los precios, tama\u00f1os y comodidades de los apartamentos, la mayor\u00eda de 3 habitaciones que es lo que la gente quiere.<\/p>\n","protected":false},"excerpt":{"rendered":"<p>Por Ram\u00f3n Mercedes NUEVA YORK.-&nbsp;El gobierno de la Rep\u00fablica Dominicana, a trav\u00e9s del Ministerio de Viviendas y Edificaciones (MIVED) que dirige Carlos Bonilla, entreg\u00f3 el pasado fin de semana las llaves de 25 apartamentos a precios asequibles a igual n\u00famero de dominicanos, en los proyectos San Luis en Santo Domingo Este y Los Salados en [&hellip;]<\/p>\n","protected":false},"author":28,"featured_media":523639,"comment_status":"closed","ping_status":"","sticky":false,"template":"","format":"standard","meta":{"footnotes":""},"categories":[20],"tags":[],"class_list":["post-523637","post","type-post","status-publish","format-standard","has-post-thumbnail","hentry","category-dominicana-hoy"],"_links":{"self":[{"href":"https:\/\/diariodominicano.com\/index.php?rest_route=\/wp\/v2\/posts\/523637","targetHints":{"allow":["GET"]}}],"collection":[{"href":"https:\/\/diariodominicano.com\/index.php?rest_route=\/wp\/v2\/posts"}],"about":[{"href":"https:\/\/diariodominicano.com\/index.php?rest_route=\/wp\/v2\/types\/post"}],"author":[{"embeddable":true,"href":"https:\/\/diariodominicano.com\/index.php?rest_route=\/wp\/v2\/users\/28"}],"replies":[{"embeddable":true,"href":"https:\/\/diariodominicano.com\/index.php?rest_route=%2Fwp%2Fv2%2Fcomments&post=523637"}],"version-history":[{"count":1,"href":"https:\/\/diariodominicano.com\/index.php?rest_route=\/wp\/v2\/posts\/523637\/revisions"}],"predecessor-version":[{"id":523640,"href":"https:\/\/diariodominicano.com\/index.php?rest_route=\/wp\/v2\/posts\/523637\/revisions\/523640"}],"wp:featuredmedia":[{"embeddable":true,"href":"https:\/\/diariodominicano.com\/index.php?rest_route=\/wp\/v2\/media\/523639"}],"wp:attachment":[{"href":"https:\/\/diariodominicano.com\/index.php?rest_route=%2Fwp%2Fv2%2Fmedia&parent=523637"}],"wp:term":[{"taxonomy":"category","embeddable":true,"href":"https:\/\/diariodominicano.com\/index.php?rest_route=%2Fwp%2Fv2%2Fcategories&post=523637"},{"taxonomy":"post_tag","embeddable":true,"href":"https:\/\/diariodominicano.com\/index.php?rest_route=%2Fwp%2Fv2%2Ftags&post=523637"}],"curies":[{"name":"wp","href":"https:\/\/api.w.org\/{rel}","templated":true}]}}