{"id":523623,"date":"2024-04-15T00:49:04","date_gmt":"2024-04-15T04:49:04","guid":{"rendered":"https:\/\/diariodominicano.com\/?p=523623"},"modified":"2024-04-15T00:49:04","modified_gmt":"2024-04-15T04:49:04","slug":"dominicanos-asisten-masivamente-a-funeraria-alto-manhattan-darle-ultimo-adios-hijo-pacheco","status":"publish","type":"post","link":"https:\/\/diariodominicano.com\/?p=523623","title":{"rendered":"Dominicanos asisten masivamente a funeraria Alto Manhattan darle \u00faltimo adi\u00f3s hijo Pacheco"},"content":{"rendered":"\n<p><strong>Por Ram\u00f3n Mercedes<\/strong><\/p>\n\n\n\n<p><strong>NUEVA YORK.-<\/strong>&nbsp;M\u00e1s de 200 dominicanos de diferentes sectores de la comunidad criolla en esta ciudad, ll\u00e1mense pol\u00edticos, funcionarios gubernamentales de NY y la RD, empresarios, profesionales, periodistas, comunitarios y ciudadanos comunes, entre otros, asistieron este domingo en horas de la tarde a la funeraria Ortiz del Alto Manhattan, para darle el \u00faltimo adi\u00f3s a Luis Alfredo Pacheco, hijo del presidente de la C\u00e1mara de Diputados, Alfredo Pacheco.<\/p>\n\n\n\n<p>Asistieron a dar el p\u00e9same en persona al diputado Pacheco y a la madre de la v\u00edctima, entre otros familiares presentes en la funeraria, el c\u00f3nsul Eligio J\u00e1quez; el presidente de la C\u00e1mara del Senado-RD, Ricardo de los Santos, y el ministro de Obras P\u00fablicas, Deligne Ascensi\u00f3n.<\/p>\n\n\n\n<p>Asimismo, el presidente de la seccional del PRSC, Orlando Rosado; el doctor Rafael Lantigua; los candidatos a diputados por el PRM en la Circunscripci\u00f3n 1-USA Cirilo Moronta y Norberto Rodr\u00edguez; y el c\u00f3nsul en Aruba, Luis Eludis P\u00e9rez, entre otros.&nbsp;<\/p>\n\n\n\n<p>El velatorio inici\u00f3 a las 4:00 p.m. en la capilla A y finaliz\u00f3 a las 7:30 de la noche. A la v\u00edctima le oficiaron una misa de cuerpo presente y los asistentes se colocaron en fila para llegar hasta donde el diputado Pacheco.&nbsp;<\/p>\n\n\n\n<p>El cuerpo de Pacheco Jr. de 35 a\u00f1os, ser\u00e1 sepultado a las 9:30 de la ma\u00f1ana de este lunes en el cementerio Woodlawn, ubicado en la avenida Webster con la calle 233 en El Bronx. Este camposanto fue inaugurado en el 1863, figura en el Registro Nacional de Lugares Hist\u00f3ricos de los Estados Unidos.<\/p>\n\n\n\n<p>En el mismo est\u00e1n enterradas m\u00e1s de 300 mil personas, entre ellas, los salseros Celia Cruz y Tito Puente; el magnate naviero Archibald Gracie, el fundador de grandes almacenes Rowland Hussey Macy y la pareja de magos Alexander y Adelaide Herrmann, entre otros.<\/p>\n\n\n\n<p>Pachedo Jr. result\u00f3 muerto durante un tiroteo en Houston, Texas. Hasta el momento se desconocen las circunstancias en que ocurrieron los hechos.<\/p>\n\n\n\n<p>La polic\u00eda de Houston persigue a los sospechosos, que seg\u00fan testigos, fueron vistos momentos antes en una tienda cercana a la estaci\u00f3n de combustibles donde fue tiroteado. Uno de sus acompa\u00f1antes result\u00f3 herido durante la r\u00e1faga realizada por 4 desconocidos, que son perseguidos activamente por un escuadr\u00f3n de detective. \u00a1Paz a su alma!<\/p>\n","protected":false},"excerpt":{"rendered":"<p>Por Ram\u00f3n Mercedes NUEVA YORK.-&nbsp;M\u00e1s de 200 dominicanos de diferentes sectores de la comunidad criolla en esta ciudad, ll\u00e1mense pol\u00edticos, funcionarios gubernamentales de NY y la RD, empresarios, profesionales, periodistas, comunitarios y ciudadanos comunes, entre otros, asistieron este domingo en horas de la tarde a la funeraria Ortiz del Alto Manhattan, para darle el \u00faltimo [&hellip;]<\/p>\n","protected":false},"author":28,"featured_media":523624,"comment_status":"closed","ping_status":"","sticky":true,"template":"","format":"standard","meta":{"footnotes":""},"categories":[20,27],"tags":[],"class_list":["post-523623","post","type-post","status-publish","format-standard","has-post-thumbnail","hentry","category-dominicana-hoy","category-portada"],"_links":{"self":[{"href":"https:\/\/diariodominicano.com\/index.php?rest_route=\/wp\/v2\/posts\/523623","targetHints":{"allow":["GET"]}}],"collection":[{"href":"https:\/\/diariodominicano.com\/index.php?rest_route=\/wp\/v2\/posts"}],"about":[{"href":"https:\/\/diariodominicano.com\/index.php?rest_route=\/wp\/v2\/types\/post"}],"author":[{"embeddable":true,"href":"https:\/\/diariodominicano.com\/index.php?rest_route=\/wp\/v2\/users\/28"}],"replies":[{"embeddable":true,"href":"https:\/\/diariodominicano.com\/index.php?rest_route=%2Fwp%2Fv2%2Fcomments&post=523623"}],"version-history":[{"count":1,"href":"https:\/\/diariodominicano.com\/index.php?rest_route=\/wp\/v2\/posts\/523623\/revisions"}],"predecessor-version":[{"id":523625,"href":"https:\/\/diariodominicano.com\/index.php?rest_route=\/wp\/v2\/posts\/523623\/revisions\/523625"}],"wp:featuredmedia":[{"embeddable":true,"href":"https:\/\/diariodominicano.com\/index.php?rest_route=\/wp\/v2\/media\/523624"}],"wp:attachment":[{"href":"https:\/\/diariodominicano.com\/index.php?rest_route=%2Fwp%2Fv2%2Fmedia&parent=523623"}],"wp:term":[{"taxonomy":"category","embeddable":true,"href":"https:\/\/diariodominicano.com\/index.php?rest_route=%2Fwp%2Fv2%2Fcategories&post=523623"},{"taxonomy":"post_tag","embeddable":true,"href":"https:\/\/diariodominicano.com\/index.php?rest_route=%2Fwp%2Fv2%2Ftags&post=523623"}],"curies":[{"name":"wp","href":"https:\/\/api.w.org\/{rel}","templated":true}]}}