{"id":52350,"date":"2020-11-16T17:21:56","date_gmt":"2020-11-16T17:21:56","guid":{"rendered":"http:\/\/diariodominicano.ddns.net\/?p=52350"},"modified":"2020-11-16T17:21:56","modified_gmt":"2020-11-16T17:21:56","slug":"ministro-de-educacion-dice-el-matrimonio-infantil-es-una-afrenta","status":"publish","type":"post","link":"https:\/\/diariodominicano.com\/?p=52350","title":{"rendered":"Ministro de Educaci\u00f3n dice \u00abEl matrimonio infantil es una afrenta\u00bb"},"content":{"rendered":"<p><body><\/p>\n<p><img decoding=\"async\" src=\"img3\/RobertFulcarEdu16-11-20.jpeg\" \/>  <\/p>\n<p><span class=\"text1noticias\"> diariodominicano.com<\/span><\/p>\n<p><span class=\"text1noticias\"> <\/span><\/p>\n<p><span class=\"text1noticias\">Santo Domingo, R. D., 16 de noviembre, 2020.- Roberto Fulcar, asegur\u00f3 que el Ministerio de Educaci\u00f3n tiene el gran compromiso de proteger y transformar positivamente el presente y el futuro de los ni\u00f1os, ni\u00f1as y adolescentes, impuls\u00e1ndoles en su desarrollo. <\/span><\/p>\n<p><span class=\"text1noticias\"> <\/span><\/p>\n<p><span class=\"text1noticias\">El ministro de Educaci\u00f3n fue enf\u00e1tico en que el matrimonio infantil es una afrenta que debe ser erradicada en toda ley y toda norma, porque \u00abLas ni\u00f1as y los ni\u00f1os deben estar en la escuela, es el lugar que les corresponde para desarrollarse y poder construir su futuro\u00bb. <\/span><\/p>\n<p><span class=\"text1noticias\"> <\/span><\/p>\n<p><span class=\"text1noticias\">Fulcar particip\u00f3 en una reuni\u00f3n en la que funcionarios y legisladores acordaron eliminar las brechas que dejan las leyes para las uniones a temprana edad. <\/span><\/p>\n<p><span class=\"text1noticias\"> <\/span><\/p>\n<p><span class=\"text1noticias\">\u00abEste es el momento en que todo el pa\u00eds debe unirse para derogar de la legislaci\u00f3n toda iniciativa civil que facilite, legitime o legalice estos matrimonios y uniones a destiempo\u00bb. <\/span><\/p>\n<p><span class=\"text1noticias\"> <\/span><\/p>\n<p><span class=\"text1noticias\">El Ministerio de Educaci\u00f3n junto a otras instituciones respaldar\u00e1 el Gabinete de Ni\u00f1ez y Adolescencia anunciado este lunes por el presidente Lu\u00eds Abinader. Fulcar, asegur\u00f3 que el Ministerio de Educaci\u00f3n implementar\u00e1 acciones orientadas a la permanencia y continuidad de las ni\u00f1as, ni\u00f1os y adolescentes en las escuelas y llam\u00f3 a los padres y madres a apoyar a sus hijos y a trabajar junto al MINERD para lograr que todos los ni\u00f1os concluyan la educaci\u00f3n preuniversitaria.<\/span><\/p>\n<p><span class=\"text1noticias\">  <\/span><\/p>\n<p><span class=\"text1noticias\">El ministro de Educaci\u00f3n se\u00f1al\u00f3 que el matrimonio infantil no es una soluci\u00f3n a ninguna situaci\u00f3n familiar, todo lo contrario, aumenta la posibilidad de que los ni\u00f1os, ni\u00f1as y adolescentes abandonen las escuelas y la proliferaci\u00f3n de embarazos tempranos, as\u00ed mismo aumenta la posibilidad de abusos. Adelant\u00f3 que se llevar\u00e1n a cabo estrategias educativas tendentes a generar conciencia en ese sentido.<\/span><\/p>\n<p><span class=\"text1noticias\"> <\/span><\/p>\n<p><span class=\"text1noticias\">Este lunes todos los presidentes de bloques de partidos en la C\u00e1mara de Diputados, se comprometieron a eliminar las dispensas para las uniones matrimoniales que involucren a menores de edad como parte del proyecto de ley que modifica el art\u00edculo 144 del C\u00f3digo Civil de la Rep\u00fablica Dominicana, donde se proh\u00edbe el matrimonio de menores de 18 a\u00f1os de edad. <\/span><\/p>\n<p><span class=\"text1noticias\"> <\/span><\/p>\n<p><span class=\"text1noticias\">Se espera que este mi\u00e9rcoles el proyecto de modificaci\u00f3n al C\u00f3digo Civil y todas las leyes que contemplan excepciones para el matrimonio con o entre personas menores de edad sea aprobado en dos lecturas consecutivas. <\/span><\/p>\n<p><span class=\"text1noticias\"> <\/span><\/p>\n<p><span class=\"text1noticias\">Fuente: Ministerio de Educaci\u00f3n <\/span><\/p>\n<p><span class=\"text1noticias\">Direcci<\/span>\u00f3n de Comunicaci\u00f3n<\/p>\n<h6> 2020-11-16 17:21:56 <\/h6>\n<p><!--\n<link rel=\"stylesheet\" href=\"css\/bootstrap.min.css\">\n\n\n<ul class=\"pagination\">\n\t    \n\t\n\n<li >\n\t<a href='?page_no=46'>Previous<\/a>\n\t<\/li>\n\n\n       \n    \n\n<li><a href='?page_no=1'>1<\/a><\/li>\n\n\n\n<li><a href='?page_no=2'>2<\/a><\/li>\n\n\n\n<li><a>...<\/a><\/li>\n\n\n\n<li><a href='?page_no=45'>45<\/a><\/li>\n\n\n\n<li><a href='?page_no=46'>46<\/a><\/li>\n\n\n\n<li class='active'><a>47<\/a><\/li>\n\n\n\n<li><a href='?page_no=48'>48<\/a><\/li>\n\n\n\n<li><a href='?page_no=49'>49<\/a><\/li>\n\n\n\n<li><a>...<\/a><\/li>\n\n\n\n<li><a href='?page_no=22911'>22911<\/a><\/li>\n\n\n\n<li><a href='?page_no=22912'>22912<\/a><\/li>\n\n    \n\t\n\n<li >\n\t<a href='?page_no=48'>Next<\/a>\n\t<\/li>\n\n\n    \n\n<li><a href='?page_no=22912'>Last &rsaquo;&rsaquo;<\/a><\/li>\n\n<\/ul>\n\n\n--><br \/>\n<\/body><\/p>\n","protected":false},"excerpt":{"rendered":"<p>diariodominicano.com Santo Domingo, R. D., 16 de noviembre, 2020.- Roberto Fulcar, asegur\u00f3 que el Ministerio de Educaci\u00f3n tiene el gran compromiso de proteger y transformar positivamente el presente y el futuro de los ni\u00f1os, ni\u00f1as y adolescentes, impuls\u00e1ndoles en su desarrollo. El ministro de Educaci\u00f3n fue enf\u00e1tico en que el matrimonio infantil es una afrenta [&hellip;]<\/p>\n","protected":false},"author":3,"featured_media":0,"comment_status":"open","ping_status":"open","sticky":false,"template":"","format":"standard","meta":{"footnotes":""},"categories":[21],"tags":[],"class_list":["post-52350","post","type-post","status-publish","format-standard","hentry","category-cultura"],"_links":{"self":[{"href":"https:\/\/diariodominicano.com\/index.php?rest_route=\/wp\/v2\/posts\/52350","targetHints":{"allow":["GET"]}}],"collection":[{"href":"https:\/\/diariodominicano.com\/index.php?rest_route=\/wp\/v2\/posts"}],"about":[{"href":"https:\/\/diariodominicano.com\/index.php?rest_route=\/wp\/v2\/types\/post"}],"author":[{"embeddable":true,"href":"https:\/\/diariodominicano.com\/index.php?rest_route=\/wp\/v2\/users\/3"}],"replies":[{"embeddable":true,"href":"https:\/\/diariodominicano.com\/index.php?rest_route=%2Fwp%2Fv2%2Fcomments&post=52350"}],"version-history":[{"count":0,"href":"https:\/\/diariodominicano.com\/index.php?rest_route=\/wp\/v2\/posts\/52350\/revisions"}],"wp:attachment":[{"href":"https:\/\/diariodominicano.com\/index.php?rest_route=%2Fwp%2Fv2%2Fmedia&parent=52350"}],"wp:term":[{"taxonomy":"category","embeddable":true,"href":"https:\/\/diariodominicano.com\/index.php?rest_route=%2Fwp%2Fv2%2Fcategories&post=52350"},{"taxonomy":"post_tag","embeddable":true,"href":"https:\/\/diariodominicano.com\/index.php?rest_route=%2Fwp%2Fv2%2Ftags&post=52350"}],"curies":[{"name":"wp","href":"https:\/\/api.w.org\/{rel}","templated":true}]}}