{"id":523360,"date":"2024-04-14T22:22:00","date_gmt":"2024-04-15T02:22:00","guid":{"rendered":"https:\/\/diariodominicano.com\/?p=523360"},"modified":"2024-04-15T00:13:43","modified_gmt":"2024-04-15T04:13:43","slug":"presidente-de-la-une-el-ganador-de-las-elecciones-debe-recibir-todo-el-apoyo-para-emprender-reformas-economicas-y-estructurales","status":"publish","type":"post","link":"https:\/\/diariodominicano.com\/?p=523360","title":{"rendered":"Presidente de la UNE: \u201cEl ganador de las elecciones debe recibir todo el apoyo para emprender reformas econ\u00f3micas y estructurales\u201d"},"content":{"rendered":"\n<p><strong>\u201c<\/strong><strong>Creo que hay que hacer una revisi\u00f3n para ampliar la base de las empresas y personas que no pagan impuestos<\/strong><strong>\u201d<\/strong><\/p>\n\n\n\n<p><strong>Leonel Castellanos Duarte afirma que el pa\u00eds se encuentra en un clima muy envidiable para las inversiones extranjeras<\/strong><\/p>\n\n\n\n<p>El presidente de la Uni\u00f3n Nacional de Empresarios (UNE), ingeniero Leonel Castellanos Duarte, exhort\u00f3 a todas las fuerzas pol\u00edticas que compiten en las elecciones del 19 de mayo, unirse y respaldar al que resulte ganador para el emprendimiento de las reformas econ\u00f3micas y estructurales que requerir\u00e1 el pa\u00eds de forma inmediata.<\/p>\n\n\n\n<figure class=\"wp-block-gallery has-nested-images columns-default is-cropped wp-block-gallery-1 is-layout-flex wp-block-gallery-is-layout-flex\">\n<figure class=\"wp-block-image size-large\"><img loading=\"lazy\" decoding=\"async\" width=\"804\" height=\"445\" data-id=\"523576\" src=\"https:\/\/diariodominicano.com\/wp-content\/uploads\/2024\/04\/Presidente-de-la-UNE-El-ganador-de-las-elecciones-debe-recibir-todo-el-apoyo-para-emprender-reformas-economicas-y-estructurales-1.jpg\" alt=\"\" class=\"wp-image-523576\" srcset=\"https:\/\/diariodominicano.com\/wp-content\/uploads\/2024\/04\/Presidente-de-la-UNE-El-ganador-de-las-elecciones-debe-recibir-todo-el-apoyo-para-emprender-reformas-economicas-y-estructurales-1.jpg 804w, https:\/\/diariodominicano.com\/wp-content\/uploads\/2024\/04\/Presidente-de-la-UNE-El-ganador-de-las-elecciones-debe-recibir-todo-el-apoyo-para-emprender-reformas-economicas-y-estructurales-1-300x166.jpg 300w, https:\/\/diariodominicano.com\/wp-content\/uploads\/2024\/04\/Presidente-de-la-UNE-El-ganador-de-las-elecciones-debe-recibir-todo-el-apoyo-para-emprender-reformas-economicas-y-estructurales-1-768x425.jpg 768w\" sizes=\"auto, (max-width: 804px) 100vw, 804px\" \/><\/figure>\n<\/figure>\n\n\n\n<p>Entrevistado por el periodista Federico M\u00e9ndez, en el programa Esferas de Poder, que se transmite los domingos de 8:00 a 9:00 de la ma\u00f1ana, por RNN Canal 27, argument\u00f3 que todas las fuerzas sociales del pa\u00eds deber\u00e1n entablar un di\u00e1logo despu\u00e9s de las elecciones para procurar las reformas que se necesitan.<\/p>\n\n\n\n<p>Manifest\u00f3 que entre los principales retos que tiene el gobierno que se instalar\u00e1 el 16 de agosto es iniciar el proceso de reformas estructurales econ\u00f3micas integrales, que representar\u00e1 sacrificios para el pa\u00eds porque no se pueden aumentar los ingresos y continuar subiendo los gastos.<\/p>\n\n\n\n<figure class=\"wp-block-gallery has-nested-images columns-default is-cropped wp-block-gallery-2 is-layout-flex wp-block-gallery-is-layout-flex\">\n<figure class=\"wp-block-image size-large\"><img loading=\"lazy\" decoding=\"async\" width=\"797\" height=\"445\" data-id=\"523575\" src=\"https:\/\/diariodominicano.com\/wp-content\/uploads\/2024\/04\/Presidente-de-la-UNE-El-ganador-de-las-elecciones-debe-recibir-todo-el-apoyo-para-emprender-reformas-economicas-y-estructurales-.jpg\" alt=\"\" class=\"wp-image-523575\" srcset=\"https:\/\/diariodominicano.com\/wp-content\/uploads\/2024\/04\/Presidente-de-la-UNE-El-ganador-de-las-elecciones-debe-recibir-todo-el-apoyo-para-emprender-reformas-economicas-y-estructurales-.jpg 797w, https:\/\/diariodominicano.com\/wp-content\/uploads\/2024\/04\/Presidente-de-la-UNE-El-ganador-de-las-elecciones-debe-recibir-todo-el-apoyo-para-emprender-reformas-economicas-y-estructurales--300x168.jpg 300w, https:\/\/diariodominicano.com\/wp-content\/uploads\/2024\/04\/Presidente-de-la-UNE-El-ganador-de-las-elecciones-debe-recibir-todo-el-apoyo-para-emprender-reformas-economicas-y-estructurales--768x429.jpg 768w\" sizes=\"auto, (max-width: 797px) 100vw, 797px\" \/><\/figure>\n<\/figure>\n\n\n\n<p>Dijo que esas reformas son la fiscal, de la seguridad social y la laboral, donde se contin\u00faa con las diferencias en torno a la cesant\u00eda, los derechos adquiridos de los trabajadores y mejorar las condiciones de \u00e9stos.<\/p>\n\n\n\n<p>Pero tambi\u00e9n, manifest\u00f3 que se debe crear la estructura necesaria para el desarrollo y que las reformas, sobre todo la fiscal, se conviertan en instrumentos de desarrollo para estimular la iniciativa privada con miras a que se incorpore a la producci\u00f3n.<\/p>\n\n\n\n<figure class=\"wp-block-gallery has-nested-images columns-default is-cropped wp-block-gallery-3 is-layout-flex wp-block-gallery-is-layout-flex\">\n<figure class=\"wp-block-image size-large\"><img loading=\"lazy\" decoding=\"async\" width=\"798\" height=\"446\" data-id=\"523574\" src=\"https:\/\/diariodominicano.com\/wp-content\/uploads\/2024\/04\/Presidente-de-UNE-El-ganador-de-las-elecciones-debe-recibir-todo-el-apoyo-para-emprender-reformas-economicas-y-estructurales.jpg\" alt=\"\" class=\"wp-image-523574\" srcset=\"https:\/\/diariodominicano.com\/wp-content\/uploads\/2024\/04\/Presidente-de-UNE-El-ganador-de-las-elecciones-debe-recibir-todo-el-apoyo-para-emprender-reformas-economicas-y-estructurales.jpg 798w, https:\/\/diariodominicano.com\/wp-content\/uploads\/2024\/04\/Presidente-de-UNE-El-ganador-de-las-elecciones-debe-recibir-todo-el-apoyo-para-emprender-reformas-economicas-y-estructurales-300x168.jpg 300w, https:\/\/diariodominicano.com\/wp-content\/uploads\/2024\/04\/Presidente-de-UNE-El-ganador-de-las-elecciones-debe-recibir-todo-el-apoyo-para-emprender-reformas-economicas-y-estructurales-768x429.jpg 768w\" sizes=\"auto, (max-width: 798px) 100vw, 798px\" \/><\/figure>\n<\/figure>\n\n\n\n<p>\u201cNuestra aspiraci\u00f3n es invitar a todas las fuerzas pol\u00edticas del pa\u00eds para que el que resulte ganador de las pr\u00f3ximas elecciones reciba todo el apoyo de los dem\u00e1s partidos y las dem\u00e1s fuerzas pol\u00edticas del pa\u00eds, para que unidos en un solo prop\u00f3sito com\u00fan, que se llama Rep\u00fablica Dominicana, emprendamos acciones juntas para tomar las mejores decisiones y emprender el conjunto de reformas econ\u00f3micas y estructurales que necesita el pa\u00eds\u201d, argument\u00f3.<\/p>\n\n\n\n<p>Castellanos Duarte entiende que para esto se necesita todo el apoyo y colaboraci\u00f3n de todas las fuerzas pol\u00edticas, con el prop\u00f3sito de que se hagan los cambios que se requieren.<\/p>\n\n\n\n<p>Sostuvo que el pa\u00eds goza actualmente de un milagro econ\u00f3mico debido al proceso de reforma econ\u00f3mica que se llev\u00f3 a cabo en la d\u00e9cada de los 90, donde la Uni\u00f3n Nacional de Empresarios jug\u00f3 un papel predominante en propuestas de reformas fiscal, arancelaria, laboral y otras. &nbsp;<\/p>\n\n\n\n<p>Plante\u00f3 que despu\u00e9s de las elecciones, todos los sectores pol\u00edticos, empresariales y civiles deben sentarse en una mesa de discusi\u00f3n para debatir sobre el particular.<\/p>\n\n\n\n<p>Record\u00f3 que el Consejo Econ\u00f3mico y Social es un organismo consultivo, de debates y discusiones, donde se pueden plantear propuestas y sacar conclusiones.<\/p>\n\n\n\n<p>\u201cPero lo que s\u00ed necesitamos es que quien resulte ganador tenga el apoyo de todas las fuerzas opositores, pol\u00edticas, sociales y econ\u00f3micas, para que en conjunto entre todos, formulemos un plan de desarrollo, similar al que est\u00e1 establecido en la Estrategia Nacional de Desarrollo\u201d, apunt\u00f3.<\/p>\n\n\n\n<p>Consider\u00f3 que el futuro del pa\u00eds depender\u00e1 de lo que se haga con una reforma a partir de la toma de posesi\u00f3n de las autoridades que resultar\u00e1n electas en las elecciones del 19 de mayo.<\/p>\n\n\n\n<p>Manifest\u00f3 que todos los a\u00f1os el pa\u00eds trabaja con un presupuesto con un d\u00e9ficit fiscal, lo cual debe ser equilibrado para que los ingresos se equiparen a los gastos.<\/p>\n\n\n\n<p>\u201cNo podemos todos los a\u00f1os elaborar un presupuesto con d\u00e9ficit porque tenemos que crecer, pero tambi\u00e9n hay que establecer responsabilidad con el gasto\u201d, subray\u00f3.<\/p>\n\n\n\n<p>Cit\u00f3 como ejemplo que aqu\u00ed se luch\u00f3 por establecer el 4% del Presupuesto General del Estado para la educaci\u00f3n, pero deben evaluarse los resultados, aunque ha mejorado.<\/p>\n\n\n\n<p>Consider\u00f3 que una reforma fiscal debe ser enfocada hacia las personas que no pagan impuestos para incrementar los ingresos y no aumentar los tributos a quienes cumplen con esa responsabilidad.<\/p>\n\n\n\n<p>\u201cCreo que hay que hacer una revisi\u00f3n de nosotros para ampliar la base de las empresas y personas jur\u00eddicas que no pagan impuestos, es a ellos que tenemos que enfocar el trabajo, para que los ingresos aumenten y c\u00f3mo incorporar la cantidad de empresas que est\u00e1n en la informalidad\u201d, adujo.<\/p>\n\n\n\n<p>Castellanos Duarte plante\u00f3 que todo el que est\u00e1 en la informalidad laboral, no est\u00e1 incorporado a la seguridad social.<\/p>\n\n\n\n<p>Advirti\u00f3 que la competencia con las empresas formales que pagan sus impuestos y las que no pagan se convierte en desleal, por lo que debe ampliarse la base de tributaci\u00f3n hacia los que no pagan.<\/p>\n\n\n\n<p>\u201cPorque no se ha hecho un levantamiento de cu\u00e1nto es la evasi\u00f3n que existe en el pa\u00eds de empresas que no est\u00e1n registradas y otras que no pagan, uno a veces ve comercio que ni siquiera te dan factura fiscal y te toman una tarjeta de cr\u00e9dito\u201d, signific\u00f3.<\/p>\n\n\n\n<p><strong>Afirma que el pa\u00eds se encuentra en un clima muy envidiable para las inversiones extranjeras<\/strong><\/p>\n\n\n\n<p>El presidente de la Uni\u00f3n Nacional de Empresarios (UNE), ingeniero Leonel Castellanos Duarte, afirm\u00f3 que, en t\u00e9rminos de estabilidad econ\u00f3mica, el pa\u00eds se encuentra en una posici\u00f3n \u201cmuy envidiable y atractiva\u201d para las inversiones extranjeras.<\/p>\n\n\n\n<p>Afirm\u00f3 que el pa\u00eds goza de una pol\u00edtica econ\u00f3mica y monetaria eficiente y confiable, lo cual ha logrado estabilidad.<\/p>\n\n\n\n<p>Calific\u00f3 ese panorama como muy positivo, oportunidad que debe ser aprovechada porque las inversiones extranjeras ven al pa\u00eds como \u201cuna ni\u00f1a bonita\u201d.<\/p>\n\n\n\n<p>El dirigente empresarial consider\u00f3 que el factor confianza es uno de los elementos que rodea el clima econ\u00f3mico y de inversi\u00f3n en la Rep\u00fablica Dominicana.<\/p>\n\n\n\n<p>\u201cCreo que el pa\u00eds se encuentra en una posici\u00f3n muy privilegiada en estos momentos, inclusive, despu\u00e9s de la pandemia los organismos internacionales a nosotros nos colocan en primera l\u00ednea como los pa\u00edses l\u00edderes en Latinoam\u00e9rica, con el mayor nivel de crecimiento\u201d, agreg\u00f3.<\/p>\n\n\n\n<p>Castellanos Duarte record\u00f3 que el Banco Mundial proyecta que Rep\u00fablica Dominicana crecer\u00e1 este a\u00f1o por encima del 5%, n\u00famero que supera la media de toda Latinoam\u00e9rica.<\/p>\n\n\n\n<p>Asimismo, indic\u00f3 que recientemente la calificadora de riesgos Fitch Ratings emiti\u00f3 un informe estableciendo que el pa\u00eds ha mejorado su calificaci\u00f3n como pa\u00eds, lo cual \u201cnos llena de orgullo\u201d.<\/p>\n\n\n\n<p>\u201cVemos tambi\u00e9n c\u00f3mo los sectores de la econom\u00eda, principales generadores de divisas han estado creciendo, sobre todo el turismo, este mes de marzo que acaba de pasar superamos con 100,000 turistas m\u00e1s que marzo del a\u00f1o pasado\u201d, subray\u00f3.<\/p>\n\n\n\n<p>El dirigente empresarial sostuvo que el turismo creci\u00f3 un 10% con relaci\u00f3n al mismo per\u00edodo del a\u00f1o pasado.<\/p>\n\n\n\n<p>Especific\u00f3 que solamente se ha producido un descenso en las exportaciones totales este mes, con relaci\u00f3n al a\u00f1o pasado, producto de la situaci\u00f3n que se origina con Hait\u00ed, que es el segundo socio comercial.<\/p>\n\n\n\n<p>Castellanos Duarte dijo que a pesar de que el precio del oro ha aumentado en el mercado internacional, por encima de los US$240.00, cifra que califica como hist\u00f3rica y r\u00e9cord, se ha producido un descenso en las exportaciones.<\/p>\n\n\n\n<p>federico.mendeznova@gmail.com <\/p>\n","protected":false},"excerpt":{"rendered":"<p>\u201cCreo que hay que hacer una revisi\u00f3n para ampliar la base de las empresas y personas que no pagan impuestos\u201d Leonel Castellanos Duarte afirma que el pa\u00eds se encuentra en un clima muy envidiable para las inversiones extranjeras El presidente de la Uni\u00f3n Nacional de Empresarios (UNE), ingeniero Leonel Castellanos Duarte, exhort\u00f3 a todas las [&hellip;]<\/p>\n","protected":false},"author":7,"featured_media":523573,"comment_status":"closed","ping_status":"open","sticky":true,"template":"","format":"standard","meta":{"footnotes":""},"categories":[20,27],"tags":[],"class_list":["post-523360","post","type-post","status-publish","format-standard","has-post-thumbnail","hentry","category-dominicana-hoy","category-portada"],"_links":{"self":[{"href":"https:\/\/diariodominicano.com\/index.php?rest_route=\/wp\/v2\/posts\/523360","targetHints":{"allow":["GET"]}}],"collection":[{"href":"https:\/\/diariodominicano.com\/index.php?rest_route=\/wp\/v2\/posts"}],"about":[{"href":"https:\/\/diariodominicano.com\/index.php?rest_route=\/wp\/v2\/types\/post"}],"author":[{"embeddable":true,"href":"https:\/\/diariodominicano.com\/index.php?rest_route=\/wp\/v2\/users\/7"}],"replies":[{"embeddable":true,"href":"https:\/\/diariodominicano.com\/index.php?rest_route=%2Fwp%2Fv2%2Fcomments&post=523360"}],"version-history":[{"count":4,"href":"https:\/\/diariodominicano.com\/index.php?rest_route=\/wp\/v2\/posts\/523360\/revisions"}],"predecessor-version":[{"id":523603,"href":"https:\/\/diariodominicano.com\/index.php?rest_route=\/wp\/v2\/posts\/523360\/revisions\/523603"}],"wp:featuredmedia":[{"embeddable":true,"href":"https:\/\/diariodominicano.com\/index.php?rest_route=\/wp\/v2\/media\/523573"}],"wp:attachment":[{"href":"https:\/\/diariodominicano.com\/index.php?rest_route=%2Fwp%2Fv2%2Fmedia&parent=523360"}],"wp:term":[{"taxonomy":"category","embeddable":true,"href":"https:\/\/diariodominicano.com\/index.php?rest_route=%2Fwp%2Fv2%2Fcategories&post=523360"},{"taxonomy":"post_tag","embeddable":true,"href":"https:\/\/diariodominicano.com\/index.php?rest_route=%2Fwp%2Fv2%2Ftags&post=523360"}],"curies":[{"name":"wp","href":"https:\/\/api.w.org\/{rel}","templated":true}]}}