{"id":523333,"date":"2024-04-14T09:05:48","date_gmt":"2024-04-14T13:05:48","guid":{"rendered":"https:\/\/diariodominicano.com\/?p=523333"},"modified":"2024-04-14T09:08:37","modified_gmt":"2024-04-14T13:08:37","slug":"gobierno-dominicano-condena-ataques-realizados-por-iran-contra-israel","status":"publish","type":"post","link":"https:\/\/diariodominicano.com\/?p=523333","title":{"rendered":"Gobierno dominicano condena ataques realizados por Ir\u00e1n contra Israel"},"content":{"rendered":"\n<h2 class=\"wp-block-heading\">\u00abEl Gobierno dominicano condena los ataques perpetrados por Ir\u00e1n contra Israel y manifiesta su profunda preocupaci\u00f3n por esta grave escalada de violencia que amenaza la paz y la seguridad internacionales. A la vez que expresamos nuestra solidaridad con Israel, hacemos un urgente llamado al cese inmediato al fuego\u00bb, expres\u00f3, a por medio de una publicaci\u00f3n en la red social \u00abX\u00bb, la instituci\u00f3n diplom\u00e1tica dominicana.<\/h2>\n\n\n\n<p><\/p>\n\n\n\n<ul class=\"wp-block-list\">\n<li><\/li>\n<\/ul>\n\n\n\n<figure class=\"wp-block-image\"><img decoding=\"async\" src=\"https:\/\/listindiario.com\/files\/main_image\/uploads\/2016\/03\/30\/6432dae40777b.jpeg\" alt=\"Nota. Ministerio de exteriores: &quot;La Canciller\u00eda venezolana es y ha sido respetuosa de la soberan\u00eda dominicana...\u201d.\"\/><figcaption class=\"wp-element-caption\">Explanada del Ministerio de Relaciones Exteriores de la Rep\u00fablica Dominicana (MIREX).<\/figcaption><\/figure>\n\n\n\n<p><a href=\"https:\/\/www.facebook.com\/sharer\/sharer.php?u=https:\/\/listindiario.com\/la-republica\/20240413\/gobierno-dominicano-condena-ataques-realizado-iran-israel_804068.html\" target=\"_blank\" rel=\"noreferrer noopener\">Facebook<\/a><a href=\"https:\/\/twitter.com\/intent\/tweet?text=Gobierno%20dominicano%20condena%20ataques%20realizados%20por%20Ir%C3%A1n%20contra%20Israel&amp;url=https:\/\/listindiario.com\/la-republica\/20240413\/gobierno-dominicano-condena-ataques-realizado-iran-israel_804068.html\" target=\"_blank\" rel=\"noreferrer noopener\">Twitter<\/a><a href=\"https:\/\/api.whatsapp.com\/send?text=https:\/\/listindiario.com\/la-republica\/20240413\/gobierno-dominicano-condena-ataques-realizado-iran-israel_804068.html%20Gobierno%20dominicano%20condena%20ataques%20realizados%20por%20Ir%C3%A1n%20contra%20Israel\" target=\"_blank\" rel=\"noreferrer noopener\">Whatsapp<\/a><a href=\"https:\/\/listindiario.com\/la-republica\/20240413\/gobierno-dominicano-condena-ataques-realizado-iran-israel_804068.html#botonComentarios\">Comentarios<\/a><\/p>\n\n\n\n<figure class=\"wp-block-image\"><img decoding=\"async\" src=\"https:\/\/listindiario.com\/files\/image_60_60\/uploads\/2023\/04\/24\/6447302c27144.jpeg\" alt=\"Avatar del List\u00edn Diario\"\/><figcaption class=\"wp-element-caption\"><a href=\"https:\/\/listindiario.com\/autor\/listin-diario\">LIST\u00cdN DIARIO<\/a>Santo Domingo, RD.&nbsp;<\/figcaption><\/figure>\n\n\n\n<p>13\/04\/2024 22:30&nbsp;|&nbsp;Actualizado a 13\/04\/2024 22:30<\/p>\n\n\n\n<p>El<strong>&nbsp;Gobierno dominicano<\/strong>&nbsp;conden\u00f3 los ataques b\u00e9licos realizados este s\u00e1bado por&nbsp;<strong>Ir\u00e1n&nbsp;<\/strong>dirigidos al territorio de&nbsp;<strong>Israel<\/strong>.&nbsp;&nbsp;<\/p>\n\n\n\n<p>Las autoridades, a trav\u00e9s del&nbsp;<strong>Ministerio de Relaciones Exteriores de la Rep\u00fablica Dominicana (Mirex)<\/strong>, manifestaron su preocupaci\u00f3n ante este lamentable hecho, debido a que representan una amenaza para la \u00abpaz y seguridad internacional\u00bb.&nbsp; &nbsp; &nbsp; &nbsp;&nbsp;<\/p>\n\n\n\n<p>Es por esta raz\u00f3n que la Canciller\u00eda dominicana emiti\u00f3 un \u00aburgente llamado\u00bb a estos pa\u00edses de Medio Oriente, en el cual solicitaron el cese inmediato al fuego.&nbsp; &nbsp; &nbsp; &nbsp; &nbsp; &nbsp; &nbsp; &nbsp;&nbsp;<\/p>\n\n\n\n<p>\u00abEl Gobierno dominicano condena los ataques perpetrados por Ir\u00e1n contra Israel y manifiesta su profunda preocupaci\u00f3n por esta grave escalada de violencia que amenaza la paz y la seguridad internacionales.\u00a0A la vez que expresamos nuestra solidaridad con Israel, hacemos un urgente llamado al cese inmediato al fuego\u00bb, expres\u00f3, a por medio de una publicaci\u00f3n en la red social \u00abX\u00bb,\u00a0 la instituci\u00f3n diplom\u00e1tica dominicana.\u00a0<\/p>\n\n\n\n<p>De List\u00edn Diario<\/p>\n","protected":false},"excerpt":{"rendered":"<p>\u00abEl Gobierno dominicano condena los ataques perpetrados por Ir\u00e1n contra Israel y manifiesta su profunda preocupaci\u00f3n por esta grave escalada de violencia que amenaza la paz y la seguridad internacionales. A la vez que expresamos nuestra solidaridad con Israel, hacemos un urgente llamado al cese inmediato al fuego\u00bb, expres\u00f3, a por medio de una publicaci\u00f3n [&hellip;]<\/p>\n","protected":false},"author":28,"featured_media":0,"comment_status":"closed","ping_status":"","sticky":true,"template":"","format":"standard","meta":{"footnotes":""},"categories":[20,27],"tags":[],"class_list":["post-523333","post","type-post","status-publish","format-standard","hentry","category-dominicana-hoy","category-portada"],"_links":{"self":[{"href":"https:\/\/diariodominicano.com\/index.php?rest_route=\/wp\/v2\/posts\/523333","targetHints":{"allow":["GET"]}}],"collection":[{"href":"https:\/\/diariodominicano.com\/index.php?rest_route=\/wp\/v2\/posts"}],"about":[{"href":"https:\/\/diariodominicano.com\/index.php?rest_route=\/wp\/v2\/types\/post"}],"author":[{"embeddable":true,"href":"https:\/\/diariodominicano.com\/index.php?rest_route=\/wp\/v2\/users\/28"}],"replies":[{"embeddable":true,"href":"https:\/\/diariodominicano.com\/index.php?rest_route=%2Fwp%2Fv2%2Fcomments&post=523333"}],"version-history":[{"count":2,"href":"https:\/\/diariodominicano.com\/index.php?rest_route=\/wp\/v2\/posts\/523333\/revisions"}],"predecessor-version":[{"id":523335,"href":"https:\/\/diariodominicano.com\/index.php?rest_route=\/wp\/v2\/posts\/523333\/revisions\/523335"}],"wp:attachment":[{"href":"https:\/\/diariodominicano.com\/index.php?rest_route=%2Fwp%2Fv2%2Fmedia&parent=523333"}],"wp:term":[{"taxonomy":"category","embeddable":true,"href":"https:\/\/diariodominicano.com\/index.php?rest_route=%2Fwp%2Fv2%2Fcategories&post=523333"},{"taxonomy":"post_tag","embeddable":true,"href":"https:\/\/diariodominicano.com\/index.php?rest_route=%2Fwp%2Fv2%2Ftags&post=523333"}],"curies":[{"name":"wp","href":"https:\/\/api.w.org\/{rel}","templated":true}]}}