{"id":523330,"date":"2024-04-14T09:03:52","date_gmt":"2024-04-14T13:03:52","guid":{"rendered":"https:\/\/diariodominicano.com\/?p=523330"},"modified":"2024-04-14T09:03:52","modified_gmt":"2024-04-14T13:03:52","slug":"vicepresidenta-raquel-pena-aterriza-en-aeropuerto-el-catey-en-prevencion-por-mal-tiempo","status":"publish","type":"post","link":"https:\/\/diariodominicano.com\/?p=523330","title":{"rendered":"Vicepresidenta Raquel Pe\u00f1a aterriza en aeropuerto El Catey, en prevenci\u00f3n por mal tiempo"},"content":{"rendered":"\n<p>13 DE ABRIL 2024 | 18:35<\/p>\n\n\n\n<p>Compartir:<\/p>\n\n\n\n<p>13Veces compartido<\/p>\n\n\n\n<figure class=\"wp-block-image\"><img decoding=\"async\" src=\"https:\/\/platform-cdn.sharethis.com\/img\/sharethis.svg\" alt=\"sharethis sharing button\"\/><\/figure>\n\n\n\n<p><strong>Santo Domingo.- La vicepresidenta de la Rep\u00fablica, Raquel Pe\u00f1a,&nbsp;<\/strong>aterriz\u00f3 esta tarde en el&nbsp;<strong>Aeropuerto Internacional Juan Bosch<\/strong>&nbsp;(El Catey), luego de concluir exitosamente su&nbsp;<strong>jornada en Saman\u00e1<\/strong>, este s\u00e1bado.&nbsp;<\/p>\n\n\n\n<p><strong>El Cuerpo de Seguridad de la Vicepresidenta<\/strong>\u00a0inform\u00f3 que la decisi\u00f3n de aterrizar en el aeropuerto fue tomada\u00a0<strong>por precauci\u00f3n<\/strong>\u00a0debido a las condiciones clim\u00e1ticas en la zona.<\/p>\n\n\n\n<p>Informaci\u00f3n de la Presidencia de la Rep\u00fablica Dominicana<\/p>\n","protected":false},"excerpt":{"rendered":"<p>13 DE ABRIL 2024 | 18:35 Compartir: 13Veces compartido Santo Domingo.- La vicepresidenta de la Rep\u00fablica, Raquel Pe\u00f1a,&nbsp;aterriz\u00f3 esta tarde en el&nbsp;Aeropuerto Internacional Juan Bosch&nbsp;(El Catey), luego de concluir exitosamente su&nbsp;jornada en Saman\u00e1, este s\u00e1bado.&nbsp; El Cuerpo de Seguridad de la Vicepresidenta\u00a0inform\u00f3 que la decisi\u00f3n de aterrizar en el aeropuerto fue tomada\u00a0por precauci\u00f3n\u00a0debido a las [&hellip;]<\/p>\n","protected":false},"author":28,"featured_media":523331,"comment_status":"closed","ping_status":"","sticky":false,"template":"","format":"standard","meta":{"footnotes":""},"categories":[20],"tags":[],"class_list":["post-523330","post","type-post","status-publish","format-standard","has-post-thumbnail","hentry","category-dominicana-hoy"],"_links":{"self":[{"href":"https:\/\/diariodominicano.com\/index.php?rest_route=\/wp\/v2\/posts\/523330","targetHints":{"allow":["GET"]}}],"collection":[{"href":"https:\/\/diariodominicano.com\/index.php?rest_route=\/wp\/v2\/posts"}],"about":[{"href":"https:\/\/diariodominicano.com\/index.php?rest_route=\/wp\/v2\/types\/post"}],"author":[{"embeddable":true,"href":"https:\/\/diariodominicano.com\/index.php?rest_route=\/wp\/v2\/users\/28"}],"replies":[{"embeddable":true,"href":"https:\/\/diariodominicano.com\/index.php?rest_route=%2Fwp%2Fv2%2Fcomments&post=523330"}],"version-history":[{"count":1,"href":"https:\/\/diariodominicano.com\/index.php?rest_route=\/wp\/v2\/posts\/523330\/revisions"}],"predecessor-version":[{"id":523332,"href":"https:\/\/diariodominicano.com\/index.php?rest_route=\/wp\/v2\/posts\/523330\/revisions\/523332"}],"wp:featuredmedia":[{"embeddable":true,"href":"https:\/\/diariodominicano.com\/index.php?rest_route=\/wp\/v2\/media\/523331"}],"wp:attachment":[{"href":"https:\/\/diariodominicano.com\/index.php?rest_route=%2Fwp%2Fv2%2Fmedia&parent=523330"}],"wp:term":[{"taxonomy":"category","embeddable":true,"href":"https:\/\/diariodominicano.com\/index.php?rest_route=%2Fwp%2Fv2%2Fcategories&post=523330"},{"taxonomy":"post_tag","embeddable":true,"href":"https:\/\/diariodominicano.com\/index.php?rest_route=%2Fwp%2Fv2%2Ftags&post=523330"}],"curies":[{"name":"wp","href":"https:\/\/api.w.org\/{rel}","templated":true}]}}