{"id":52328,"date":"2020-06-28T00:26:41","date_gmt":"2020-06-28T00:26:41","guid":{"rendered":"http:\/\/diariodominicano.ddns.net\/?p=52328"},"modified":"2020-06-28T00:26:41","modified_gmt":"2020-06-28T00:26:41","slug":"el-dia-que-nacio-rosa-duarte-diez","status":"publish","type":"post","link":"https:\/\/diariodominicano.com\/?p=52328","title":{"rendered":"El d\u00eda que naci\u00f3 Rosa Duarte Diez"},"content":{"rendered":"<p><body><\/p>\n<p><img decoding=\"async\" src=\"img3\/Rosa Duarte Mujer excepcional 1.jpg.jpg\" \/>  <\/p>\n<p><strong>Se cumple el bicentenario<\/strong><\/p>\n<p><strong>El d\u00eda que naci\u00f3 Rosa Duarte Diez<\/strong><\/p>\n<p><strong> <\/strong><\/p>\n<p><strong> <\/strong><\/p>\n<p><strong>SANTO DOMINGO, el  28 de junio de 1820, naci\u00f3 en la ciudad de Santo Domingo, Rosa Duarte, quien se distingui\u00f3 por su colaboraci\u00f3n en la Sociedad Secreta La Trinitaria, fundada por su hermano  Juan Pablo Duarte, el 16 de julio de 1838. Era  hija  del comerciante espa\u00f1ol Juan  Jos\u00e9 Duarte y la dominicana Manuela D\u00edez.<\/strong><\/p>\n<p><strong> <\/strong><\/p>\n<p><strong>   Rosa Duarte le aport\u00f3 al pa\u00eds sus apuntes que registran acontecimientos sobre el proceso de lucha por la Independencia dominicana.<\/strong><\/p>\n<p><strong> <\/strong><\/p>\n<p><strong>   Durante todo el proceso para crear el Estado dominicano, Rosa Duarte fue una colaboradora permanente, pero luego de proclamada la Rep\u00fablica sufri\u00f3 la  persecuci\u00f3n pol\u00edtica del Gobierno del Presidente Pedro Santana y luego fue expulsada del territorio nacional con  su familia.<\/strong><\/p>\n<p><strong> <\/strong><\/p>\n<p><strong>   \tEl primero en ser desterrado fue Juan Pablo Duarte y varios de los trinitarios.<\/strong><\/p>\n<p><strong> <\/strong><\/p>\n<p><strong>   \tEl 9 de marzo de 1845, fueron deportados los dem\u00e1s miembros de la familia Duarte D\u00edez, incluida Rosa Duarte.<\/strong><\/p>\n<p><strong>    <\/strong><\/p>\n<p><strong>Rosa Duarte pudo guardar importantes notas sobre la vida de Juan Pablo Duarte y sus aportes al desarrollo cultural y pol\u00edtico de los j\u00f3venes de su \u00e9poca.<\/strong><\/p>\n<p><strong> <\/strong><\/p>\n<p><strong>   \tDestaca que durante la lucha para crear la Rep\u00fablica, el padre Gaspar Hern\u00e1ndez ense\u00f1aba filosof\u00eda a los j\u00f3venes y a Juan Pablo Duarte, idiomas.<\/strong><\/p>\n<p><strong> <\/strong><\/p>\n<p><strong>   \tRefiere c\u00f3mo los j\u00f3venes aceptaron a Duarte como su l\u00edder, ya que actuaba sin prejuicios  y sin discriminar por razones sociales,  raciales o econ\u00f3micas.<\/strong><\/p>\n<p><strong> <\/strong><\/p>\n<p><strong>   \tEn sus Apuntes Rosa Duarte indica que Duarte actuaba con un esp\u00edritu patri\u00f3tico y a todos los j\u00f3venes que acud\u00edan a sus clases \u00ablos ense\u00f1aba con gusto sin hacer distinci\u00f3n  de clases ni colores, lo que le atra\u00eda una popularidad incontrastable\u00bb.<\/strong><\/p>\n<p><strong> <\/strong><\/p>\n<p><strong>   \tLos Apuntes de Rosa Duarte, constituyen una fuente importante para conocer la etapa de lucha de los trinitarios y las dificultades que enfrentaron. Fueron publicados por el Instituto Duartiano en el a\u00f1o 1970.<\/strong><\/p>\n<p><strong> <\/strong><\/p>\n<p><strong>Rosa Duarte, como los dem\u00e1s miembros de su familia, muri\u00f3 exiliada en Caracas, Venezuela.  Falleci\u00f3  el d\u00eda 25 de octubre de 1888.<\/strong><\/p>\n<p><strong> <\/strong><\/p>\n<h6> 2020-06-28 00:26:41 <\/h6>\n<p><!--\n<link rel=\"stylesheet\" href=\"css\/bootstrap.min.css\">\n\n\n<ul class=\"pagination\">\n\t    \n\t\n\n<li >\n\t<a href='?page_no=467'>Previous<\/a>\n\t<\/li>\n\n\n       \n    \n\n<li><a href='?page_no=1'>1<\/a><\/li>\n\n\n\n<li><a href='?page_no=2'>2<\/a><\/li>\n\n\n\n<li><a>...<\/a><\/li>\n\n\n\n<li><a href='?page_no=466'>466<\/a><\/li>\n\n\n\n<li><a href='?page_no=467'>467<\/a><\/li>\n\n\n\n<li class='active'><a>468<\/a><\/li>\n\n\n\n<li><a href='?page_no=469'>469<\/a><\/li>\n\n\n\n<li><a href='?page_no=470'>470<\/a><\/li>\n\n\n\n<li><a>...<\/a><\/li>\n\n\n\n<li><a href='?page_no=22911'>22911<\/a><\/li>\n\n\n\n<li><a href='?page_no=22912'>22912<\/a><\/li>\n\n    \n\t\n\n<li >\n\t<a href='?page_no=469'>Next<\/a>\n\t<\/li>\n\n\n    \n\n<li><a href='?page_no=22912'>Last &rsaquo;&rsaquo;<\/a><\/li>\n\n<\/ul>\n\n\n--><br \/>\n<\/body><\/p>\n","protected":false},"excerpt":{"rendered":"<p>Se cumple el bicentenario El d\u00eda que naci\u00f3 Rosa Duarte Diez SANTO DOMINGO, el 28 de junio de 1820, naci\u00f3 en la ciudad de Santo Domingo, Rosa Duarte, quien se distingui\u00f3 por su colaboraci\u00f3n en la Sociedad Secreta La Trinitaria, fundada por su hermano Juan Pablo Duarte, el 16 de julio de 1838. Era hija [&hellip;]<\/p>\n","protected":false},"author":3,"featured_media":0,"comment_status":"open","ping_status":"open","sticky":false,"template":"","format":"standard","meta":{"footnotes":""},"categories":[21],"tags":[],"class_list":["post-52328","post","type-post","status-publish","format-standard","hentry","category-cultura"],"_links":{"self":[{"href":"https:\/\/diariodominicano.com\/index.php?rest_route=\/wp\/v2\/posts\/52328","targetHints":{"allow":["GET"]}}],"collection":[{"href":"https:\/\/diariodominicano.com\/index.php?rest_route=\/wp\/v2\/posts"}],"about":[{"href":"https:\/\/diariodominicano.com\/index.php?rest_route=\/wp\/v2\/types\/post"}],"author":[{"embeddable":true,"href":"https:\/\/diariodominicano.com\/index.php?rest_route=\/wp\/v2\/users\/3"}],"replies":[{"embeddable":true,"href":"https:\/\/diariodominicano.com\/index.php?rest_route=%2Fwp%2Fv2%2Fcomments&post=52328"}],"version-history":[{"count":1,"href":"https:\/\/diariodominicano.com\/index.php?rest_route=\/wp\/v2\/posts\/52328\/revisions"}],"predecessor-version":[{"id":284053,"href":"https:\/\/diariodominicano.com\/index.php?rest_route=\/wp\/v2\/posts\/52328\/revisions\/284053"}],"wp:attachment":[{"href":"https:\/\/diariodominicano.com\/index.php?rest_route=%2Fwp%2Fv2%2Fmedia&parent=52328"}],"wp:term":[{"taxonomy":"category","embeddable":true,"href":"https:\/\/diariodominicano.com\/index.php?rest_route=%2Fwp%2Fv2%2Fcategories&post=52328"},{"taxonomy":"post_tag","embeddable":true,"href":"https:\/\/diariodominicano.com\/index.php?rest_route=%2Fwp%2Fv2%2Ftags&post=52328"}],"curies":[{"name":"wp","href":"https:\/\/api.w.org\/{rel}","templated":true}]}}