{"id":523213,"date":"2024-04-13T21:56:07","date_gmt":"2024-04-14T01:56:07","guid":{"rendered":"https:\/\/diariodominicano.com\/?p=523213"},"modified":"2024-04-13T21:57:16","modified_gmt":"2024-04-14T01:57:16","slug":"alcaldesa-carolina-mejia-se-reune-con-sus-homologas-de-lugo-y-santiago-de-compostela-en-espana","status":"publish","type":"post","link":"https:\/\/diariodominicano.com\/?p=523213","title":{"rendered":"Alcaldesa Carolina Mej\u00eda se re\u00fane con sus hom\u00f3logas de Lugo y Santiago de Compostela en Espa\u00f1a"},"content":{"rendered":"\n<p>Carolina Mej\u00eda junto a la alcaldesa de Lugo, Paula Alvarellos Fondo.<\/p>\n\n\n\n<p>Espa\u00f1a,.- Con el objetivo de fortalecer lazos y buscar oportunidades de cooperaci\u00f3n, la alcaldesa del Distrito Nacional, Carolina Mej\u00eda, se reuni\u00f3 con sus hom\u00f3logas de las ciudades de Lugo y Santiago de Compostela en Espa\u00f1a.<\/p>\n\n\n\n<p>En su visita a la alcald\u00eda de Lugo, Carolina Mej\u00eda se reuni\u00f3 con la alcaldesa Paula Alvarellos para conocer de cerca la comunidad de m\u00e1s de 400 dominicanos que residen en la ciudad. Durante este encuentro, se discutieron iniciativas que podr\u00edan replicarse en Santo Domingo, enfocadas en mejorar la calidad de vida de los residentes y promover la integraci\u00f3n comunitaria. La alcaldesa Mej\u00eda expres\u00f3 su entusiasmo al respecto, destacando la importancia de aprender de experiencias exitosas en otros lugares para replicar en Santo Domingo.<\/p>\n\n\n\n<figure class=\"wp-block-image size-large\"><img loading=\"lazy\" decoding=\"async\" width=\"478\" height=\"1024\" src=\"https:\/\/diariodominicano.com\/wp-content\/uploads\/2024\/04\/Carolina-Mejia-junto-a-la-alcaldesa-de-Santiago-de-Compostela-Goretti-Sanmartin-Rei.-1-478x1024.jpeg\" alt=\"\" class=\"wp-image-523217\" srcset=\"https:\/\/diariodominicano.com\/wp-content\/uploads\/2024\/04\/Carolina-Mejia-junto-a-la-alcaldesa-de-Santiago-de-Compostela-Goretti-Sanmartin-Rei.-1-478x1024.jpeg 478w, https:\/\/diariodominicano.com\/wp-content\/uploads\/2024\/04\/Carolina-Mejia-junto-a-la-alcaldesa-de-Santiago-de-Compostela-Goretti-Sanmartin-Rei.-1-140x300.jpeg 140w, https:\/\/diariodominicano.com\/wp-content\/uploads\/2024\/04\/Carolina-Mejia-junto-a-la-alcaldesa-de-Santiago-de-Compostela-Goretti-Sanmartin-Rei.-1-717x1536.jpeg 717w, https:\/\/diariodominicano.com\/wp-content\/uploads\/2024\/04\/Carolina-Mejia-junto-a-la-alcaldesa-de-Santiago-de-Compostela-Goretti-Sanmartin-Rei.-1.jpeg 747w\" sizes=\"auto, (max-width: 478px) 100vw, 478px\" \/><\/figure>\n\n\n\n<p><strong>Carolina Mej\u00eda junto a la alcaldesa de Santiago de Compostela, Goretti Sanmartin Rei.<\/strong><\/p>\n\n\n\n<p>La alcaldesa Alvarello destac\u00f3 la importancia de una gesti\u00f3n enfocada en \u00a0 atender las necesidades de los ciudadanos y enfatiz\u00f3 la relevancia que tiene la comunidad de dominicanos residentes en Lugo debido a los aportes e integraci\u00f3n a la sociedad que realizan.<\/p>\n\n\n\n<p>Tambi\u00e9n, Mej\u00eda fue recibida por la alcaldesa de Santiago de Compostela, Goretti Sanmartin Rei, a quien invit\u00f3 a visitar Santo Domingo para continuar estrechando lazos de cooperaci\u00f3n. \u00abEn este hermoso ayuntamiento de Santiago de Compostela, de aqu\u00ed salieron los caballeros que dieron fundaci\u00f3n a la ciudad donde nac\u00ed, Santiago de los treinta caballeros. Hoy tengo el privilegio de conocer esta hist\u00f3rica ciudad. Dios bendiga esta hermosa tierra, a su gente y autoridades. Deseo que la pr\u00f3xima vez que nos veamos sea en Santo Domingo\u00bb.&nbsp;<\/p>\n\n\n\n<p>Las alcaldesas conversaron sobre como Santiago de Compostela ha mejorado la calidad de vida de sus municipes gracias a una adecuaci\u00f3n planificada de los espacios p\u00fablicos, la calidad del aire y la sostenibilidad medioambiental.<\/p>\n\n\n\n<p>Visita a la Hermandad Jes\u00fas Despojado<\/p>\n\n\n\n<p>Durante su agenda por Espa\u00f1a, Carolina Mej\u00eda recibi\u00f3 una invitaci\u00f3n para visitar la hermandad de Jes\u00fas Despojado en Sevilla. Motivada por su inter\u00e9s en revitalizar la actividad religiosa en Santo Domingo, la alcaldesa explor\u00f3 diversas oportunidades de colaboraci\u00f3n con la hermandad sevillana. Mej\u00eda expres\u00f3 su firme deseo de regresar en la pr\u00f3xima Semana Santa, subrayando as\u00ed su compromiso con el fortalecimiento de los lazos entre ambas ciudades.<\/p>\n\n\n\n<p>La alcaldesa adem\u00e1s fue inscrita como hermana de la Hermandad de Jes\u00fas Despojado. Los miembros de junta encabezada por el capell\u00e1n don Jos\u00e9 Luis Benitez, entregaron como regalo a la alcaldesa, una imagen de Jes\u00fas Despojado y Mej\u00eda, a su vez, entreg\u00f3 a la hermandad una r\u00e9plica de la Virgen de la Altagracia.&nbsp;<\/p>\n\n\n\n<p>Juramentaci\u00f3n y encuentro PSOE&nbsp;<\/p>\n\n\n\n<p>Adem\u00e1s de estos encuentros, Carolina Mej\u00eda, en su calidad de secretaria general del Partido Revolucionario Moderno (PRM), jurament\u00f3 las estructuras de los comandos de campa\u00f1a del PRM en la comunidad aut\u00f3noma de Andaluc\u00eda y sus ocho provincias.<\/p>\n\n\n\n<p><\/p>\n\n\n\n<p>Asimismo, la alcaldesa se reuni\u00f3 con Juan Espadas, presidente del Grupo Parlamentario Socialista y secretario general del Partido Socialista Obrero Espa\u00f1ol (PSOE), donde reafirm\u00f3 su compromiso de fortalecer las relaciones partidarias e institucionales desde su posici\u00f3n como secretaria general del PRM.<\/p>\n\n\n\n<p>Comunicaciones ADN<\/p>\n\n\n\n<p><a target=\"_blank\" href=\"mailto:Comunicaciones.ADN@adn.gob.do\" rel=\"noreferrer noopener\">Comunicaciones.ADN@adn.gob.<\/a><\/p>\n\n\n\n<p><strong>S\u00e1bado 13 de abril 2024&nbsp;<\/strong><\/p>\n\n\n\n<p>&#8230;<\/p>\n","protected":false},"excerpt":{"rendered":"<p>Carolina Mej\u00eda junto a la alcaldesa de Lugo, Paula Alvarellos Fondo. Espa\u00f1a,.- Con el objetivo de fortalecer lazos y buscar oportunidades de cooperaci\u00f3n, la alcaldesa del Distrito Nacional, Carolina Mej\u00eda, se reuni\u00f3 con sus hom\u00f3logas de las ciudades de Lugo y Santiago de Compostela en Espa\u00f1a. En su visita a la alcald\u00eda de Lugo, Carolina [&hellip;]<\/p>\n","protected":false},"author":28,"featured_media":523216,"comment_status":"closed","ping_status":"","sticky":true,"template":"","format":"standard","meta":{"footnotes":""},"categories":[36,20,27],"tags":[],"class_list":["post-523213","post","type-post","status-publish","format-standard","has-post-thumbnail","hentry","category-hombresmujeresycosas","category-dominicana-hoy","category-portada"],"_links":{"self":[{"href":"https:\/\/diariodominicano.com\/index.php?rest_route=\/wp\/v2\/posts\/523213","targetHints":{"allow":["GET"]}}],"collection":[{"href":"https:\/\/diariodominicano.com\/index.php?rest_route=\/wp\/v2\/posts"}],"about":[{"href":"https:\/\/diariodominicano.com\/index.php?rest_route=\/wp\/v2\/types\/post"}],"author":[{"embeddable":true,"href":"https:\/\/diariodominicano.com\/index.php?rest_route=\/wp\/v2\/users\/28"}],"replies":[{"embeddable":true,"href":"https:\/\/diariodominicano.com\/index.php?rest_route=%2Fwp%2Fv2%2Fcomments&post=523213"}],"version-history":[{"count":3,"href":"https:\/\/diariodominicano.com\/index.php?rest_route=\/wp\/v2\/posts\/523213\/revisions"}],"predecessor-version":[{"id":523220,"href":"https:\/\/diariodominicano.com\/index.php?rest_route=\/wp\/v2\/posts\/523213\/revisions\/523220"}],"wp:featuredmedia":[{"embeddable":true,"href":"https:\/\/diariodominicano.com\/index.php?rest_route=\/wp\/v2\/media\/523216"}],"wp:attachment":[{"href":"https:\/\/diariodominicano.com\/index.php?rest_route=%2Fwp%2Fv2%2Fmedia&parent=523213"}],"wp:term":[{"taxonomy":"category","embeddable":true,"href":"https:\/\/diariodominicano.com\/index.php?rest_route=%2Fwp%2Fv2%2Fcategories&post=523213"},{"taxonomy":"post_tag","embeddable":true,"href":"https:\/\/diariodominicano.com\/index.php?rest_route=%2Fwp%2Fv2%2Ftags&post=523213"}],"curies":[{"name":"wp","href":"https:\/\/api.w.org\/{rel}","templated":true}]}}