{"id":52317,"date":"2020-06-28T00:31:45","date_gmt":"2020-06-28T00:31:45","guid":{"rendered":"http:\/\/diariodominicano.ddns.net\/?p=52317"},"modified":"2020-06-28T00:31:45","modified_gmt":"2020-06-28T00:31:45","slug":"dictadura-de-trujillo-sigue-matanza-de-los-expedicionarios","status":"publish","type":"post","link":"https:\/\/diariodominicano.com\/?p=52317","title":{"rendered":"Dictadura de Trujillo sigue matanza de los expedicionarios"},"content":{"rendered":"<p><body><\/p>\n<p><strong>Diariodominicano.com<\/strong><\/p>\n<p><strong>Dictadura de Trujillo sigue matanza de los expedicionarios<\/strong><\/p>\n<p><strong> <\/strong><\/p>\n<p><strong>   SANTO DOMINGO, el  28 de junio de 1959<\/strong>, las fuerzas del Ej\u00e9rcito Nacional continuaron matando a los expedicionarios de junio de 1959. El 28 de junio de 1959, a las 11:40 de la ma\u00f1ana, el teniente coronel Renato Hungr\u00eda Morel, Ej\u00e9rcito Nacional,  inform\u00f3 al jefe del Estado Mayor Conjunto, General de Cuatro Estrella Rafael Le\u00f3nidas Trujillo Mart\u00ednez (Ramfis) que hab\u00edan dado muerte en combate  \u00abal invasor Mois\u00e9s Agosto Concepci\u00f3n y hecho prisionero gravemente herido a Silvio Dom\u00ednguez L\u00f3pez\u00bb.<\/p>\n<\/p>\n<p>     En otro  informe el general Pupo Rom\u00e1n Fern\u00e1ndez indicaba a Ramfis Trujillo, que debido a la superioridad num\u00e9rica, el gran volumen de fuego y la efectividad de las tropas, \u00abtodos los invasores tomados prisioneros se encontraban gravemente heridos o en estado ag\u00f3nico\u00bb.<\/p>\n<\/p>\n<p>    La explicaci\u00f3n del general Pupo Rom\u00e1n Fern\u00e1ndez fue un recurso que utiliz\u00f3 la dictadura para justificar la muerte de los expedicionarios detenidos.<\/p>\n<\/p>\n<p>   Los heridos eran fusilados en el lugar de la detenci\u00f3n y los ilesos eran trasladados a San Isidro, donde eran torturados y luego fusilados.<\/p>\n<\/p>\n<p> De los expedicionarios de junio de 1959, es decir, los que llegaron por Constanza,  el d\u00eda  14 de junio de 1959, y los que vinieron  por Maim\u00f3n y Estero Hondo, el 20 de junio  de 1959, sobrevivieron los dominicanos Poncio Pou  Saleta, Mayovanex Vargas y Francisco Medardo Germ\u00e1n, as\u00ed como los cubanos Delio G\u00f3mez Ochoa y Pablito Mirabal, quienes salieron del pa\u00eds en 1961.<\/p>\n<\/p>\n<p>       Otro dominicano sobreviviente fue Gonzalo Almonte Pacheco,  desaparecido en la ciudad de Santo Domingo, por agentes de la dictadura de Trujillo.<\/p>\n<\/p>\n<p>   Los dem\u00e1s cayeron en los frentes de batalla y la mayor\u00eda fusilados en la  Base A\u00e9rea de San Isidro, por una disposici\u00f3n del jefe del Estado Mayor Conjunto, Rafael Le\u00f3nidas  (Ramfis) Trujillo Mart\u00ednez.<\/p>\n<\/p>\n<h6> 2020-06-28 00:31:45 <\/h6>\n<p><!--\n<link rel=\"stylesheet\" href=\"css\/bootstrap.min.css\">\n\n\n<ul class=\"pagination\">\n\t    \n\t\n\n<li >\n\t<a href='?page_no=466'>Previous<\/a>\n\t<\/li>\n\n\n       \n    \n\n<li><a href='?page_no=1'>1<\/a><\/li>\n\n\n\n<li><a href='?page_no=2'>2<\/a><\/li>\n\n\n\n<li><a>...<\/a><\/li>\n\n\n\n<li><a href='?page_no=465'>465<\/a><\/li>\n\n\n\n<li><a href='?page_no=466'>466<\/a><\/li>\n\n\n\n<li class='active'><a>467<\/a><\/li>\n\n\n\n<li><a href='?page_no=468'>468<\/a><\/li>\n\n\n\n<li><a href='?page_no=469'>469<\/a><\/li>\n\n\n\n<li><a>...<\/a><\/li>\n\n\n\n<li><a href='?page_no=22911'>22911<\/a><\/li>\n\n\n\n<li><a href='?page_no=22912'>22912<\/a><\/li>\n\n    \n\t\n\n<li >\n\t<a href='?page_no=468'>Next<\/a>\n\t<\/li>\n\n\n    \n\n<li><a href='?page_no=22912'>Last &rsaquo;&rsaquo;<\/a><\/li>\n\n<\/ul>\n\n\n--><br \/>\n<\/body><\/p>\n","protected":false},"excerpt":{"rendered":"<p>Diariodominicano.com Dictadura de Trujillo sigue matanza de los expedicionarios SANTO DOMINGO, el 28 de junio de 1959, las fuerzas del Ej\u00e9rcito Nacional continuaron matando a los expedicionarios de junio de 1959. El 28 de junio de 1959, a las 11:40 de la ma\u00f1ana, el teniente coronel Renato Hungr\u00eda Morel, Ej\u00e9rcito Nacional, inform\u00f3 al jefe del [&hellip;]<\/p>\n","protected":false},"author":3,"featured_media":0,"comment_status":"open","ping_status":"open","sticky":false,"template":"","format":"standard","meta":{"footnotes":""},"categories":[21],"tags":[],"class_list":["post-52317","post","type-post","status-publish","format-standard","hentry","category-cultura"],"_links":{"self":[{"href":"https:\/\/diariodominicano.com\/index.php?rest_route=\/wp\/v2\/posts\/52317","targetHints":{"allow":["GET"]}}],"collection":[{"href":"https:\/\/diariodominicano.com\/index.php?rest_route=\/wp\/v2\/posts"}],"about":[{"href":"https:\/\/diariodominicano.com\/index.php?rest_route=\/wp\/v2\/types\/post"}],"author":[{"embeddable":true,"href":"https:\/\/diariodominicano.com\/index.php?rest_route=\/wp\/v2\/users\/3"}],"replies":[{"embeddable":true,"href":"https:\/\/diariodominicano.com\/index.php?rest_route=%2Fwp%2Fv2%2Fcomments&post=52317"}],"version-history":[{"count":0,"href":"https:\/\/diariodominicano.com\/index.php?rest_route=\/wp\/v2\/posts\/52317\/revisions"}],"wp:attachment":[{"href":"https:\/\/diariodominicano.com\/index.php?rest_route=%2Fwp%2Fv2%2Fmedia&parent=52317"}],"wp:term":[{"taxonomy":"category","embeddable":true,"href":"https:\/\/diariodominicano.com\/index.php?rest_route=%2Fwp%2Fv2%2Fcategories&post=52317"},{"taxonomy":"post_tag","embeddable":true,"href":"https:\/\/diariodominicano.com\/index.php?rest_route=%2Fwp%2Fv2%2Ftags&post=52317"}],"curies":[{"name":"wp","href":"https:\/\/api.w.org\/{rel}","templated":true}]}}