{"id":523070,"date":"2024-04-13T13:24:24","date_gmt":"2024-04-13T17:24:24","guid":{"rendered":"https:\/\/diariodominicano.com\/?p=523070"},"modified":"2024-04-13T13:39:39","modified_gmt":"2024-04-13T17:39:39","slug":"muere-el-periodista-estadounidense-que-creo-el-sencillo-noticiero-de-pbs","status":"publish","type":"post","link":"https:\/\/diariodominicano.com\/?p=523070","title":{"rendered":"Muere el periodista estadounidense que cre\u00f3 el sencillo noticiero de PBS"},"content":{"rendered":"\n<p>abril 13, 2024<\/p>\n\n\n\n<ul class=\"wp-block-list\">\n<li><a href=\"https:\/\/www.vozdeamerica.com\/author\/associated-press\/v_kyr\">Associated Press<\/a><\/li>\n<\/ul>\n\n\n\n<hr class=\"wp-block-separator has-alpha-channel-opacity\"\/>\n\n\n\n<figure class=\"wp-block-image\"><img decoding=\"async\" src=\"https:\/\/gdb.voanews.com\/01000000-0aff-0242-4b6d-08dc5b5a6c28_w1023_r1_s.png\" alt=\"El veterano periodista Robert MacNeil, creador y primer presentador de &quot;NewsHour&quot; de PBS en la d\u00e9cada de 1970, muri\u00f3 el 12 de abril de 2024.\"\/><figcaption class=\"wp-element-caption\">El veterano periodista Robert MacNeil, creador y primer presentador de \u00abNewsHour\u00bb de PBS en la d\u00e9cada de 1970, muri\u00f3 el 12 de abril de 2024.<\/figcaption><\/figure>\n\n\n\n<p>Compartir<\/p>\n\n\n\n<ul class=\"wp-block-list\">\n<li><a href=\"https:\/\/facebook.com\/sharer.php?u=https%3a%2f%2fwww.vozdeamerica.com%2fa%2fmuere-el-periodista-estadounidense-que-creo-el-sencillo-noticiero-de-pbs%2f7568757.html\" target=\"_blank\" rel=\"noreferrer noopener\"><\/a><\/li>\n\n\n\n<li><a href=\"https:\/\/twitter.com\/share?url=https%3a%2f%2fwww.vozdeamerica.com%2fa%2fmuere-el-periodista-estadounidense-que-creo-el-sencillo-noticiero-de-pbs%2f7568757.html&amp;text=Muere+el+periodista+estadounidense+que+cre%c3%b3+el+sencillo+noticiero+de+PBS\" target=\"_blank\" rel=\"noreferrer noopener\"><\/a><\/li>\n\n\n\n<li><\/li>\n\n\n\n<li><a href=\"mailto:?body=https%3a%2f%2fwww.vozdeamerica.com%2fa%2fmuere-el-periodista-estadounidense-que-creo-el-sencillo-noticiero-de-pbs%2f7568757.html&amp;subject=Muere%20el%20periodista%20estadounidense%20que%20cre%C3%B3%20el%20sencillo%20noticiero%20de%20PBS\"><\/a><\/li>\n<\/ul>\n\n\n\n<p><a href=\"https:\/\/www.vozdeamerica.com\/a\/muere-el-periodista-estadounidense-que-creo-el-sencillo-noticiero-de-pbs\/7568757.html#comments\">&nbsp;Vea comentarios<\/a><\/p>\n\n\n\n<p>&nbsp;Print<\/p>\n\n\n\n<p>Falleci\u00f3 a los 93 a\u00f1os Robert MacNeil, quien cre\u00f3 el noticiero imparcial y sencillo de la televisi\u00f3n p\u00fablica de Estados Unidos (PBS) \u00abThe MacNeil-Lehrer NewsHour\u00bb en la d\u00e9cada de 1970.<\/p>\n\n\n\n<p>NUEVA YORK, EEUU \u2014&nbsp;<\/p>\n\n\n\n<p>Robert MacNeil, quien cre\u00f3 el noticiero imparcial y sencillo de PBS \u00abThe MacNeil-Lehrer NewsHour\u00bb en la d\u00e9cada de 1970 y copresent\u00f3 el programa con su difunto socio, Jim Lehrer, durante dos d\u00e9cadas, muri\u00f3 el viernes. Ten\u00eda 93 a\u00f1os.<\/p>\n\n\n\n<p>MacNeil falleci\u00f3 por causas naturales en el Hospital Presbiteriano de Nueva York, seg\u00fan su hija, Alison MacNeil.<\/p>\n\n\n\n<p>MacNeil gan\u00f3 prominencia por primera vez por su cobertura de las audiencias del Senado sobre Watergate para el servicio de radiodifusi\u00f3n p\u00fablica y comenz\u00f3 su \u00abInforme Robert MacNeil\u00bb de media hora en PBS en 1975 con su amigo Lehrer como corresponsal en Washington.<\/p>\n\n\n\n<p>La transmisi\u00f3n se convirti\u00f3 en el \u00abInforme MacNeil-Lehrer\u00bb y luego, en 1983, se ampli\u00f3 a una hora y pas\u00f3 a llamarse \u00abMacNeil-Lehrer NewsHour\u00bb. El primer noticiero vespertino de una hora del pa\u00eds y ganador de varios premios Emmy y Peabody, permanece al aire hoy con Geoff Bennett y Amna Nawaz como presentadores.<\/p>\n\n\n\n<p><a href=\"https:\/\/www.vozdeamerica.com\/a\/corte-rusa-extiende-encarcelamiento-de-periodista-rusa-estadounidense\/7552097.html\"><\/a><\/p>\n\n\n\n<p><a href=\"https:\/\/www.vozdeamerica.com\/a\/corte-rusa-extiende-encarcelamiento-de-periodista-rusa-estadounidense\/7552097.html\">TAMBI\u00c9N LEA<\/a><\/p>\n\n\n\n<h4 class=\"wp-block-heading\"><a href=\"https:\/\/www.vozdeamerica.com\/a\/corte-rusa-extiende-encarcelamiento-de-periodista-rusa-estadounidense\/7552097.html\">Corte rusa extiende encarcelamiento de periodista rusa-estadounidense<\/a><\/h4>\n\n\n\n<p>Fue el desencanto de MacNeil y Lehrer con el estilo y el contenido de los programas de noticias rivales en ABC, CBS y NBC lo que llev\u00f3 a la creaci\u00f3n del programa.<\/p>\n\n\n\n<p>\u00abNo necesitamos VENDER las noticias\u00bb, dijo MacNeil al Chicago Tribune en 1983. \u00abLas cadenas exageran las noticias para que parezcan vitales, importantes. Lo que falta [en 22 minutos] es contexto, a veces equilibrio y una consideraci\u00f3n\u00bb. de preguntas que surgen de ciertos eventos.\u00bb<\/p>\n\n\n\n<p>MacNeil dej\u00f3 sus funciones de presentador en \u00abNewsHour\u00bb despu\u00e9s de dos d\u00e9cadas en 1995 para escribir a tiempo completo. Lehrer se hizo cargo solo del noticiero y permaneci\u00f3 all\u00ed hasta 2009. Lehrer muri\u00f3 en 2020.<\/p>\n\n\n\n<p>Cuando MacNeil visit\u00f3 el programa en octubre de 2005 para conmemorar su 30 aniversario, record\u00f3 c\u00f3mo comenz\u00f3 su noticiero en los d\u00edas previos a la televisi\u00f3n por cable.<\/p>\n\n\n\n<p>\u00abEra una forma de hacer algo que parec\u00eda necesario desde el punto de vista period\u00edstico y, sin embargo, era diferente de lo que hac\u00edan los [programas] de noticias de las cadenas comerciales\u00bb, dijo.<\/p>\n\n\n\n<h3 class=\"wp-block-heading\">Escribi\u00f3 memorias y novelas<\/h3>\n\n\n\n<p>MacNeil escribi\u00f3 varios libros, incluidas dos memorias, \u00abThe Right Place at the Right Time\u00bb y el best seller \u00abWordstruck\u00bb, y las novelas \u00abBurden of Desire\u00bb y \u00abThe Voyage\u00bb.<\/p>\n\n\n\n<p>\u00abEscribir es mucho m\u00e1s personal. No es colaborativo como debe serlo la televisi\u00f3n\u00bb, dijo MacNeil a The Associated Press en 1995. \u00abPero cuando est\u00e1s sentado escribiendo una novela, eres s\u00f3lo t\u00fa: esto es lo que pienso, esto es lo que quiero hacer. Y soy yo.\u00bb<\/p>\n\n\n\n<p>MacNeil tambi\u00e9n cre\u00f3 la serie ganadora de un Emmy en 1986 \u00abThe Story of English\u00bb, con la productora MacNeil-Lehrer, y fue coautor del libro complementario del mismo nombre.<\/p>\n\n\n\n<p>Otro libro sobre el lenguaje que coescribi\u00f3, \u00abDo You Speak American?\u00bb, fue adaptado a un documental de PBS en 2005.<\/p>\n\n\n\n<h3 class=\"wp-block-heading\">Explorados los desaf\u00edos posteriores al 11 de septiembre<\/h3>\n\n\n\n<p>En 2007, fue presentador de \u00abAmerica at a Crossroads\u00bb, una serie de PBS de seis noches que explora los desaf\u00edos que enfrenta Estados Unidos en un mundo posterior al 11 de septiembre.<\/p>\n\n\n\n<p>Seis a\u00f1os antes de los ataques del 11 de septiembre, hablando del sensacionalismo y la frivolidad en el negocio de las noticias, hab\u00eda dicho: \u00abSi algo realmente serio le sucediera a la naci\u00f3n -una ca\u00edda del mercado de valores como la de 1929&#8230; el equivalente a Pearl Harbor-, \u00bfNo volver\u00e1n a ponerse muy serias las noticias? \u00bfNo huir\u00eda la gente de la \u00abcopia impresa\u00bb y de la excitaci\u00f3n?<\/p>\n\n\n\n<p>\u00abPor supuesto que s\u00ed. Tendr\u00edas que saber qu\u00e9 estaba pasando\u00bb.<\/p>\n\n\n\n<p>As\u00ed fue&#8230; durante un tiempo.<\/p>\n\n\n\n<p>Nacido en Montreal en 1931, MacNeil se cri\u00f3 en Halifax, Nueva Escocia, y se gradu\u00f3 en la Universidad Carleton de Ottawa en 1955 antes de mudarse a Londres, donde comenz\u00f3 su carrera period\u00edstica en Reuters. Se pas\u00f3 a las noticias de televisi\u00f3n en 1960 y acept\u00f3 un trabajo en la NBC en Londres como corresponsal extranjero.<\/p>\n\n\n\n<p>En 1963, MacNeil fue transferido a la oficina de NBC en Washington, donde inform\u00f3 sobre los derechos civiles y la Casa Blanca. Cubri\u00f3 el asesinato del presidente John F. Kennedy en Dallas y pas\u00f3 la mayor parte de 1964 siguiendo la campa\u00f1a presidencial entre el sucesor de Kennedy, Lyndon Johnson, y el republicano Barry Goldwater.<\/p>\n\n\n\n<p>En 1965, MacNeil se convirti\u00f3 en el presentador de Nueva York de la primera transmisi\u00f3n de noticias de la cadena de fin de semana de media hora, \u00abThe Scherer-MacNeil Report\u00bb en NBC. Mientras estuvo en Nueva York, tambi\u00e9n present\u00f3 noticieros locales y varios documentales de noticias de NBC, incluidos \u00abThe Big Ear\u00bb y \u00abThe Right to Bear Arms\u00bb<\/p>\n\n\n\n<p>MacNeil regres\u00f3 a Londres en 1967 como reportero de la serie \u00abPanorama\u00bb de la British Broadcasting Corp. Mientras est\u00e9 en la BBC, podr\u00e1 cubrir historias estadounidenses como el enfrentamiento entre los manifestantes pacifistas y la polic\u00eda de Chicago en la Convenci\u00f3n Dem\u00f3crata de 1968, y los funerales del reverendo Martin Luther King Jr., el senador Robert Kennedy y el presidente Dwight Eisenhower.<\/p>\n\n\n\n<p>En 1971, MacNeil dej\u00f3 la BBC para convertirse en corresponsal principal de PBS, donde se asoci\u00f3 con Lehrer para copresentar la cobertura de la televisi\u00f3n p\u00fablica ganadora de un Emmy de las audiencias del Senado sobre Watergate en 1973.<\/p>\n","protected":false},"excerpt":{"rendered":"<p>abril 13, 2024 Compartir &nbsp;Vea comentarios &nbsp;Print Falleci\u00f3 a los 93 a\u00f1os Robert MacNeil, quien cre\u00f3 el noticiero imparcial y sencillo de la televisi\u00f3n p\u00fablica de Estados Unidos (PBS) \u00abThe MacNeil-Lehrer NewsHour\u00bb en la d\u00e9cada de 1970. NUEVA YORK, EEUU \u2014&nbsp; Robert MacNeil, quien cre\u00f3 el noticiero imparcial y sencillo de PBS \u00abThe MacNeil-Lehrer NewsHour\u00bb [&hellip;]<\/p>\n","protected":false},"author":28,"featured_media":0,"comment_status":"closed","ping_status":"","sticky":true,"template":"","format":"standard","meta":{"footnotes":""},"categories":[36,26,25,27],"tags":[],"class_list":["post-523070","post","type-post","status-publish","format-standard","hentry","category-hombresmujeresycosas","category-efemerides","category-gente","category-portada"],"_links":{"self":[{"href":"https:\/\/diariodominicano.com\/index.php?rest_route=\/wp\/v2\/posts\/523070","targetHints":{"allow":["GET"]}}],"collection":[{"href":"https:\/\/diariodominicano.com\/index.php?rest_route=\/wp\/v2\/posts"}],"about":[{"href":"https:\/\/diariodominicano.com\/index.php?rest_route=\/wp\/v2\/types\/post"}],"author":[{"embeddable":true,"href":"https:\/\/diariodominicano.com\/index.php?rest_route=\/wp\/v2\/users\/28"}],"replies":[{"embeddable":true,"href":"https:\/\/diariodominicano.com\/index.php?rest_route=%2Fwp%2Fv2%2Fcomments&post=523070"}],"version-history":[{"count":1,"href":"https:\/\/diariodominicano.com\/index.php?rest_route=\/wp\/v2\/posts\/523070\/revisions"}],"predecessor-version":[{"id":523071,"href":"https:\/\/diariodominicano.com\/index.php?rest_route=\/wp\/v2\/posts\/523070\/revisions\/523071"}],"wp:attachment":[{"href":"https:\/\/diariodominicano.com\/index.php?rest_route=%2Fwp%2Fv2%2Fmedia&parent=523070"}],"wp:term":[{"taxonomy":"category","embeddable":true,"href":"https:\/\/diariodominicano.com\/index.php?rest_route=%2Fwp%2Fv2%2Fcategories&post=523070"},{"taxonomy":"post_tag","embeddable":true,"href":"https:\/\/diariodominicano.com\/index.php?rest_route=%2Fwp%2Fv2%2Ftags&post=523070"}],"curies":[{"name":"wp","href":"https:\/\/api.w.org\/{rel}","templated":true}]}}