{"id":522929,"date":"2024-04-13T00:15:58","date_gmt":"2024-04-13T04:15:58","guid":{"rendered":"https:\/\/diariodominicano.com\/?p=522929"},"modified":"2024-04-13T00:24:04","modified_gmt":"2024-04-13T04:24:04","slug":"neiba-azua-y-santiago-en-marzo-de-1844-y-3","status":"publish","type":"post","link":"https:\/\/diariodominicano.com\/?p=522929","title":{"rendered":"\u00a0NEIBA, AZUA Y SANTIAGO EN MARZO DE 1844 (y 3)"},"content":{"rendered":"\n<p><strong>POR TE\u00d3FILO LAPPOT ROBLES<\/strong><\/p>\n\n\n\n<p>El 30 de marzo de 1844, en la ciudad de Santiago de los Caballeros, hace ahora 180 a\u00f1os, los dominicanos, una vez m\u00e1s, demostraron su coraje y su firme decisi\u00f3n de enfrentar con las armas a ocupantes extranjeros.<\/p>\n\n\n\n<p>Los hechos b\u00e9licos de aquel d\u00eda, en el coraz\u00f3n de la hermosa tierra cibae\u00f1a, forman parte de las p\u00e1ginas gloriosas del pasado de nuestro pa\u00eds, a pesar de que algunos han pretendido restarles m\u00e9ritos.<\/p>\n\n\n\n<p>La Rep\u00fablica Dominicana s\u00f3lo ten\u00eda un mes de nacida cuando m\u00e1s de 10 mil invasores haitianos se asomaron por la puerta oeste de la ciudad de Santiago de los Caballeros, en horas tempranas de la ma\u00f1ana de aquel d\u00eda hist\u00f3rico.<\/p>\n\n\n\n<figure class=\"wp-block-image size-full\"><img loading=\"lazy\" decoding=\"async\" width=\"370\" height=\"317\" src=\"https:\/\/diariodominicano.com\/wp-content\/uploads\/2024\/03\/Pierrot000.jpg.jpg\" alt=\"\" class=\"wp-image-519436\" srcset=\"https:\/\/diariodominicano.com\/wp-content\/uploads\/2024\/03\/Pierrot000.jpg.jpg 370w, https:\/\/diariodominicano.com\/wp-content\/uploads\/2024\/03\/Pierrot000.jpg-300x257.jpg 300w\" sizes=\"auto, (max-width: 370px) 100vw, 370px\" \/><\/figure>\n\n\n\n<p><strong>General Jean-Louis Pierrot<\/strong><\/p>\n\n\n\n<p>Dirigiendo a dichos agresores, que penetraron mayoritariamente por Dajab\u00f3n, estaba el general Jean-Louis Pierrot, un personaje siniestro que les ten\u00eda un odio larvado a los dominicanos, tal y como \u00e9l mismo reconoci\u00f3 conforme notas recogidas por historiadores de su pa\u00eds.<\/p>\n\n\n\n<p>Esos intrusos trataban de aniquilar la soberan\u00eda nacional y de causar el mayor da\u00f1o posible. Cometieron muchos atropellos en contra de la poblaci\u00f3n indefensa de los pueblos y aldeas por donde pasaban, en la zona conocida como L\u00ednea Noroeste.<\/p>\n\n\n\n<p>Ha quedado comprobado que el objetivo de los dichos extranjeros era tomar a sangre y fuego la segunda ciudad del pa\u00eds; masacrar a sus habitantes y seguir ruta hacia la capital de la Rep\u00fablica, para consumar su vuelta triunfante a lo que en su delirio ellos llamaban con malicia, falsedad y soberbia su \u201cparte este\u201d.<\/p>\n\n\n\n<p>Sab\u00edan que para lograr eso ten\u00edan que controlar las tres fortificaciones bautizadas con los nombres de Dios, Patria y Libertad, se\u00f1orearse sobre las diversas colinas que emergen de la geograf\u00eda de la zona y adue\u00f1arse de &nbsp;trincheras paralelas y en zigzags y fosos diversos que serv\u00edan de defensa a Santiago de los Caballeros.<\/p>\n\n\n\n<p>Por lo que pretend\u00edan hacer el 30 de marzo de 1844 se concluye que los que dirig\u00edan los ataques quer\u00edan repetir hechos del pasado, especialmente los cr\u00edmenes que en abril de 1805 cometieron los generales haitianos Jean-Jacques Dessalines y Henri Christophe en Monte Plata, Cotu\u00ed, La Vega, Moca,&nbsp; Santiago y otros pueblos dominicanos.<\/p>\n\n\n\n<p>Dessalines y Christophe, al tragarse el palo de la escoba, hu\u00edan entonces en retirada frustrante desde la ciudad de Santo Domingo hacia su pa\u00eds, al frente de una caballer\u00eda de curtidos matones y 30 mil soldados de infanter\u00eda.<\/p>\n\n\n\n<p>Summer Welles, en su obra La Vi\u00f1a de Naboth, describi\u00f3 los aludidos cr\u00edmenes. As\u00ed tambi\u00e9n otros historiadores dejaron para la posteridad sus investigaciones sobre esa nefasta org\u00eda de sangre e ignominia contra los dominicanos.<\/p>\n\n\n\n<p>Retornando a la batalla del 30 de marzo de 1844, en Santiago, hay que decir que tuvo una significaci\u00f3n impactante en el proceso de consolidaci\u00f3n de la independencia nacional, m\u00e1s all\u00e1 del triunfo de las armas dominicanas.<\/p>\n\n\n\n<p>De ese hecho b\u00e9lico dijo el historiador Alcides Garc\u00eda Lluberes que fue \u201cel castigo condigno de los insolentes desafueros.\u201d Agreg\u00f3 que \u201cdespu\u00e9s de la batalla del 30 de marzo los hombres de Hait\u00ed quedaron completamente convencidos de que el pueblo dominicano estaba animado de nuevas e invencibles energ\u00edas.\u201d<\/p>\n\n\n\n<figure class=\"wp-block-image size-full\"><img loading=\"lazy\" decoding=\"async\" width=\"300\" height=\"223\" src=\"https:\/\/diariodominicano.com\/wp-content\/uploads\/2024\/03\/mella000.jpg\" alt=\"\" class=\"wp-image-519432\"\/><\/figure>\n\n\n\n<p><strong>El jefe militar de Santiago era Ram\u00f3n Mat\u00edas Mella,<\/strong> portador de elevadas cualidades como t\u00e1ctico y estratega de guerra. Es pertinente recordar que Mella fue autor de uno de los primeros textos de doctrina militar elaborados en el Caribe insular, que luego fue usado por los victoriosos guerreros restauradores.<\/p>\n\n\n\n<p>El 30 de marzo de 1844 el patricio Mella estaba en la zona serrana enclavada al sur de Santiago, en labores de reclutamiento de combatientes.<\/p>\n\n\n\n<p>Fue tan fecunda la labor organizativa de Mella, previo a los hechos aqu\u00ed descritos, que 47 a\u00f1os despu\u00e9s el escritor Federico Henr\u00edquez y Carvajal dej\u00f3 una nota reivindicativa en su favor: \u201cA no ser por su celosa solicitud de elementos para la lucha, suyos habr\u00edan sido los inmarcesibles laureles del triunfo que obtuvo para sus sienes otro invicto h\u00e9roe en la gran batalla del 30 de marzo.\u201d<\/p>\n\n\n\n<p>La realidad fue que por diversas circunstancias, que pueden inscribirse en  lo que se conoce como azar de la historia, el principal h\u00e9roe de la batalla de Santiago fue el general Jos\u00e9 Mar\u00eda Imbert, un ilustre ciudadano franc\u00e9s avecindado en Moca, dedicado principalmente a labores comerciales y agr\u00edcolas, pero con un formidable entrenamiento militar.<\/p>\n\n\n\n<figure class=\"wp-block-image size-large\"><img loading=\"lazy\" decoding=\"async\" width=\"1024\" height=\"526\" src=\"https:\/\/diariodominicano.com\/wp-content\/uploads\/2021\/03\/Jose-Maria-Imbert-1024x526.jpg\" alt=\"\" class=\"wp-image-269600\" srcset=\"https:\/\/diariodominicano.com\/wp-content\/uploads\/2021\/03\/Jose-Maria-Imbert-1024x526.jpg 1024w, https:\/\/diariodominicano.com\/wp-content\/uploads\/2021\/03\/Jose-Maria-Imbert-300x154.jpg 300w, https:\/\/diariodominicano.com\/wp-content\/uploads\/2021\/03\/Jose-Maria-Imbert-768x395.jpg 768w, https:\/\/diariodominicano.com\/wp-content\/uploads\/2021\/03\/Jose-Maria-Imbert-1536x789.jpg 1536w, https:\/\/diariodominicano.com\/wp-content\/uploads\/2021\/03\/Jose-Maria-Imbert-2048x1052.jpg 2048w, https:\/\/diariodominicano.com\/wp-content\/uploads\/2021\/03\/Jose-Maria-Imbert-816x419.jpg 816w\" sizes=\"auto, (max-width: 1024px) 100vw, 1024px\" \/><\/figure>\n\n\n\n<p>De Imbert ya se sab\u00eda que era un ferviente partidario de la independencia dominicana.<\/p>\n\n\n\n<p>Prueba de lo anterior fue que el 5 de marzo de 1844 lanz\u00f3 una proclama que comenz\u00f3 as\u00ed: \u201cDesde las aguas de Hig\u00fcey hasta Las Matas de Farf\u00e1n, y desde la pen\u00ednsula de Saman\u00e1 hasta Dajab\u00f3n, ha resonado el grito de Dios, Patria y Libertad\u2026\u201d<\/p>\n\n\n\n<p>Cuando los invasores se acercaban por el oeste, como un vendaval implacable, Imbert fue llamado con urgencia para que se encargara de la defensa de la ciudad de Santiago, donde fue recibido \u201cen medio de v\u00edtores y aclamaciones\u201d.<\/p>\n\n\n\n<p>Una de las compa\u00f1\u00edas de combatientes m\u00e1s sobresalientes en la batalla del 30 de marzo de 1844, en Santiago, fue la formada por unos 150 trabajadores agr\u00edcolas provenientes de Sabana Iglesia y campos aleda\u00f1os. Al frente estaba el&nbsp; diestro y corajudo coronel Fernando Valerio L\u00f3pez.<\/p>\n\n\n\n<p>Esos improvisados guerreros hicieron historia al infligir muchas bajas a los invasores haitianos en el Fuerte de la Libertad y tambi\u00e9n en un tramo del r\u00edo Yaque del Norte.<\/p>\n\n\n\n<p>Con sus machetes dieron origen a una elevada expresi\u00f3n de la bravura de los dominicanos. La haza\u00f1a b\u00e9lica de esos labriegos se conoce desde entonces como la carga de los andulleros.<\/p>\n\n\n\n<p>Ellos nunca se imaginaron, mientras araban y sembraban la tierra, que ser\u00edan parte importante de la historia nacional.<\/p>\n\n\n\n<p>84 a\u00f1os despu\u00e9s de aquella acci\u00f3n valerosa el abogado, orador y pol\u00edtico Arturo Logro\u00f1o Coh\u00e9n escribi\u00f3 sobre Fernando Valerio L\u00f3pez lo siguiente: \u201c\u2026Enardecido por b\u00e9lica embriaguez, decidi\u00f3 quiz\u00e1s con su carga, famosa en nuestros fastos militares, al frente de los andulleros de Sabana Iglesia, la brega marcial del 30 de marzo de 1844\u201d.<\/p>\n\n\n\n<p>Actores de los hechos dejaron testimonios (y cronistas de ambos lados de la frontera hicieron comentarios) sobre los cientos de muertos y heridos esparcidos en los llanos y colinas de Santiago durante aquella jornada que llen\u00f3 de gloria a los dominicanos.<\/p>\n\n\n\n<p>El h\u00e9roe Jos\u00e9 Mar\u00eda Imbert, en un informe del 5 de abril de 1844, cifr\u00f3 en unos 600 los haitianos muertos y una cantidad mayor de heridos.<\/p>\n\n\n\n<p>Anot\u00f3, adem\u00e1s, que: \u201cEl combate hab\u00eda principiado a las doce y sigui\u00f3 hasta las 5 de la tarde.\u201d Remat\u00f3 su informaci\u00f3n de valor hist\u00f3rico expresando que la fuerza enemiga: \u201cPor \u00faltima vez se present\u00f3 en columnas cerradas, y nuestra artiller\u00eda dej\u00e1ndola avanzar de frente, la pieza de la derecha tir\u00f3 metralla sobre esta masa e hizo al centro un claro espantoso\u2026\u201d<\/p>\n\n\n\n<p>El historiador haitiano Jean Price-Mars, al referirse a la batalla de Santiago, escribi\u00f3: \u201cEl 30 de marzo, a la una de la tarde, las tropas haitianas se lanzaron al asalto. Dur\u00f3 la lucha m\u00e1s de cuatro horas sin que cayera la ciudad\u2026Las p\u00e9rdidas totales de su ej\u00e9rcito, antes que pudiera atravesar el Masacre y llegar a Cabo Haitiano, son estimadas, entre muertos y heridos, alrededor de setecientos hombres.\u201d (La Rep\u00fablica de Hait\u00ed y la Rep\u00fablica Dominicana, tomo I, Pp.335 y 336.Eitora Taller, 2000).<\/p>\n\n\n\n<p>Entre los h\u00e9roes m\u00e1s sobresalientes de la batalla de Santiago, del 30 de marzo de 1844, hay que mencionar a Jos\u00e9 Mar\u00eda Imbert, Fernando Valerio, Pedro Pelletier, Jos\u00e9 Mar\u00eda L\u00f3pez (defensor del Fuerte Dios), Achilles Michel, Angel Reyes (jefe del batall\u00f3n La Flor), Francisco Antonio Salcedo, Manuel Mar\u00eda Fr\u00f3meta, Juana Saltitopa, Toribio Ram\u00edrez, los hermanos Juan Luis y Ram\u00f3n Franco Bid\u00f3, Jos\u00e9 Mar\u00eda G\u00f3mez, Jos\u00e9 Silva, Marcos Trinidad, Lorenzo Mieses y muchos otros, como por ejemplo, el artista popular conocido como Ti\u00f1a\u00f1o, quien sin pretender ser como el flautista de Hamel\u00edn utiliz\u00f3 la m\u00fasica para hacer caer en trampas mortales a muchos enemigos.<\/p>\n\n\n\n<p>Sobre las bajas dominicanas en ese conflicto tal vez nunca tengamos noticias ver\u00eddicas. M\u00e1s que ver como una farsa algunos comentarios al respecto, como los de los historiadores Garc\u00eda (padre e hijo) y del h\u00e9roe Jos\u00e9 Mar\u00eda Imbert, hay que situarlos en el marco de lo que se conoce como \u201cverdad estrat\u00e9gica\u201d, tan com\u00fan en todas las guerras.<\/p>\n\n\n\n<p>El uso de ese tipo de \u201cverdad estrat\u00e9gica\u201d ha sido recurrente en todo enfrentamiento armado, de los much\u00edsimos que ha tenido la humanidad.<\/p>\n\n\n\n<p>Hoy esa anomal\u00eda de la realidad est\u00e1 muy presente en diversas actividades humanas, especialmente en la pol\u00edtica, como bien lo explica en un sustancioso ensayo sobre la digitalizaci\u00f3n en la informaci\u00f3n el fil\u00f3sofo surcoreano Byung-Chul Hans, en el cual demuestra que la verdad ha sido arrinconada. \u00c9l lo dice de esta manera:<\/p>\n\n\n\n<p>\u201c\u2026no son ya los mejores argumentos los que prevalecen, sino los algoritmos m\u00e1s inteligentes\u201d. (Infocracia. Editorial Taurus, Espa\u00f1a, 7 de abril 2022).<\/p>\n\n\n\n<p>Antes, en la esfera militar, la veracidad fue encubierta con p\u00f3lvora, catapulta, munici\u00f3n, plomo, lanzas, sables, machetes, cuchillos, espadas y artefactos de asta.<\/p>\n\n\n\n<p>Ahora la agazapan detr\u00e1s del uso de propelente de cohetes, proyectiles, drones y todo tipo de armas t\u00e1cticas y estrat\u00e9gicas de alta gama.<\/p>\n\n\n\n<p>Ese es un tema que fue abordado con curiosa fascinaci\u00f3n en el m\u00e1s remoto pasado por el fil\u00f3sofo y general chino Sun Tzu, que habl\u00f3 de ella hace m\u00e1s de 2,500 a\u00f1os, y que figura en la obra El arte de la guerra.<\/p>\n\n\n\n<p>Luego incursionaron en los por qu\u00e9 de la referida \u201cverdad estrat\u00e9gica\u201d los historiadores Tuc\u00eddides, Her\u00f3doto, Jenofonte, Salustio, Eneas y otros; y as\u00ed han continuado hasta hoy muchos publicistas y pensadores.<\/p>\n\n\n\n<p>La historia militar est\u00e1 llena de juicios, ret\u00f3ricos unos y explicativos otros, en los que cada parte suprime detalles sobre sus muertos, heridos, lesionados, capturados y desaparecidos en batallas y guerras.<\/p>\n\n\n\n<p>teofilo lappot<\/p>\n\n\n\n<p><a target=\"_blank\" href=\"mailto:teofilolappot@gmail.com\" rel=\"noreferrer noopener\">teofilolappot@gmail.com<\/a><\/p>\n","protected":false},"excerpt":{"rendered":"<p>POR TE\u00d3FILO LAPPOT ROBLES El 30 de marzo de 1844, en la ciudad de Santiago de los Caballeros, hace ahora 180 a\u00f1os, los dominicanos, una vez m\u00e1s, demostraron su coraje y su firme decisi\u00f3n de enfrentar con las armas a ocupantes extranjeros. Los hechos b\u00e9licos de aquel d\u00eda, en el coraz\u00f3n de la hermosa tierra [&hellip;]<\/p>\n","protected":false},"author":28,"featured_media":509104,"comment_status":"closed","ping_status":"","sticky":true,"template":"","format":"standard","meta":{"footnotes":""},"categories":[21,36,26,112,27],"tags":[],"class_list":["post-522929","post","type-post","status-publish","format-standard","has-post-thumbnail","hentry","category-cultura","category-hombresmujeresycosas","category-efemerides","category-haiti","category-portada"],"_links":{"self":[{"href":"https:\/\/diariodominicano.com\/index.php?rest_route=\/wp\/v2\/posts\/522929","targetHints":{"allow":["GET"]}}],"collection":[{"href":"https:\/\/diariodominicano.com\/index.php?rest_route=\/wp\/v2\/posts"}],"about":[{"href":"https:\/\/diariodominicano.com\/index.php?rest_route=\/wp\/v2\/types\/post"}],"author":[{"embeddable":true,"href":"https:\/\/diariodominicano.com\/index.php?rest_route=\/wp\/v2\/users\/28"}],"replies":[{"embeddable":true,"href":"https:\/\/diariodominicano.com\/index.php?rest_route=%2Fwp%2Fv2%2Fcomments&post=522929"}],"version-history":[{"count":3,"href":"https:\/\/diariodominicano.com\/index.php?rest_route=\/wp\/v2\/posts\/522929\/revisions"}],"predecessor-version":[{"id":522933,"href":"https:\/\/diariodominicano.com\/index.php?rest_route=\/wp\/v2\/posts\/522929\/revisions\/522933"}],"wp:featuredmedia":[{"embeddable":true,"href":"https:\/\/diariodominicano.com\/index.php?rest_route=\/wp\/v2\/media\/509104"}],"wp:attachment":[{"href":"https:\/\/diariodominicano.com\/index.php?rest_route=%2Fwp%2Fv2%2Fmedia&parent=522929"}],"wp:term":[{"taxonomy":"category","embeddable":true,"href":"https:\/\/diariodominicano.com\/index.php?rest_route=%2Fwp%2Fv2%2Fcategories&post=522929"},{"taxonomy":"post_tag","embeddable":true,"href":"https:\/\/diariodominicano.com\/index.php?rest_route=%2Fwp%2Fv2%2Ftags&post=522929"}],"curies":[{"name":"wp","href":"https:\/\/api.w.org\/{rel}","templated":true}]}}