{"id":52273,"date":"2020-06-29T08:14:08","date_gmt":"2020-06-29T08:14:08","guid":{"rendered":"http:\/\/diariodominicano.ddns.net\/?p=52273"},"modified":"2020-06-29T08:14:08","modified_gmt":"2020-06-29T08:14:08","slug":"san-pedro-de-macoris-ciudadanos-enfrentan-a-militares-estadounidenses","status":"publish","type":"post","link":"https:\/\/diariodominicano.com\/?p=52273","title":{"rendered":"San Pedro de Macor\u00eds  ciudadanos enfrentan a militares  estadounidenses"},"content":{"rendered":"<p><body><\/p>\n<p><strong> Diariodominicano.com<\/strong><\/p>\n<p><strong>San Pedro de Macor\u00eds  ciudadanos enfrentan a militares  estadounidenses<\/strong><\/p>\n<p><strong>    <\/strong><\/p>\n<p><strong>SAN PEDRO DE MACORIS, el  29  de junio de 1916,<\/strong> un grupo de dominicanos enfrent\u00f3 a militares de Estados Unidos que desembarcaron por Puerto Plata, como parte de la decisi\u00f3n del Gobierno estadounidense  de invadir la Rep\u00fablica Dominicana.<\/p>\n<\/p>\n<p>    En la lucha contra los interventores muri\u00f3 el ciudadano dominicano Laito B\u00e1ez.<\/p>\n<\/p>\n<p>    El Gobierno de Estados Unidos, formaliz\u00f3 la ocupaci\u00f3n de la Rep\u00fablica Dominicana, el 29 de noviembre de 1916, y sus tropas se mantuvieron en el pa\u00eds hasta el, a\u00f1o 1924.<\/p>\n<h6> 2020-06-29 08:14:08 <\/h6>\n<p><!--\n<link rel=\"stylesheet\" href=\"css\/bootstrap.min.css\">\n\n\n<ul class=\"pagination\">\n\t    \n\t\n\n<li >\n\t<a href='?page_no=462'>Previous<\/a>\n\t<\/li>\n\n\n       \n    \n\n<li><a href='?page_no=1'>1<\/a><\/li>\n\n\n\n<li><a href='?page_no=2'>2<\/a><\/li>\n\n\n\n<li><a>...<\/a><\/li>\n\n\n\n<li><a href='?page_no=461'>461<\/a><\/li>\n\n\n\n<li><a href='?page_no=462'>462<\/a><\/li>\n\n\n\n<li class='active'><a>463<\/a><\/li>\n\n\n\n<li><a href='?page_no=464'>464<\/a><\/li>\n\n\n\n<li><a href='?page_no=465'>465<\/a><\/li>\n\n\n\n<li><a>...<\/a><\/li>\n\n\n\n<li><a href='?page_no=22911'>22911<\/a><\/li>\n\n\n\n<li><a href='?page_no=22912'>22912<\/a><\/li>\n\n    \n\t\n\n<li >\n\t<a href='?page_no=464'>Next<\/a>\n\t<\/li>\n\n\n    \n\n<li><a href='?page_no=22912'>Last &rsaquo;&rsaquo;<\/a><\/li>\n\n<\/ul>\n\n\n--><br \/>\n<\/body><\/p>\n","protected":false},"excerpt":{"rendered":"<p>Diariodominicano.com San Pedro de Macor\u00eds ciudadanos enfrentan a militares estadounidenses SAN PEDRO DE MACORIS, el 29 de junio de 1916, un grupo de dominicanos enfrent\u00f3 a militares de Estados Unidos que desembarcaron por Puerto Plata, como parte de la decisi\u00f3n del Gobierno estadounidense de invadir la Rep\u00fablica Dominicana. En la lucha contra los interventores muri\u00f3 [&hellip;]<\/p>\n","protected":false},"author":3,"featured_media":0,"comment_status":"open","ping_status":"open","sticky":false,"template":"","format":"standard","meta":{"footnotes":""},"categories":[21],"tags":[],"class_list":["post-52273","post","type-post","status-publish","format-standard","hentry","category-cultura"],"_links":{"self":[{"href":"https:\/\/diariodominicano.com\/index.php?rest_route=\/wp\/v2\/posts\/52273","targetHints":{"allow":["GET"]}}],"collection":[{"href":"https:\/\/diariodominicano.com\/index.php?rest_route=\/wp\/v2\/posts"}],"about":[{"href":"https:\/\/diariodominicano.com\/index.php?rest_route=\/wp\/v2\/types\/post"}],"author":[{"embeddable":true,"href":"https:\/\/diariodominicano.com\/index.php?rest_route=\/wp\/v2\/users\/3"}],"replies":[{"embeddable":true,"href":"https:\/\/diariodominicano.com\/index.php?rest_route=%2Fwp%2Fv2%2Fcomments&post=52273"}],"version-history":[{"count":0,"href":"https:\/\/diariodominicano.com\/index.php?rest_route=\/wp\/v2\/posts\/52273\/revisions"}],"wp:attachment":[{"href":"https:\/\/diariodominicano.com\/index.php?rest_route=%2Fwp%2Fv2%2Fmedia&parent=52273"}],"wp:term":[{"taxonomy":"category","embeddable":true,"href":"https:\/\/diariodominicano.com\/index.php?rest_route=%2Fwp%2Fv2%2Fcategories&post=52273"},{"taxonomy":"post_tag","embeddable":true,"href":"https:\/\/diariodominicano.com\/index.php?rest_route=%2Fwp%2Fv2%2Ftags&post=52273"}],"curies":[{"name":"wp","href":"https:\/\/api.w.org\/{rel}","templated":true}]}}