{"id":52269,"date":"2018-04-24T13:02:55","date_gmt":"2018-04-24T13:02:55","guid":{"rendered":"http:\/\/diariodominicano.ddns.net\/?p=52269"},"modified":"2025-03-31T22:12:46","modified_gmt":"2025-04-01T02:12:46","slug":"diputado-rafael-mendez-anuncia-gira-cultural-de-estudiantes-y-maestros","status":"publish","type":"post","link":"https:\/\/diariodominicano.com\/?p=52269","title":{"rendered":"Diputado Rafael M\u00e9ndez anuncia gira cultural de estudiantes y maestros"},"content":{"rendered":"<p><body><\/p>\n<p><img decoding=\"async\" src=\"img3\/gira1.jpg\" \/>  <\/p>\n<p>NEIBA:  Cientos de estudiantes, acompa\u00f1ados de profesores, participar\u00e1n los d\u00edas 27 y 28 de abril en  la tradicional Gira con<\/p>\n<p>motivo de la celebraci\u00f3n de la Feria Internacional del Libro, invitados por la Fundaci\u00f3n Padrino de las Escuelas de Bahoruco, inform\u00f3 el presidente de la entidad, diputado Rafael Mendez.<\/p>\n<\/p>\n<p>El legislador indic\u00f3 que los excursionistas, adem\u00e1s de acudir a la Feria del Libro, asistir\u00e1n a otros lugares de inter\u00e9s, citando el<\/p>\n<p>Centro Cultural de las Telecomunicaciones, el Museo Nacional de la Resistencia, la Zona Colonial y abordar\u00e1n el Metro de Santo Domingo.<\/p>\n<\/p>\n<p>Al tiempo de recordar que un primer grupo hizo el recorrido el viernes 20 de abril, dijo que en las excursiones de los d\u00edas 27 y 28 asistir\u00e1<\/p>\n<p>un grueso mucho mayor de alrededor de 580 estudiantes del cuarto del bachillerato, adem\u00e1s de maestros de todos los liceos de la Provincia<\/p>\n<p>Bahoruco.<\/p>\n<\/p>\n<p>El diputado Rafael M\u00e9ndez inform\u00f3 que siguiendo la m\u00edstica de todos los a\u00f1os, la Fundaci\u00f3n Padrino de Las Escuelas cubrir\u00e1 el transporte,<\/p>\n<p>almuerzo y entregar\u00e1 una camiseta.<\/p>\n<h6> 2018-04-24 13:02:55 <\/h6>\n<p><!--\n<link rel=\"stylesheet\" href=\"css\/bootstrap.min.css\">\n\n\n<ul class=\"pagination\">\n\t    \n\t\n\n<li >\n\t<a href='?page_no=4625'>Previous<\/a>\n\t<\/li>\n\n\n       \n    \n\n<li><a href='?page_no=1'>1<\/a><\/li>\n\n\n\n<li><a href='?page_no=2'>2<\/a><\/li>\n\n\n\n<li><a>...<\/a><\/li>\n\n\n\n<li><a href='?page_no=4624'>4624<\/a><\/li>\n\n\n\n<li><a href='?page_no=4625'>4625<\/a><\/li>\n\n\n\n<li class='active'><a>4626<\/a><\/li>\n\n\n\n<li><a href='?page_no=4627'>4627<\/a><\/li>\n\n\n\n<li><a href='?page_no=4628'>4628<\/a><\/li>\n\n\n\n<li><a>...<\/a><\/li>\n\n\n\n<li><a href='?page_no=22911'>22911<\/a><\/li>\n\n\n\n<li><a href='?page_no=22912'>22912<\/a><\/li>\n\n    \n\t\n\n<li >\n\t<a href='?page_no=4627'>Next<\/a>\n\t<\/li>\n\n\n    \n\n<li><a href='?page_no=22912'>Last &rsaquo;&rsaquo;<\/a><\/li>\n\n<\/ul>\n\n\n--><br \/>\n<\/body><\/p>\n","protected":false},"excerpt":{"rendered":"<p>NEIBA: Cientos de estudiantes, acompa\u00f1ados de profesores, participar\u00e1n los d\u00edas 27 y 28 de abril en la tradicional Gira con motivo de la celebraci\u00f3n de la Feria Internacional del Libro, invitados por la Fundaci\u00f3n Padrino de las Escuelas de Bahoruco, inform\u00f3 el presidente de la entidad, diputado Rafael Mendez. El legislador indic\u00f3 que los excursionistas, [&hellip;]<\/p>\n","protected":false},"author":3,"featured_media":490253,"comment_status":"open","ping_status":"open","sticky":false,"template":"","format":"standard","meta":{"footnotes":""},"categories":[21],"tags":[178],"class_list":["post-52269","post","type-post","status-publish","format-standard","has-post-thumbnail","hentry","category-cultura","tag-rafael-mendez"],"_links":{"self":[{"href":"https:\/\/diariodominicano.com\/index.php?rest_route=\/wp\/v2\/posts\/52269","targetHints":{"allow":["GET"]}}],"collection":[{"href":"https:\/\/diariodominicano.com\/index.php?rest_route=\/wp\/v2\/posts"}],"about":[{"href":"https:\/\/diariodominicano.com\/index.php?rest_route=\/wp\/v2\/types\/post"}],"author":[{"embeddable":true,"href":"https:\/\/diariodominicano.com\/index.php?rest_route=\/wp\/v2\/users\/3"}],"replies":[{"embeddable":true,"href":"https:\/\/diariodominicano.com\/index.php?rest_route=%2Fwp%2Fv2%2Fcomments&post=52269"}],"version-history":[{"count":1,"href":"https:\/\/diariodominicano.com\/index.php?rest_route=\/wp\/v2\/posts\/52269\/revisions"}],"predecessor-version":[{"id":606940,"href":"https:\/\/diariodominicano.com\/index.php?rest_route=\/wp\/v2\/posts\/52269\/revisions\/606940"}],"wp:featuredmedia":[{"embeddable":true,"href":"https:\/\/diariodominicano.com\/index.php?rest_route=\/wp\/v2\/media\/490253"}],"wp:attachment":[{"href":"https:\/\/diariodominicano.com\/index.php?rest_route=%2Fwp%2Fv2%2Fmedia&parent=52269"}],"wp:term":[{"taxonomy":"category","embeddable":true,"href":"https:\/\/diariodominicano.com\/index.php?rest_route=%2Fwp%2Fv2%2Fcategories&post=52269"},{"taxonomy":"post_tag","embeddable":true,"href":"https:\/\/diariodominicano.com\/index.php?rest_route=%2Fwp%2Fv2%2Ftags&post=52269"}],"curies":[{"name":"wp","href":"https:\/\/api.w.org\/{rel}","templated":true}]}}