{"id":522655,"date":"2024-04-12T19:01:05","date_gmt":"2024-04-12T23:01:05","guid":{"rendered":"https:\/\/diariodominicano.com\/?p=522655"},"modified":"2024-04-12T19:01:05","modified_gmt":"2024-04-12T23:01:05","slug":"fiestas-y-personalidades-conversa-este-sabado-13-con-la-autora-de-muy-buena-y-estupida","status":"publish","type":"post","link":"https:\/\/diariodominicano.com\/?p=522655","title":{"rendered":"Fiestas y Personalidades conversa este s\u00e1bado 13 con la autora de \u201cMuy buena y est\u00fapida\u201d"},"content":{"rendered":"\n<p><em>Mawhae Kenton es la invitada especial de esta semana. Tambi\u00e9n, conversaremos con Nathaly Uribe sobre la convocatoria a becas de la Excelencia Popular.<\/em><\/p>\n\n\n\n<p>La cantante Mawhae Kenton llega este s\u00e1bado 13 de abril a Fiestas y Personalidades para promocionar su tema musical \u201cMuy buena o est\u00fapida\u00bb con&nbsp;arreglos de Ram\u00f3n Orlando y Jura Valoy.<\/p>\n\n\n\n<p>La cantante dominicana&nbsp;convers\u00f3 con Yenny Polanco Lovera, a quien le cont\u00f3 que form\u00f3&nbsp; parte de la orquesta Los Kenton, llegando a ser la primera f\u00e9mina en dominar el arte coreogr\u00e1fico que identifica el concepto Kenton.&nbsp;<\/p>\n\n\n\n<p>Dijo que ahora tiene su propio proyecto, con el cual logra cumplir su rol de ser madre y comunicadora que apuesta a la buena calidad del merengue<\/p>\n\n\n\n<figure class=\"wp-block-gallery has-nested-images columns-default is-cropped wp-block-gallery-1 is-layout-flex wp-block-gallery-is-layout-flex\">\n<figure class=\"wp-block-image size-large\"><img loading=\"lazy\" decoding=\"async\" width=\"1024\" height=\"767\" data-id=\"522843\" src=\"https:\/\/diariodominicano.com\/wp-content\/uploads\/2024\/04\/Yenny-y-Nathaly-Uribe-1-1024x767.png\" alt=\"\" class=\"wp-image-522843\" srcset=\"https:\/\/diariodominicano.com\/wp-content\/uploads\/2024\/04\/Yenny-y-Nathaly-Uribe-1-1024x767.png 1024w, https:\/\/diariodominicano.com\/wp-content\/uploads\/2024\/04\/Yenny-y-Nathaly-Uribe-1-300x225.png 300w, https:\/\/diariodominicano.com\/wp-content\/uploads\/2024\/04\/Yenny-y-Nathaly-Uribe-1-768x575.png 768w, https:\/\/diariodominicano.com\/wp-content\/uploads\/2024\/04\/Yenny-y-Nathaly-Uribe-1-816x611.png 816w, https:\/\/diariodominicano.com\/wp-content\/uploads\/2024\/04\/Yenny-y-Nathaly-Uribe-1.png 1095w\" sizes=\"auto, (max-width: 1024px) 100vw, 1024px\" \/><\/figure>\n\n\n\n<figure class=\"wp-block-image size-large\"><img loading=\"lazy\" decoding=\"async\" width=\"621\" height=\"832\" data-id=\"522844\" src=\"https:\/\/diariodominicano.com\/wp-content\/uploads\/2024\/04\/yenny-y-Mawhae-Kenton.png\" alt=\"\" class=\"wp-image-522844\" srcset=\"https:\/\/diariodominicano.com\/wp-content\/uploads\/2024\/04\/yenny-y-Mawhae-Kenton.png 621w, https:\/\/diariodominicano.com\/wp-content\/uploads\/2024\/04\/yenny-y-Mawhae-Kenton-224x300.png 224w\" sizes=\"auto, (max-width: 621px) 100vw, 621px\" \/><\/figure>\n<\/figure>\n\n\n\n<p>Nathaly Uribe,&nbsp;gerente de Sostenibilidad y Banca Responsable del Grupo Popular&nbsp;nos habla de la convocatoria a becas de la Excelencia Popular&nbsp;<\/p>\n\n\n\n<p>Tambi\u00e9n&nbsp;hablaremos con Luisiana Grull\u00f3n de su concierto \u201cLa due\u00f1a soy yo\u201d, el cual se llevar\u00e1 a cabo el pr\u00f3ximo&nbsp;19 en Hard Rock Cafe&nbsp; Santo Domingo.<\/p>\n\n\n\n<p>Nuestro segmento \u201cCamerino\u201d nos trae las actividades&nbsp;m\u00e1s&nbsp;importantes de la semana, siendo una de ellas la pel\u00edcula&nbsp;\u00abCanta y no llores \u00bb con coproducci\u00f3n de Espa\u00f1a y Rep\u00fablica Dominicana.<\/p>\n\n\n\n<p>Recorriendo con Salvador nos trae un interesante reportaje tur\u00edstico: Anny Polanco ofrecer\u00e1 sus acostumbradas recomendaciones de visado en el segmento \u201cM\u00e1s que migraci\u00f3n\u201d.<\/p>\n\n\n\n<p>Esta&nbsp;hora de sano entretenimiento se transmite cada s\u00e1bado, a las<strong>&nbsp;7:00 p.m., por el canal 4 RD, BVTV&nbsp;B\u00e1varo,&nbsp;Miavisi\u00f3n, canal 8 de Puerto&nbsp;Plata; 97&nbsp;de&nbsp;Claro TV&nbsp;y&nbsp;los domingos por Bonches Latinos TV Internacional, canal 444, a las 2:00 p.m.<\/strong><\/p>\n\n\n\n<p><strong>Yenny Polanco Lovera<\/strong>&nbsp;&lt;yennylovera@gmail.com&gt; <\/p>\n","protected":false},"excerpt":{"rendered":"<p>Mawhae Kenton es la invitada especial de esta semana. Tambi\u00e9n, conversaremos con Nathaly Uribe sobre la convocatoria a becas de la Excelencia Popular. La cantante Mawhae Kenton llega este s\u00e1bado 13 de abril a Fiestas y Personalidades para promocionar su tema musical \u201cMuy buena o est\u00fapida\u00bb con&nbsp;arreglos de Ram\u00f3n Orlando y Jura Valoy. La cantante [&hellip;]<\/p>\n","protected":false},"author":7,"featured_media":522843,"comment_status":"closed","ping_status":"","sticky":true,"template":"","format":"standard","meta":{"footnotes":""},"categories":[25,27],"tags":[],"class_list":["post-522655","post","type-post","status-publish","format-standard","has-post-thumbnail","hentry","category-gente","category-portada"],"_links":{"self":[{"href":"https:\/\/diariodominicano.com\/index.php?rest_route=\/wp\/v2\/posts\/522655","targetHints":{"allow":["GET"]}}],"collection":[{"href":"https:\/\/diariodominicano.com\/index.php?rest_route=\/wp\/v2\/posts"}],"about":[{"href":"https:\/\/diariodominicano.com\/index.php?rest_route=\/wp\/v2\/types\/post"}],"author":[{"embeddable":true,"href":"https:\/\/diariodominicano.com\/index.php?rest_route=\/wp\/v2\/users\/7"}],"replies":[{"embeddable":true,"href":"https:\/\/diariodominicano.com\/index.php?rest_route=%2Fwp%2Fv2%2Fcomments&post=522655"}],"version-history":[{"count":2,"href":"https:\/\/diariodominicano.com\/index.php?rest_route=\/wp\/v2\/posts\/522655\/revisions"}],"predecessor-version":[{"id":522846,"href":"https:\/\/diariodominicano.com\/index.php?rest_route=\/wp\/v2\/posts\/522655\/revisions\/522846"}],"wp:featuredmedia":[{"embeddable":true,"href":"https:\/\/diariodominicano.com\/index.php?rest_route=\/wp\/v2\/media\/522843"}],"wp:attachment":[{"href":"https:\/\/diariodominicano.com\/index.php?rest_route=%2Fwp%2Fv2%2Fmedia&parent=522655"}],"wp:term":[{"taxonomy":"category","embeddable":true,"href":"https:\/\/diariodominicano.com\/index.php?rest_route=%2Fwp%2Fv2%2Fcategories&post=522655"},{"taxonomy":"post_tag","embeddable":true,"href":"https:\/\/diariodominicano.com\/index.php?rest_route=%2Fwp%2Fv2%2Ftags&post=522655"}],"curies":[{"name":"wp","href":"https:\/\/api.w.org\/{rel}","templated":true}]}}