{"id":52262,"date":"2020-06-29T14:09:51","date_gmt":"2020-06-29T14:09:51","guid":{"rendered":"http:\/\/diariodominicano.ddns.net\/?p=52262"},"modified":"2020-06-29T14:09:51","modified_gmt":"2020-06-29T14:09:51","slug":"cultura-inaugura-el-centro-cultural-maria-montez-de-barahona","status":"publish","type":"post","link":"https:\/\/diariodominicano.com\/?p=52262","title":{"rendered":"Cultura inaugura el Centro Cultural Mar\u00eda Montez de Barahona"},"content":{"rendered":"<p><body><\/p>\n<p><img decoding=\"async\" src=\"img3\/EduarSelman29-6-20.JPG\" \/>  <\/p>\n<p><strong> <\/strong><\/p>\n<p><strong><span class=\"text1noticias\">diariodominicano.com<\/span> <\/strong><\/p>\n<p><strong><span class=\"text1noticias\"> <\/span><\/strong><\/p>\n<p><strong><span class=\"text1noticias\"> <\/span><\/strong><\/p>\n<p><strong><span class=\"text1noticias\">Barahona,  29 de junio, 2020. <\/span><\/strong><span class=\"text1noticias\">-Con un sencillo acto encabezado por el ministro de Cultura, arquitecto Eduardo Selman, fue inaugurado este lunes el Centro Cultural Mar\u00eda Montez, ubicado en este municipio sure\u00f1o. <\/span><\/p>\n<p><span class=\"text1noticias\"> <\/span><\/p>\n<p><span class=\"text1noticias\">El centro cultural fue edificado en los terrenos donde estaba la vivienda en la que naci\u00f3 la renombrada actriz dominicana, que adquiri\u00f3 fama mundial en la industria del cine. <\/span><\/p>\n<p><span class=\"text1noticias\"> <\/span><\/p>\n<p><span class=\"text1noticias\">Al pronunciar breves palabras en el acto, el ministro Eduardo Selman dijo que \u00c1frica Gracia Vidal (Mar\u00eda Montez), es un \u00edcono del cine mundial, de quien los dominicanos debemos sentirnos muy orgullosos.<\/span><\/p>\n<p><span class=\"text1noticias\">  <\/span><\/p>\n<p><span class=\"text1noticias\">Dijo que la afamada actriz es merecedora de que la Rep\u00fablica Dominicana mantenga viva su memoria y que no que hay lugar m\u00e1s ideal que Barahona donde ella naci\u00f3 y vivi\u00f3. <\/span><\/p>\n<p><span class=\"text1noticias\"> <\/span><\/p>\n<p><span class=\"text1noticias\">El ministro de Cultura dijo que el presidente Danilo Medina en su inter\u00e9s que se rinda homenaje a Mar\u00eda Montez, decidi\u00f3 instalar el centro cultural en esta edificaci\u00f3n donde los j\u00f3venes de Barahona podr\u00e1n recibir educaci\u00f3n art\u00edstica en todas sus manifestaciones, como cine, teatro, m\u00fasica, danza y artes pl\u00e1sticas, entre otras. <\/span><\/p>\n<p><span class=\"text1noticias\"> <\/span><\/p>\n<p><span class=\"text1noticias\">En el acto estuvo presente el director del centro, \u00c1ngel Gonz\u00e1lez, quien dio la bienvenida a los asistentes y dijo que la apertura del mismo era algo muy esperado en la comunidad cultural de Barahona.<\/span><\/p>\n<p><span class=\"text1noticias\"> <\/span><\/p>\n<p><span class=\"text1noticias\"> <\/span><\/p>\n<p><span class=\"text1noticias\">El inmueble fue adquirido hace unos dos a\u00f1os por el Gobierno para preservarlo como un centro cultural que sea homenaje permanente Mar\u00eda Montez, quien naci\u00f3 el 6 de junio de 1917 en Barahona, Rep\u00fablica Dominicana. <\/span><\/p>\n<p><span class=\"text1noticias\"> <\/span><\/p>\n<p><span class=\"text1noticias\">En el lugar donde fue construido el centro cultural, operaba un edificio donde por mucho tiempo funcion\u00f3 el Centro Regional del Suroeste (Curso) de la Universidad Aut\u00f3noma de Santo Domingo (UASD.  <\/span><\/p>\n<p><span class=\"text1noticias\"> <\/span><\/p>\n<p><span class=\"text1noticias\">El Centro Cultural Mar\u00eda Montez est\u00e1 localizado en la calle Jaime Mota, casi esquina Padre Billini en el centro de esta ciudad.<\/span><\/p>\n<p><span class=\"text1noticias\">  <\/span><\/p>\n<\/p>\n<p><span class=\"text1noticias\">Fuente: Ministerio d<\/span>e Cultura Rep\u00fablica Dominicana<\/p>\n<p><span class=\"text1noticias\">Direcci\u00f3n de Comunicaciones<\/span><\/p>\n<p><span class=\"text1noticias\">Ministerio de Cultura de la Rep\u00fablica Dominicana<\/span><\/p>\n<p><span class=\"text1noticias\">Lunes 29 de junio 2020<\/span><\/p>\n<p><span class=\"text1noticias\"> <\/span><\/p>\n<h6> 2020-06-29 14:09:51 <\/h6>\n<p><!--\n<link rel=\"stylesheet\" href=\"css\/bootstrap.min.css\">\n\n\n<ul class=\"pagination\">\n\t    \n\t\n\n<li >\n\t<a href='?page_no=461'>Previous<\/a>\n\t<\/li>\n\n\n       \n    \n\n<li><a href='?page_no=1'>1<\/a><\/li>\n\n\n\n<li><a href='?page_no=2'>2<\/a><\/li>\n\n\n\n<li><a>...<\/a><\/li>\n\n\n\n<li><a href='?page_no=460'>460<\/a><\/li>\n\n\n\n<li><a href='?page_no=461'>461<\/a><\/li>\n\n\n\n<li class='active'><a>462<\/a><\/li>\n\n\n\n<li><a href='?page_no=463'>463<\/a><\/li>\n\n\n\n<li><a href='?page_no=464'>464<\/a><\/li>\n\n\n\n<li><a>...<\/a><\/li>\n\n\n\n<li><a href='?page_no=22911'>22911<\/a><\/li>\n\n\n\n<li><a href='?page_no=22912'>22912<\/a><\/li>\n\n    \n\t\n\n<li >\n\t<a href='?page_no=463'>Next<\/a>\n\t<\/li>\n\n\n    \n\n<li><a href='?page_no=22912'>Last &rsaquo;&rsaquo;<\/a><\/li>\n\n<\/ul>\n\n\n--><br \/>\n<\/body><\/p>\n","protected":false},"excerpt":{"rendered":"<p>diariodominicano.com Barahona, 29 de junio, 2020. -Con un sencillo acto encabezado por el ministro de Cultura, arquitecto Eduardo Selman, fue inaugurado este lunes el Centro Cultural Mar\u00eda Montez, ubicado en este municipio sure\u00f1o. El centro cultural fue edificado en los terrenos donde estaba la vivienda en la que naci\u00f3 la renombrada actriz dominicana, que adquiri\u00f3 [&hellip;]<\/p>\n","protected":false},"author":3,"featured_media":0,"comment_status":"open","ping_status":"open","sticky":false,"template":"","format":"standard","meta":{"footnotes":""},"categories":[21],"tags":[],"class_list":["post-52262","post","type-post","status-publish","format-standard","hentry","category-cultura"],"_links":{"self":[{"href":"https:\/\/diariodominicano.com\/index.php?rest_route=\/wp\/v2\/posts\/52262","targetHints":{"allow":["GET"]}}],"collection":[{"href":"https:\/\/diariodominicano.com\/index.php?rest_route=\/wp\/v2\/posts"}],"about":[{"href":"https:\/\/diariodominicano.com\/index.php?rest_route=\/wp\/v2\/types\/post"}],"author":[{"embeddable":true,"href":"https:\/\/diariodominicano.com\/index.php?rest_route=\/wp\/v2\/users\/3"}],"replies":[{"embeddable":true,"href":"https:\/\/diariodominicano.com\/index.php?rest_route=%2Fwp%2Fv2%2Fcomments&post=52262"}],"version-history":[{"count":0,"href":"https:\/\/diariodominicano.com\/index.php?rest_route=\/wp\/v2\/posts\/52262\/revisions"}],"wp:attachment":[{"href":"https:\/\/diariodominicano.com\/index.php?rest_route=%2Fwp%2Fv2%2Fmedia&parent=52262"}],"wp:term":[{"taxonomy":"category","embeddable":true,"href":"https:\/\/diariodominicano.com\/index.php?rest_route=%2Fwp%2Fv2%2Fcategories&post=52262"},{"taxonomy":"post_tag","embeddable":true,"href":"https:\/\/diariodominicano.com\/index.php?rest_route=%2Fwp%2Fv2%2Ftags&post=52262"}],"curies":[{"name":"wp","href":"https:\/\/api.w.org\/{rel}","templated":true}]}}