{"id":52251,"date":"2020-06-29T23:44:03","date_gmt":"2020-06-29T23:44:03","guid":{"rendered":"http:\/\/diariodominicano.ddns.net\/?p=52251"},"modified":"2020-06-29T23:44:03","modified_gmt":"2020-06-29T23:44:03","slug":"secretaria-de-cultura-pld-invita-a-celebrar-la-fecha-del-natalicio-del-profesor-juan-bosch","status":"publish","type":"post","link":"https:\/\/diariodominicano.com\/?p=52251","title":{"rendered":"Secretaria de Cultura PLD invita a celebrar la fecha del natalicio del Profesor Juan Bosch"},"content":{"rendered":"<p><body><\/p>\n<p><img decoding=\"async\" src=\"http:\/\/localhost:8080\/img3\/boschdeNu%C3%83%C2%B1ez.JPG\" \/>  <\/p>\n<p><strong>Diariodominicano.com<\/strong><\/p>\n<p><strong>Secretaria de Cultura PLD invita a celebrar la fecha del natalicio del Profesor Juan Bosch<\/strong><\/p>\n<p><strong>Santo Domingo, RD.-<\/strong> La Secretar\u00eda  de Cultura del Partido de la Liberaci\u00f3n Dominicana (PLD),  mediante nota recuerda la fecha del aniversario del Nacimiento del  Profesor Juan  Bosch, como un d\u00eda trascendente en esa organizaci\u00f3n, invitando as\u00ed a celebrar la efem\u00e9rides con alegr\u00eda y entusiasmo en los locales provinciales, municipales y de Comit\u00e9s Intermedios<\/p>\n<\/p>\n<p>Mery Kasse, titular de cultura,   recuerda  que este 30 de junio es  el 111 aniversario del nacimiento  del Profesor Juan Bosch,  ilustre cuentista, ensayista, educador, historiador y pol\u00edtico, un gran propulsor de la cultura nacional desde la literatura y en el permanente apoyo a los artistas<\/p>\n<\/p>\n<p> Kasse record\u00f3 el valor  y la honestidad que como ser humano impregnaba la figura del l\u00edder y fundador de los dos partidos de dos  grandes del pa\u00eds, El Partido Revolucionario Dominicano, en 1939 y el Partido de la Liberaci\u00f3n Dominicana, en 1973. Fue electo presidente en 1962, cargo que asumi\u00f3 por un breve per\u00edodo hasta 1963, cuando fue derrocado por un golpe de Estado.<\/p>\n<\/p>\n<p>\u00abBosch ha sido uno de los escritores m\u00e1s preclaros de Latinoam\u00e9rica, en especial en el g\u00e9nero del cuento. Su obra est\u00e1 llena de realismo y de denuncias de los problemas sociales que aquejaban a la sociedad dominicana, en ese momento. Fue uno de los primeros en rese\u00f1ar el maltrato a la mujer, en muchas de sus obras\u00bb, dijo<\/p>\n<\/p>\n<p>Dentro de sus obras se destacan \u00abCuentos de Navidad\u00bb, escrita en 1956, \u00abTrujillo Causa de una Tiran\u00eda sin Ejemplo\u00bb, en 1961, \u00abComposici\u00f3n Social Dominicana\u00bb, en 1970, \u00abClases Sociales en la Rep\u00fablica Dominicana\u00bb, en 1982, \u00abLos Amos\u00bb y \u00abLa Mujer\u00bb, entre otros. Tambi\u00e9n escribi\u00f3 las letras de la criolla   \u00abLa Gaviota\u00bb, que ha sido interpretada por numerosos artistas nacionales e internacionales.<\/p>\n<\/p>\n<p>El Partido de la Liberaci\u00f3n Dominicana ha preparado en su honor diferentes actividades que se realizar\u00e1n tanto en la Casa Nacional del PLD como en el Cementerio Ornamental de La Vega, ante la tumba del Profesor Juan Bosch.<\/p>\n<\/p>\n<h6> 2020-06-29 23:44:03 <\/h6>\n<p><!--\n<link rel=\"stylesheet\" href=\"css\/bootstrap.min.css\">\n\n\n<ul class=\"pagination\">\n\t    \n\t\n\n<li >\n\t<a href='?page_no=460'>Previous<\/a>\n\t<\/li>\n\n\n       \n    \n\n<li><a href='?page_no=1'>1<\/a><\/li>\n\n\n\n<li><a href='?page_no=2'>2<\/a><\/li>\n\n\n\n<li><a>...<\/a><\/li>\n\n\n\n<li><a href='?page_no=459'>459<\/a><\/li>\n\n\n\n<li><a href='?page_no=460'>460<\/a><\/li>\n\n\n\n<li class='active'><a>461<\/a><\/li>\n\n\n\n<li><a href='?page_no=462'>462<\/a><\/li>\n\n\n\n<li><a href='?page_no=463'>463<\/a><\/li>\n\n\n\n<li><a>...<\/a><\/li>\n\n\n\n<li><a href='?page_no=22911'>22911<\/a><\/li>\n\n\n\n<li><a href='?page_no=22912'>22912<\/a><\/li>\n\n    \n\t\n\n<li >\n\t<a href='?page_no=462'>Next<\/a>\n\t<\/li>\n\n\n    \n\n<li><a href='?page_no=22912'>Last &rsaquo;&rsaquo;<\/a><\/li>\n\n<\/ul>\n\n\n--><br \/>\n<\/body><\/p>\n","protected":false},"excerpt":{"rendered":"<p>Diariodominicano.com Secretaria de Cultura PLD invita a celebrar la fecha del natalicio del Profesor Juan Bosch Santo Domingo, RD.- La Secretar\u00eda de Cultura del Partido de la Liberaci\u00f3n Dominicana (PLD), mediante nota recuerda la fecha del aniversario del Nacimiento del Profesor Juan Bosch, como un d\u00eda trascendente en esa organizaci\u00f3n, invitando as\u00ed a celebrar la [&hellip;]<\/p>\n","protected":false},"author":3,"featured_media":0,"comment_status":"open","ping_status":"open","sticky":false,"template":"","format":"standard","meta":{"footnotes":""},"categories":[21],"tags":[],"class_list":["post-52251","post","type-post","status-publish","format-standard","hentry","category-cultura"],"_links":{"self":[{"href":"https:\/\/diariodominicano.com\/index.php?rest_route=\/wp\/v2\/posts\/52251","targetHints":{"allow":["GET"]}}],"collection":[{"href":"https:\/\/diariodominicano.com\/index.php?rest_route=\/wp\/v2\/posts"}],"about":[{"href":"https:\/\/diariodominicano.com\/index.php?rest_route=\/wp\/v2\/types\/post"}],"author":[{"embeddable":true,"href":"https:\/\/diariodominicano.com\/index.php?rest_route=\/wp\/v2\/users\/3"}],"replies":[{"embeddable":true,"href":"https:\/\/diariodominicano.com\/index.php?rest_route=%2Fwp%2Fv2%2Fcomments&post=52251"}],"version-history":[{"count":0,"href":"https:\/\/diariodominicano.com\/index.php?rest_route=\/wp\/v2\/posts\/52251\/revisions"}],"wp:attachment":[{"href":"https:\/\/diariodominicano.com\/index.php?rest_route=%2Fwp%2Fv2%2Fmedia&parent=52251"}],"wp:term":[{"taxonomy":"category","embeddable":true,"href":"https:\/\/diariodominicano.com\/index.php?rest_route=%2Fwp%2Fv2%2Fcategories&post=52251"},{"taxonomy":"post_tag","embeddable":true,"href":"https:\/\/diariodominicano.com\/index.php?rest_route=%2Fwp%2Fv2%2Ftags&post=52251"}],"curies":[{"name":"wp","href":"https:\/\/api.w.org\/{rel}","templated":true}]}}