{"id":522502,"date":"2024-04-11T14:22:29","date_gmt":"2024-04-11T18:22:29","guid":{"rendered":"https:\/\/diariodominicano.com\/?p=522502"},"modified":"2024-04-11T14:22:29","modified_gmt":"2024-04-11T18:22:29","slug":"industria-san-miguel-ism-celebra-el-dia-nacional-del-periodista-con-un-encuentro-de-aprendizaje-y-agradecimiento","status":"publish","type":"post","link":"https:\/\/diariodominicano.com\/?p=522502","title":{"rendered":"Industria San Miguel (ISM) celebra el D\u00eda Nacional del Periodista con un encuentro de aprendizaje y agradecimiento"},"content":{"rendered":"\n<p>diariodominicano.com<\/p>\n\n\n\n<p><strong>Santo Domingo, 11 de abril de 2024.- <\/strong>Industria San Miguel (ISM), l\u00edder en el mercado dominicano en producci\u00f3n y distribuci\u00f3n de bebidas no alcoh\u00f3licas, reuni\u00f3 a profesionales de los medios de comunicaci\u00f3n en un encuentro especial con motivo del D\u00eda Nacional del Periodista.<\/p>\n\n\n\n<p>La actividad, llevada a cabo en el sal\u00f3n empresarial de Torre Empresarial AIRD, tuvo como objetivo principal fortalecer los lazos de ISM con este importante rubro y expresar su agradecimiento por el incansable esfuerzo y dedicaci\u00f3n que los periodistas demuestran d\u00eda tras d\u00eda en su labor informativa.<\/p>\n\n\n\n<p>Astrid Beltr\u00e9, Gerente de Comunicaciones, expres\u00f3: \u00abEn ISM reconocemos el invaluable papel que desempe\u00f1an los periodistas en nuestra sociedad. Su labor informativa es fundamental para mantener a la comunidad informada y consciente. Nos sentimos honrados de poder celebrar este d\u00eda junto a ellos y reafirmar nuestro compromiso de apoyar su trabajo\u00bb.<\/p>\n\n\n\n<p>Durante el encuentro, los participantes tuvieron la oportunidad de sumergirse en un ambiente de camarader\u00eda mientras exploraban temas de relevancia actual en el campo de la comunicaci\u00f3n, con una jornada de aprendizaje sobre \u00abInteligencia Artificial aplicada en las comunicaciones y Comunicaci\u00f3n Responsable a partir de los Objetivos de Desarrollo Sostenible \u00ab.<\/p>\n\n\n\n<p>La conferencista mexicana, Alexandra C\u00e9sar de M\u00e9xico, cofundadora de Oceana Media Lab, comparti\u00f3 herramientas y perspectivas sobre el aprovechamiento de la Inteligencia artificial(IA) en las redacciones, adem\u00e1s de analizar casos de \u00e9xito de diversos medios de comunicaci\u00f3n a nivel global que est\u00e1n utilizando la IA para mejorar su trabajo.<\/p>\n\n\n\n<p>Por otro lado, Gloria Zacar\u00edas, especialista en Comunicaci\u00f3n Corporativa, brind\u00f3 una enriquecedora charla sobre la importancia de la comunicaci\u00f3n responsable&nbsp; bajo los lineamientos de los Objetivos de Desarrollo Sostenible (ODS), en un mundo caracterizado por las<em> fake news<\/em> y la r\u00e1pida circulaci\u00f3n de informaci\u00f3n.<\/p>\n\n\n\n<p>Como parte de este compromiso con la sostenibilidad y su contribuci\u00f3n activa hacia un futuro m\u00e1s justo y sostenible para todo, ISM ha adoptado un enfoque proactivo hacia cinco ODS espec\u00edficos: Agua limpia y saneamiento; Trabajo decente y crecimiento econ\u00f3mico; Producci\u00f3n y consumo responsable; Acci\u00f3n por el clima; y Alianzas para lograr los objetivos.<\/p>\n\n\n\n<p><strong>SOBRE ISM<\/strong><\/p>\n\n\n\n<p>Grupo ISM se caracteriza por la eficiencia en el servicio y la calidad, factores que han contribuido, en m\u00e1s de 18 a\u00f1os, a reafirmar el liderazgo de la empresa basado en la fortaleza de sus principios y valores corporativos.&nbsp;<\/p>\n\n\n\n<p>La posici\u00f3n que ocupa actualmente ISM, con sus marcas Kola Real, Cool Heaven, Frutop y Generade, se debe a su esp\u00edritu de sana competencia, con el cual ha sabido ganarse la preferencia de los consumidores, adem\u00e1s de una clara visi\u00f3n de largo plazo, donde el emprendimiento y la inversi\u00f3n han sido esenciales.<\/p>\n\n\n\n<p>ISM ha asumido una actitud de compromiso social, apoyando adem\u00e1s el arte nacional y proyectos de protecci\u00f3n comunitaria y ambiental, que aseguran continuar por la senda de un crecimiento sostenible.<\/p>\n\n\n\n<p><strong>Yanibel Luna<\/strong>\u00a0<\/p>\n","protected":false},"excerpt":{"rendered":"<p>diariodominicano.com Santo Domingo, 11 de abril de 2024.- Industria San Miguel (ISM), l\u00edder en el mercado dominicano en producci\u00f3n y distribuci\u00f3n de bebidas no alcoh\u00f3licas, reuni\u00f3 a profesionales de los medios de comunicaci\u00f3n en un encuentro especial con motivo del D\u00eda Nacional del Periodista. La actividad, llevada a cabo en el sal\u00f3n empresarial de Torre [&hellip;]<\/p>\n","protected":false},"author":5,"featured_media":522503,"comment_status":"closed","ping_status":"","sticky":true,"template":"","format":"standard","meta":{"footnotes":""},"categories":[20,27],"tags":[],"class_list":["post-522502","post","type-post","status-publish","format-standard","has-post-thumbnail","hentry","category-dominicana-hoy","category-portada"],"_links":{"self":[{"href":"https:\/\/diariodominicano.com\/index.php?rest_route=\/wp\/v2\/posts\/522502","targetHints":{"allow":["GET"]}}],"collection":[{"href":"https:\/\/diariodominicano.com\/index.php?rest_route=\/wp\/v2\/posts"}],"about":[{"href":"https:\/\/diariodominicano.com\/index.php?rest_route=\/wp\/v2\/types\/post"}],"author":[{"embeddable":true,"href":"https:\/\/diariodominicano.com\/index.php?rest_route=\/wp\/v2\/users\/5"}],"replies":[{"embeddable":true,"href":"https:\/\/diariodominicano.com\/index.php?rest_route=%2Fwp%2Fv2%2Fcomments&post=522502"}],"version-history":[{"count":1,"href":"https:\/\/diariodominicano.com\/index.php?rest_route=\/wp\/v2\/posts\/522502\/revisions"}],"predecessor-version":[{"id":522504,"href":"https:\/\/diariodominicano.com\/index.php?rest_route=\/wp\/v2\/posts\/522502\/revisions\/522504"}],"wp:featuredmedia":[{"embeddable":true,"href":"https:\/\/diariodominicano.com\/index.php?rest_route=\/wp\/v2\/media\/522503"}],"wp:attachment":[{"href":"https:\/\/diariodominicano.com\/index.php?rest_route=%2Fwp%2Fv2%2Fmedia&parent=522502"}],"wp:term":[{"taxonomy":"category","embeddable":true,"href":"https:\/\/diariodominicano.com\/index.php?rest_route=%2Fwp%2Fv2%2Fcategories&post=522502"},{"taxonomy":"post_tag","embeddable":true,"href":"https:\/\/diariodominicano.com\/index.php?rest_route=%2Fwp%2Fv2%2Ftags&post=522502"}],"curies":[{"name":"wp","href":"https:\/\/api.w.org\/{rel}","templated":true}]}}