{"id":522496,"date":"2024-04-11T14:00:29","date_gmt":"2024-04-11T18:00:29","guid":{"rendered":"https:\/\/diariodominicano.com\/?p=522496"},"modified":"2024-04-11T14:00:29","modified_gmt":"2024-04-11T18:00:29","slug":"presidente-dominicano-aboga-por-acuerdo-nacional-de-resultar-reelecto","status":"publish","type":"post","link":"https:\/\/diariodominicano.com\/?p=522496","title":{"rendered":"Presidente dominicano aboga por acuerdo nacional de resultar reelecto"},"content":{"rendered":"\n<p>diariodominicano.com<\/p>\n\n\n\n<p>Santo Domingo, 11 abr (Prensa Latina) El mandatario y candidato presidencial por el Partido Revolucionario Moderno (PRM), Luis Abinader, revel\u00f3 hoy que propondr\u00e1 un gran pacto de unidad nacional de resultar electo para un segundo mandato en los comicios del 19 de mayo pr\u00f3ximo.<\/p>\n\n\n\n<p>Al participar en un encuentro organizado por la C\u00e1mara Americana de Comercio de Rep\u00fablica Dominicana, Abinader adelant\u00f3 que propondr\u00e1 una reforma constitucional, pero sin tocar el ac\u00e1pite sobre reelecci\u00f3n; buscar\u00e1 el fortalecimiento del Ministerio P\u00fablico y la expansi\u00f3n econ\u00f3mica.<\/p>\n\n\n\n<p>El gobernante transmiti\u00f3 su intenci\u00f3n de llamar a un acuerdo de unidad nacional con la oposici\u00f3n, para lo cual se comprometi\u00f3 a visitar a los dem\u00e1s candidatos de ganar los sufragios, a los que est\u00e1n convocados m\u00e1s de ocho millones de dominicanos.<\/p>\n\n\n\n<p>\u00abVamos a darle un chance a la Rep\u00fablica Dominicana y vamos todos juntos a hacer los cambios que por d\u00e9cadas hemos esperado\u00bb, expres\u00f3, a la vez que manifest\u00f3 la importancia de ponerse de acuerdo en temas relacionados con el mejoramiento del sector el\u00e9ctrico, la atenci\u00f3n primaria de salud y la seguridad ciudadana, entre otros.<\/p>\n\n\n\n<p>Tambi\u00e9n consider\u00f3 que de mantenerse las reformas econ\u00f3micas de los \u00faltimos tres a\u00f1os, el pa\u00eds podr\u00eda estar en condiciones de duplicar el crecimiento econ\u00f3mico para 2036 con el trabajo conjunto de los sectores productivos y los actuales y futuros gobernantes, resalt\u00f3.<\/p>\n\n\n\n<p>Acerca de la reforma a la Constituci\u00f3n, especific\u00f3 que no ser\u00eda para permitirse un tercer mandato, sino porque, en su opini\u00f3n, es necesario hacer enmiendas profundas en especial en el Ministerio P\u00fablico, que se constituy\u00f3, pero no est\u00e1 en la Carta Magna.<\/p>\n\n\n\n<p>\u00ab\u2026Este presidente jam\u00e1s va a cambiar la Constituci\u00f3n para extender los t\u00e9rminos de las elecciones\u00bb, asegur\u00f3.<\/p>\n\n\n\n<p>Con respecto al sistema de justicia, dijo que se deben profundizar los cambios iniciados en su gesti\u00f3n, lo cual incluye la propuesta de un ministerio de Justicia.<\/p>\n\n\n\n<p>El presidente dominicano figura como favorito para ganar las elecciones del 19 de mayo, seg\u00fan recientes sondeos, cargo al que aspiran nueve candidatos. Ese d\u00eda se habilitar\u00e1n 18 mil 298 colegios electorales para la elecci\u00f3n tambi\u00e9n del vicepresidente, 32 senadores, 190 diputados (entre nacionales y del exterior) y 40 diputados al Parlamento Centroamericano (Parlacen) hasta 2028.<\/p>\n\n\n\n<p>mem\/mpv<\/p>\n","protected":false},"excerpt":{"rendered":"<p>diariodominicano.com Santo Domingo, 11 abr (Prensa Latina) El mandatario y candidato presidencial por el Partido Revolucionario Moderno (PRM), Luis Abinader, revel\u00f3 hoy que propondr\u00e1 un gran pacto de unidad nacional de resultar electo para un segundo mandato en los comicios del 19 de mayo pr\u00f3ximo. Al participar en un encuentro organizado por la C\u00e1mara Americana [&hellip;]<\/p>\n","protected":false},"author":5,"featured_media":522498,"comment_status":"closed","ping_status":"","sticky":true,"template":"","format":"standard","meta":{"footnotes":""},"categories":[20,27],"tags":[],"class_list":["post-522496","post","type-post","status-publish","format-standard","has-post-thumbnail","hentry","category-dominicana-hoy","category-portada"],"_links":{"self":[{"href":"https:\/\/diariodominicano.com\/index.php?rest_route=\/wp\/v2\/posts\/522496","targetHints":{"allow":["GET"]}}],"collection":[{"href":"https:\/\/diariodominicano.com\/index.php?rest_route=\/wp\/v2\/posts"}],"about":[{"href":"https:\/\/diariodominicano.com\/index.php?rest_route=\/wp\/v2\/types\/post"}],"author":[{"embeddable":true,"href":"https:\/\/diariodominicano.com\/index.php?rest_route=\/wp\/v2\/users\/5"}],"replies":[{"embeddable":true,"href":"https:\/\/diariodominicano.com\/index.php?rest_route=%2Fwp%2Fv2%2Fcomments&post=522496"}],"version-history":[{"count":1,"href":"https:\/\/diariodominicano.com\/index.php?rest_route=\/wp\/v2\/posts\/522496\/revisions"}],"predecessor-version":[{"id":522499,"href":"https:\/\/diariodominicano.com\/index.php?rest_route=\/wp\/v2\/posts\/522496\/revisions\/522499"}],"wp:featuredmedia":[{"embeddable":true,"href":"https:\/\/diariodominicano.com\/index.php?rest_route=\/wp\/v2\/media\/522498"}],"wp:attachment":[{"href":"https:\/\/diariodominicano.com\/index.php?rest_route=%2Fwp%2Fv2%2Fmedia&parent=522496"}],"wp:term":[{"taxonomy":"category","embeddable":true,"href":"https:\/\/diariodominicano.com\/index.php?rest_route=%2Fwp%2Fv2%2Fcategories&post=522496"},{"taxonomy":"post_tag","embeddable":true,"href":"https:\/\/diariodominicano.com\/index.php?rest_route=%2Fwp%2Fv2%2Ftags&post=522496"}],"curies":[{"name":"wp","href":"https:\/\/api.w.org\/{rel}","templated":true}]}}