{"id":522390,"date":"2024-04-11T09:29:30","date_gmt":"2024-04-11T13:29:30","guid":{"rendered":"https:\/\/diariodominicano.com\/?p=522390"},"modified":"2024-04-11T09:52:59","modified_gmt":"2024-04-11T13:52:59","slug":"embajada-de-la-india-inauguro-el-namaste-india-festival-en-agora-mall","status":"publish","type":"post","link":"https:\/\/diariodominicano.com\/?p=522390","title":{"rendered":"Embajada de la India inaugur\u00f3 el \u201cNamaste India Festival\u201d en Agora Mall"},"content":{"rendered":"\n<p>Embajadora Rosa Mar\u00eda Nadal, encargada del departamento de Asuntos Culturales del MIREX, Pushpa Abbagani, Ramu Abbagani, embajador de la India en Rep\u00fablica Dominicana y Silvia Rosales administradora de \u00c1gora Mall.<\/p>\n\n\n\n<p><strong><em><u>Es la segunda actividad oficial que realiza la delegaci\u00f3n diplom\u00e1tica de la India en Rep\u00fablica Dominicana.<\/u><\/em><\/strong><\/p>\n\n\n\n<figure class=\"wp-block-image size-large\"><img loading=\"lazy\" decoding=\"async\" width=\"1024\" height=\"764\" src=\"https:\/\/diariodominicano.com\/wp-content\/uploads\/2024\/04\/WhatsApp-Image-2024-04-10-at-15.47.43-1024x764.jpeg\" alt=\"\" class=\"wp-image-522392\" srcset=\"https:\/\/diariodominicano.com\/wp-content\/uploads\/2024\/04\/WhatsApp-Image-2024-04-10-at-15.47.43-1024x764.jpeg 1024w, https:\/\/diariodominicano.com\/wp-content\/uploads\/2024\/04\/WhatsApp-Image-2024-04-10-at-15.47.43-300x224.jpeg 300w, https:\/\/diariodominicano.com\/wp-content\/uploads\/2024\/04\/WhatsApp-Image-2024-04-10-at-15.47.43-768x573.jpeg 768w, https:\/\/diariodominicano.com\/wp-content\/uploads\/2024\/04\/WhatsApp-Image-2024-04-10-at-15.47.43-1536x1146.jpeg 1536w, https:\/\/diariodominicano.com\/wp-content\/uploads\/2024\/04\/WhatsApp-Image-2024-04-10-at-15.47.43-816x609.jpeg 816w, https:\/\/diariodominicano.com\/wp-content\/uploads\/2024\/04\/WhatsApp-Image-2024-04-10-at-15.47.43.jpeg 1600w\" sizes=\"auto, (max-width: 1024px) 100vw, 1024px\" \/><\/figure>\n\n\n\n<p>El Embajador de la India en Rep\u00fablica Dominicana, se\u00f1or Ramu Abaggan.<\/p>\n\n\n\n<p><strong>Santo Domingo, jueves 11 de abril 2024.-<\/strong>\u00a0La Embajada de la India en Santo Domingo en asociaci\u00f3n con \u00c1gora Mall dejaron inaugurado por segundo a\u00f1o consecutivo el \u201cFestival Namaste India\u201d, un evento que expone la riqueza cultural de la India a trav\u00e9s de experiencias multisensoriales, charlas, talleres y exposiciones<\/p>\n\n\n\n<p>Desde el 08 al 12 de abril 2024, el pueblo dominicano tendr\u00e1 la gran oportunidad de ser testigos de exhibiciones de danzas, gastronom\u00eda, desfile de moda con prendas de vestir, sesiones y demostraciones de yoga, as\u00ed como exposiciones sobre la Ayurveda, considerada como milenaria medicina natural de la India.<\/p>\n\n\n\n<p>\u201cEl aspecto m\u00e1s importante de las relaciones entre India y Rep\u00fablica Dominicana son las personas.\u00a0 Donde quiera que voy en Rep\u00fablica Dominicana, veo y siento el amor por la India y la cultura india.\u00a0 Les encanta la m\u00fasica india, las pel\u00edculas de Bollywood, el yoga, la espiritualidad, la filosof\u00eda de Mahatma Gandhi\u201d, indic\u00f3 el Embajador de la India en Rep\u00fablica Dominicana, se\u00f1or Ramu Abaggan.<\/p>\n\n\n\n<figure class=\"wp-block-image size-large\"><img loading=\"lazy\" decoding=\"async\" width=\"768\" height=\"1024\" src=\"https:\/\/diariodominicano.com\/wp-content\/uploads\/2024\/04\/WhatsApp-Image-2024-04-10-at-15.47.41-768x1024.jpeg\" alt=\"\" class=\"wp-image-522393\" srcset=\"https:\/\/diariodominicano.com\/wp-content\/uploads\/2024\/04\/WhatsApp-Image-2024-04-10-at-15.47.41-768x1024.jpeg 768w, https:\/\/diariodominicano.com\/wp-content\/uploads\/2024\/04\/WhatsApp-Image-2024-04-10-at-15.47.41-225x300.jpeg 225w, https:\/\/diariodominicano.com\/wp-content\/uploads\/2024\/04\/WhatsApp-Image-2024-04-10-at-15.47.41-1152x1536.jpeg 1152w, https:\/\/diariodominicano.com\/wp-content\/uploads\/2024\/04\/WhatsApp-Image-2024-04-10-at-15.47.41-816x1088.jpeg 816w, https:\/\/diariodominicano.com\/wp-content\/uploads\/2024\/04\/WhatsApp-Image-2024-04-10-at-15.47.41.jpeg 1200w\" sizes=\"auto, (max-width: 768px) 100vw, 768px\" \/><\/figure>\n\n\n\n<p><strong>Silvia Rosales, administradora de Agora Mall  manifest\u00f3: \u201cPara \u00c1gora Mall es un verdadero honor recibir por segundo a\u00f1o consecutivo el \u201cNamaste India Festival\u201d, el cual era en ese momento el primer evento oficial de la Embajada de la India en nuestro pa\u00eds<\/strong>. De esta manera, reafirmamos el compromiso de servir como escenario para exponer las manifestaciones, riquezas culturales y art\u00edsticas de las diferentes naciones como una herramienta que fortalece las relaciones entre los pa\u00edses cultivando el respeto por la diversidad, promoviendo la solidaridad y el respeto entre nosotros\u201d.<\/p>\n\n\n\n<figure class=\"wp-block-image size-large\"><img loading=\"lazy\" decoding=\"async\" width=\"879\" height=\"1024\" src=\"https:\/\/diariodominicano.com\/wp-content\/uploads\/2024\/04\/WhatsApp-Image-2024-04-10-at-15.47.37-879x1024.jpeg\" alt=\"\" class=\"wp-image-522396\" srcset=\"https:\/\/diariodominicano.com\/wp-content\/uploads\/2024\/04\/WhatsApp-Image-2024-04-10-at-15.47.37-879x1024.jpeg 879w, https:\/\/diariodominicano.com\/wp-content\/uploads\/2024\/04\/WhatsApp-Image-2024-04-10-at-15.47.37-258x300.jpeg 258w, https:\/\/diariodominicano.com\/wp-content\/uploads\/2024\/04\/WhatsApp-Image-2024-04-10-at-15.47.37-768x894.jpeg 768w, https:\/\/diariodominicano.com\/wp-content\/uploads\/2024\/04\/WhatsApp-Image-2024-04-10-at-15.47.37-1319x1536.jpeg 1319w, https:\/\/diariodominicano.com\/wp-content\/uploads\/2024\/04\/WhatsApp-Image-2024-04-10-at-15.47.37-816x950.jpeg 816w, https:\/\/diariodominicano.com\/wp-content\/uploads\/2024\/04\/WhatsApp-Image-2024-04-10-at-15.47.37.jpeg 1374w\" sizes=\"auto, (max-width: 879px) 100vw, 879px\" \/><\/figure>\n\n\n\n<p>El embajador de Colombia Sr. Dar\u00edo Villamizar, Se\u00f1or Ramu Abbagani, Embajador de la India en Rep\u00fablica Dominicana<\/p>\n\n\n\n<figure class=\"wp-block-image size-large\"><img loading=\"lazy\" decoding=\"async\" width=\"1024\" height=\"682\" src=\"https:\/\/diariodominicano.com\/wp-content\/uploads\/2024\/04\/WhatsApp-Image-2024-04-10-at-15.47.35-1-1024x682.jpeg\" alt=\"\" class=\"wp-image-522399\" srcset=\"https:\/\/diariodominicano.com\/wp-content\/uploads\/2024\/04\/WhatsApp-Image-2024-04-10-at-15.47.35-1-1024x682.jpeg 1024w, https:\/\/diariodominicano.com\/wp-content\/uploads\/2024\/04\/WhatsApp-Image-2024-04-10-at-15.47.35-1-300x200.jpeg 300w, https:\/\/diariodominicano.com\/wp-content\/uploads\/2024\/04\/WhatsApp-Image-2024-04-10-at-15.47.35-1-768x512.jpeg 768w, https:\/\/diariodominicano.com\/wp-content\/uploads\/2024\/04\/WhatsApp-Image-2024-04-10-at-15.47.35-1-1536x1023.jpeg 1536w, https:\/\/diariodominicano.com\/wp-content\/uploads\/2024\/04\/WhatsApp-Image-2024-04-10-at-15.47.35-1-816x544.jpeg 816w, https:\/\/diariodominicano.com\/wp-content\/uploads\/2024\/04\/WhatsApp-Image-2024-04-10-at-15.47.35-1.jpeg 1600w\" sizes=\"auto, (max-width: 1024px) 100vw, 1024px\" \/><\/figure>\n\n\n\n<p><strong>En el acto de inauguraci\u00f3n.<\/strong><\/p>\n\n\n\n<figure class=\"wp-block-image size-large\"><img loading=\"lazy\" decoding=\"async\" width=\"1024\" height=\"933\" src=\"https:\/\/diariodominicano.com\/wp-content\/uploads\/2024\/04\/senor-Ramu-Abbagani-Embajador-de-la-India-en-Republica-Dominicana-Embajador-Juan-Jose-Portorreal-Pushpa-Abbagani-1024x933.jpg\" alt=\"\" class=\"wp-image-522401\" srcset=\"https:\/\/diariodominicano.com\/wp-content\/uploads\/2024\/04\/senor-Ramu-Abbagani-Embajador-de-la-India-en-Republica-Dominicana-Embajador-Juan-Jose-Portorreal-Pushpa-Abbagani-1024x933.jpg 1024w, https:\/\/diariodominicano.com\/wp-content\/uploads\/2024\/04\/senor-Ramu-Abbagani-Embajador-de-la-India-en-Republica-Dominicana-Embajador-Juan-Jose-Portorreal-Pushpa-Abbagani-300x273.jpg 300w, https:\/\/diariodominicano.com\/wp-content\/uploads\/2024\/04\/senor-Ramu-Abbagani-Embajador-de-la-India-en-Republica-Dominicana-Embajador-Juan-Jose-Portorreal-Pushpa-Abbagani-768x699.jpg 768w, https:\/\/diariodominicano.com\/wp-content\/uploads\/2024\/04\/senor-Ramu-Abbagani-Embajador-de-la-India-en-Republica-Dominicana-Embajador-Juan-Jose-Portorreal-Pushpa-Abbagani-1536x1399.jpg 1536w, https:\/\/diariodominicano.com\/wp-content\/uploads\/2024\/04\/senor-Ramu-Abbagani-Embajador-de-la-India-en-Republica-Dominicana-Embajador-Juan-Jose-Portorreal-Pushpa-Abbagani-2048x1865.jpg 2048w, https:\/\/diariodominicano.com\/wp-content\/uploads\/2024\/04\/senor-Ramu-Abbagani-Embajador-de-la-India-en-Republica-Dominicana-Embajador-Juan-Jose-Portorreal-Pushpa-Abbagani-816x743.jpg 816w\" sizes=\"auto, (max-width: 1024px) 100vw, 1024px\" \/><\/figure>\n\n\n\n<p><strong>Se\u00f1or  Ramu Abbagani, embajador de la India en Rep\u00fablica Dominicana, embajador Juan Jos\u00e9 Portorreal y Pushpa Abbagani.<\/strong><\/p>\n\n\n\n<figure class=\"wp-block-image size-large\"><img loading=\"lazy\" decoding=\"async\" width=\"822\" height=\"1024\" src=\"https:\/\/diariodominicano.com\/wp-content\/uploads\/2024\/04\/India-3-822x1024.jpg\" alt=\"\" class=\"wp-image-522403\" srcset=\"https:\/\/diariodominicano.com\/wp-content\/uploads\/2024\/04\/India-3-822x1024.jpg 822w, https:\/\/diariodominicano.com\/wp-content\/uploads\/2024\/04\/India-3-241x300.jpg 241w, https:\/\/diariodominicano.com\/wp-content\/uploads\/2024\/04\/India-3-768x957.jpg 768w, https:\/\/diariodominicano.com\/wp-content\/uploads\/2024\/04\/India-3-816x1017.jpg 816w, https:\/\/diariodominicano.com\/wp-content\/uploads\/2024\/04\/India-3.jpg 1080w\" sizes=\"auto, (max-width: 822px) 100vw, 822px\" \/><\/figure>\n\n\n\n<p><strong>Trajes emblem\u00e1ticos de la India.\u00a0\u00a0<\/strong><\/p>\n\n\n\n<figure class=\"wp-block-image size-large\"><img loading=\"lazy\" decoding=\"async\" width=\"1024\" height=\"1024\" src=\"https:\/\/diariodominicano.com\/wp-content\/uploads\/2024\/04\/Silvia-Rosales-Administradora-de-Agora-Mall-_-Embajadora-Ana-Melba-Rosario-1024x1024.jpeg\" alt=\"\" class=\"wp-image-522404\" srcset=\"https:\/\/diariodominicano.com\/wp-content\/uploads\/2024\/04\/Silvia-Rosales-Administradora-de-Agora-Mall-_-Embajadora-Ana-Melba-Rosario-1024x1024.jpeg 1024w, https:\/\/diariodominicano.com\/wp-content\/uploads\/2024\/04\/Silvia-Rosales-Administradora-de-Agora-Mall-_-Embajadora-Ana-Melba-Rosario-300x300.jpeg 300w, https:\/\/diariodominicano.com\/wp-content\/uploads\/2024\/04\/Silvia-Rosales-Administradora-de-Agora-Mall-_-Embajadora-Ana-Melba-Rosario-150x150.jpeg 150w, https:\/\/diariodominicano.com\/wp-content\/uploads\/2024\/04\/Silvia-Rosales-Administradora-de-Agora-Mall-_-Embajadora-Ana-Melba-Rosario-768x768.jpeg 768w, https:\/\/diariodominicano.com\/wp-content\/uploads\/2024\/04\/Silvia-Rosales-Administradora-de-Agora-Mall-_-Embajadora-Ana-Melba-Rosario-1536x1536.jpeg 1536w, https:\/\/diariodominicano.com\/wp-content\/uploads\/2024\/04\/Silvia-Rosales-Administradora-de-Agora-Mall-_-Embajadora-Ana-Melba-Rosario-88x88.jpeg 88w, https:\/\/diariodominicano.com\/wp-content\/uploads\/2024\/04\/Silvia-Rosales-Administradora-de-Agora-Mall-_-Embajadora-Ana-Melba-Rosario-816x816.jpeg 816w, https:\/\/diariodominicano.com\/wp-content\/uploads\/2024\/04\/Silvia-Rosales-Administradora-de-Agora-Mall-_-Embajadora-Ana-Melba-Rosario.jpeg 1600w\" sizes=\"auto, (max-width: 1024px) 100vw, 1024px\" \/><\/figure>\n\n\n\n<p><strong>Silvia Rosales, administradora de \u00c1gora Mall y la embajadora Ana Melba Rosario.\u00a0<\/strong><\/p>\n\n\n\n<p>El festival estar\u00e1 abierto a todo el p\u00fablico hasta el viernes 12 en el primer nivel del centro comercial en horario de 10:00 de la ma\u00f1ana a 8:00 de la noche.<\/p>\n\n\n\n<p>Gabriella Corti Gir\u00f3n<\/p>\n\n\n\n<p><a target=\"_blank\" href=\"mailto:gabriellacortigiron@gmail.com\" rel=\"noreferrer noopener\">gabriellacortigiron@gmail.com<\/a><\/p>\n","protected":false},"excerpt":{"rendered":"<p>Embajadora Rosa Mar\u00eda Nadal, encargada del departamento de Asuntos Culturales del MIREX, Pushpa Abbagani, Ramu Abbagani, embajador de la India en Rep\u00fablica Dominicana y Silvia Rosales administradora de \u00c1gora Mall. Es la segunda actividad oficial que realiza la delegaci\u00f3n diplom\u00e1tica de la India en Rep\u00fablica Dominicana. El Embajador de la India en Rep\u00fablica Dominicana, se\u00f1or [&hellip;]<\/p>\n","protected":false},"author":2,"featured_media":522391,"comment_status":"closed","ping_status":"","sticky":false,"template":"","format":"standard","meta":{"footnotes":""},"categories":[21,36,25,27],"tags":[],"class_list":["post-522390","post","type-post","status-publish","format-standard","has-post-thumbnail","hentry","category-cultura","category-hombresmujeresycosas","category-gente","category-portada"],"_links":{"self":[{"href":"https:\/\/diariodominicano.com\/index.php?rest_route=\/wp\/v2\/posts\/522390","targetHints":{"allow":["GET"]}}],"collection":[{"href":"https:\/\/diariodominicano.com\/index.php?rest_route=\/wp\/v2\/posts"}],"about":[{"href":"https:\/\/diariodominicano.com\/index.php?rest_route=\/wp\/v2\/types\/post"}],"author":[{"embeddable":true,"href":"https:\/\/diariodominicano.com\/index.php?rest_route=\/wp\/v2\/users\/2"}],"replies":[{"embeddable":true,"href":"https:\/\/diariodominicano.com\/index.php?rest_route=%2Fwp%2Fv2%2Fcomments&post=522390"}],"version-history":[{"count":6,"href":"https:\/\/diariodominicano.com\/index.php?rest_route=\/wp\/v2\/posts\/522390\/revisions"}],"predecessor-version":[{"id":522405,"href":"https:\/\/diariodominicano.com\/index.php?rest_route=\/wp\/v2\/posts\/522390\/revisions\/522405"}],"wp:featuredmedia":[{"embeddable":true,"href":"https:\/\/diariodominicano.com\/index.php?rest_route=\/wp\/v2\/media\/522391"}],"wp:attachment":[{"href":"https:\/\/diariodominicano.com\/index.php?rest_route=%2Fwp%2Fv2%2Fmedia&parent=522390"}],"wp:term":[{"taxonomy":"category","embeddable":true,"href":"https:\/\/diariodominicano.com\/index.php?rest_route=%2Fwp%2Fv2%2Fcategories&post=522390"},{"taxonomy":"post_tag","embeddable":true,"href":"https:\/\/diariodominicano.com\/index.php?rest_route=%2Fwp%2Fv2%2Ftags&post=522390"}],"curies":[{"name":"wp","href":"https:\/\/api.w.org\/{rel}","templated":true}]}}