{"id":522337,"date":"2024-04-11T15:11:25","date_gmt":"2024-04-11T19:11:25","guid":{"rendered":"https:\/\/diariodominicano.com\/?p=522337"},"modified":"2024-04-11T19:57:22","modified_gmt":"2024-04-11T23:57:22","slug":"empresas-cafetaleras-dominicanas-participan-en-specialty-coffee-2024","status":"publish","type":"post","link":"https:\/\/diariodominicano.com\/?p=522337","title":{"rendered":"Empresas cafetaleras dominicanas participan en Specialty Coffee 2024"},"content":{"rendered":"\n<p>Diariodominicano.com<\/p>\n\n\n\n<p>Santo Domingo. El Centro de Exportaci\u00f3n e Inversi\u00f3n de la Rep\u00fablica Dominicana (ProDominicana) inform\u00f3 el jueves que 11 empresas dominicanas participar\u00e1n en la feria internacional Specialty Coffee 2024<\/p>\n\n\n\n<p>El evento ser\u00e1 celebrado del 12 al 14 de abril en Chicago, Estados Unidos.\u2002La Feria  reunir\u00e1 a expertos, productores, tostadores, distribuidores y amantes del caf\u00e9 de todo el mundo para compartir conocimientos, exhibir productos y explorar oportunidades de negocio en el sector del caf\u00e9 de alta calidad.<\/p>\n\n\n\n<p>A trav\u00e9s de esta feria, los productores dominicanos tendr\u00e1n la oportunidad de presentar la oferta exportable dominicana del sector cafetero, establecer contactos con compradores internacionales y participar en las numerosas conferencias y oportunidades de aprendizaje pr\u00e1ctico de la SCA.<\/p>\n\n\n\n<figure class=\"wp-block-gallery has-nested-images columns-default is-cropped wp-block-gallery-1 is-layout-flex wp-block-gallery-is-layout-flex\">\n<figure class=\"wp-block-image size-large\"><img loading=\"lazy\" decoding=\"async\" width=\"820\" height=\"1024\" data-id=\"522536\" src=\"https:\/\/diariodominicano.com\/wp-content\/uploads\/2024\/04\/Biviana-Riveiro-Disla-directora-ejecutiva-de-ProDominicana-1-820x1024.jpg\" alt=\"\" class=\"wp-image-522536\" srcset=\"https:\/\/diariodominicano.com\/wp-content\/uploads\/2024\/04\/Biviana-Riveiro-Disla-directora-ejecutiva-de-ProDominicana-1-820x1024.jpg 820w, https:\/\/diariodominicano.com\/wp-content\/uploads\/2024\/04\/Biviana-Riveiro-Disla-directora-ejecutiva-de-ProDominicana-1-240x300.jpg 240w, https:\/\/diariodominicano.com\/wp-content\/uploads\/2024\/04\/Biviana-Riveiro-Disla-directora-ejecutiva-de-ProDominicana-1-768x960.jpg 768w, https:\/\/diariodominicano.com\/wp-content\/uploads\/2024\/04\/Biviana-Riveiro-Disla-directora-ejecutiva-de-ProDominicana-1-816x1020.jpg 816w, https:\/\/diariodominicano.com\/wp-content\/uploads\/2024\/04\/Biviana-Riveiro-Disla-directora-ejecutiva-de-ProDominicana-1.jpg 1042w\" sizes=\"auto, (max-width: 820px) 100vw, 820px\" \/><\/figure>\n\n\n\n<figure class=\"wp-block-image size-large\"><img loading=\"lazy\" decoding=\"async\" width=\"844\" height=\"1024\" data-id=\"522535\" src=\"https:\/\/diariodominicano.com\/wp-content\/uploads\/2024\/04\/Stand-Specialty-Coffee-RD-844x1024.jpeg\" alt=\"\" class=\"wp-image-522535\" srcset=\"https:\/\/diariodominicano.com\/wp-content\/uploads\/2024\/04\/Stand-Specialty-Coffee-RD-844x1024.jpeg 844w, https:\/\/diariodominicano.com\/wp-content\/uploads\/2024\/04\/Stand-Specialty-Coffee-RD-247x300.jpeg 247w, https:\/\/diariodominicano.com\/wp-content\/uploads\/2024\/04\/Stand-Specialty-Coffee-RD-768x931.jpeg 768w, https:\/\/diariodominicano.com\/wp-content\/uploads\/2024\/04\/Stand-Specialty-Coffee-RD-816x990.jpeg 816w, https:\/\/diariodominicano.com\/wp-content\/uploads\/2024\/04\/Stand-Specialty-Coffee-RD.jpeg 1152w\" sizes=\"auto, (max-width: 844px) 100vw, 844px\" \/><\/figure>\n<\/figure>\n\n\n\n<p>La directora ejecutiva de ProDominicana, Biviana Riveiro reiter\u00f3 el compromiso de continuar posicionando las empresas exportadoras de Rep\u00fablica Dominicana en las ferias internacionales como parte de los objetivos establecidos en el Plan Nacional de Fomento a las Exportaciones.<\/p>\n\n\n\n<p>\u201cLos participantes podr\u00e1n ver los productos de caf\u00e9 m\u00e1s innovadores y de vanguardia de la industria, aprender c\u00f3mo integrar de manera innovadora el caf\u00e9 de especialidad en su plan de negocios y aprovechar las oportunidades de negocio que esta feria ofrece\u201d, indic\u00f3.<\/p>\n\n\n\n<p>La participaci\u00f3n de ProDominicana en la Feria Specialty Coffee 2024 subraya el compromiso del gobierno dominicano con el desarrollo y la promoci\u00f3n de la industria del caf\u00e9, as\u00ed como su inter\u00e9s en fomentar alianzas estrat\u00e9gicas a nivel internacional.<\/p>\n\n\n\n<figure class=\"wp-block-table\"><table><tbody><tr><td colspan=\"2\"><a href=\"https:\/\/www.prodominicana.gob.do\/\" target=\"_blank\" rel=\"noreferrer noopener\"><\/a><br><br>Comunicaciones Prodominicana<br><strong>______________________________________________<\/strong><br><strong>E:<\/strong>&nbsp;<a href=\"mailto:comunicaciones@prodominicana.gob.do\" target=\"_blank\" rel=\"noreferrer noopener\">comunicaciones@prodominicana.gob.do<\/a><\/td><td><\/td><\/tr><tr><td><a href=\"http:\/\/www.prodominicana.gob.do\/\" target=\"_blank\" rel=\"noreferrer noopener\"><strong>www.prodominicana.gob.do<\/strong><\/a><\/td><td><img loading=\"lazy\" decoding=\"async\" width=\"24\" height=\"24\" src=\"https:\/\/mail.google.com\/mail\/u\/1?ui=2&amp;ik=64b80c9421&amp;attid=0.0.2&amp;permmsgid=msg-f:1796043852860099067&amp;th=18ecd45e4ac009fb&amp;view=fimg&amp;fur=ip&amp;sz=s0-l75-ft&amp;attbid=ANGjdJ8nYX1JatVa6bhKX6AC8WSrS4zEAbnnAx2whIJUGzub6B725QWd342fbRBzUhu6juBAX4zzKloKHS_6RooXrDxzCPqA1MIoWYpDmAg6pBa2COLIBFjolTcIU6Y&amp;disp=emb\" alt=\"facebook icon\"><img loading=\"lazy\" decoding=\"async\" width=\"24\" height=\"24\" src=\"https:\/\/mail.google.com\/mail\/u\/1?ui=2&amp;ik=64b80c9421&amp;attid=0.0.3&amp;permmsgid=msg-f:1796043852860099067&amp;th=18ecd45e4ac009fb&amp;view=fimg&amp;fur=ip&amp;sz=s0-l75-ft&amp;attbid=ANGjdJ8zrWSFNuqDlO89s4c3VpPJUieXXVopaZILjH_Q1uN-7PJ6MxQH1i8WLSEJt_Vbc4Hd7HFCtS3aBn7coOsVzW3AJ182bSop8VftK1L9PJ3DAdGVABReOK8atPk&amp;disp=emb\" alt=\"twitter icon\"><img loading=\"lazy\" decoding=\"async\" width=\"24\" height=\"24\" src=\"https:\/\/mail.google.com\/mail\/u\/1?ui=2&amp;ik=64b80c9421&amp;attid=0.0.4&amp;permmsgid=msg-f:1796043852860099067&amp;th=18ecd45e4ac009fb&amp;view=fimg&amp;fur=ip&amp;sz=s0-l75-ft&amp;attbid=ANGjdJ_gvD4TKxExRuOIJ94_clINQjZCPF1cokKaV4O2C5tA-NPJImd47UT5Z8MiawgYS7GWs6l6ofOUxFBz-EtVs43pkG9gYt74C-M1tvkmjGe086Iw0a6tp9xwjx4&amp;disp=emb\" alt=\"youtube icon\"><img loading=\"lazy\" decoding=\"async\" width=\"24\" height=\"24\" src=\"https:\/\/mail.google.com\/mail\/u\/1?ui=2&amp;ik=64b80c9421&amp;attid=0.0.5&amp;permmsgid=msg-f:1796043852860099067&amp;th=18ecd45e4ac009fb&amp;view=fimg&amp;fur=ip&amp;sz=s0-l75-ft&amp;attbid=ANGjdJ9SEumbsS3x4SWD3ibtiTIN2g2aVQ6E7O8khfvyUQlPfJo_YWjUuqIiZi6MRR8HReUYVJLlAbQu3Tw9ezBTxz4pD6lWHCaofug24wL0bNwNyV13Paq0NH-_lU8&amp;disp=emb\" alt=\"instagram icon\"><a href=\"https:\/\/www.facebook.com\/ceird\/\" target=\"_blank\" rel=\"noreferrer noopener\"><\/a>&nbsp;&nbsp;<a href=\"https:\/\/twitter.com\/ceird\" target=\"_blank\" rel=\"noreferrer noopener\"><\/a>&nbsp;&nbsp;<a href=\"https:\/\/www.youtube.com\/user\/ceird09\" target=\"_blank\" rel=\"noreferrer noopener\"><\/a>&nbsp;&nbsp;<a href=\"https:\/\/www.instagram.com\/prodominicana\/\" target=\"_blank\" rel=\"noreferrer noopener\"><\/a>&nbsp;&nbsp;<\/td><\/tr><\/tbody><\/table><\/figure>\n","protected":false},"excerpt":{"rendered":"<p>Diariodominicano.com Santo Domingo. El Centro de Exportaci\u00f3n e Inversi\u00f3n de la Rep\u00fablica Dominicana (ProDominicana) inform\u00f3 el jueves que 11 empresas dominicanas participar\u00e1n en la feria internacional Specialty Coffee 2024 El evento ser\u00e1 celebrado del 12 al 14 de abril en Chicago, Estados Unidos.\u2002La Feria reunir\u00e1 a expertos, productores, tostadores, distribuidores y amantes del caf\u00e9 de [&hellip;]<\/p>\n","protected":false},"author":7,"featured_media":522534,"comment_status":"closed","ping_status":"","sticky":true,"template":"","format":"standard","meta":{"footnotes":""},"categories":[20,27],"tags":[],"class_list":["post-522337","post","type-post","status-publish","format-standard","has-post-thumbnail","hentry","category-dominicana-hoy","category-portada"],"_links":{"self":[{"href":"https:\/\/diariodominicano.com\/index.php?rest_route=\/wp\/v2\/posts\/522337","targetHints":{"allow":["GET"]}}],"collection":[{"href":"https:\/\/diariodominicano.com\/index.php?rest_route=\/wp\/v2\/posts"}],"about":[{"href":"https:\/\/diariodominicano.com\/index.php?rest_route=\/wp\/v2\/types\/post"}],"author":[{"embeddable":true,"href":"https:\/\/diariodominicano.com\/index.php?rest_route=\/wp\/v2\/users\/7"}],"replies":[{"embeddable":true,"href":"https:\/\/diariodominicano.com\/index.php?rest_route=%2Fwp%2Fv2%2Fcomments&post=522337"}],"version-history":[{"count":3,"href":"https:\/\/diariodominicano.com\/index.php?rest_route=\/wp\/v2\/posts\/522337\/revisions"}],"predecessor-version":[{"id":522549,"href":"https:\/\/diariodominicano.com\/index.php?rest_route=\/wp\/v2\/posts\/522337\/revisions\/522549"}],"wp:featuredmedia":[{"embeddable":true,"href":"https:\/\/diariodominicano.com\/index.php?rest_route=\/wp\/v2\/media\/522534"}],"wp:attachment":[{"href":"https:\/\/diariodominicano.com\/index.php?rest_route=%2Fwp%2Fv2%2Fmedia&parent=522337"}],"wp:term":[{"taxonomy":"category","embeddable":true,"href":"https:\/\/diariodominicano.com\/index.php?rest_route=%2Fwp%2Fv2%2Fcategories&post=522337"},{"taxonomy":"post_tag","embeddable":true,"href":"https:\/\/diariodominicano.com\/index.php?rest_route=%2Fwp%2Fv2%2Ftags&post=522337"}],"curies":[{"name":"wp","href":"https:\/\/api.w.org\/{rel}","templated":true}]}}