{"id":522335,"date":"2024-04-11T14:46:49","date_gmt":"2024-04-11T18:46:49","guid":{"rendered":"https:\/\/diariodominicano.com\/?p=522335"},"modified":"2024-04-11T14:46:49","modified_gmt":"2024-04-11T18:46:49","slug":"nawi-presenta-ya-es-tarde-y-explora-nuevas-vias-hacia-el-flamenco-pop","status":"publish","type":"post","link":"https:\/\/diariodominicano.com\/?p=522335","title":{"rendered":"Nawi presenta \u201cYa es tarde\u201d y explora nuevas v\u00edas hacia el flamenco-pop"},"content":{"rendered":"\n<p>La artista espa\u00f1ola brinda una nueva excusa para bailar al comp\u00e1s de un sonido m\u00e1s urbano.<\/p>\n\n\n\n<p>Nawi regresa con \u201cYa es tarde\u201d, tras la reciente publicaci\u00f3n de \u201cLoquita contigo\u201d. El nuevo single de la artista espa\u00f1ola explora nuevas arterias hacia el flamenco-pop, pero introduciendo elementos de la electr\u00f3nica experimental en la l\u00ednea de los grandes hits de Rosal\u00eda con \u201cMalamente\u201d o Lola \u00cdndigo con \u201cPlastilina\u201d.<\/p>\n\n\n\n<p>La tem\u00e1tica de la canci\u00f3n gravita en torno a una ruptura amorosa, donde la chica, en un acto de empoderamiento, evoluciona y crece como persona, rechazando la posibilidad de una segunda oportunidad puesto que, para ella, ya es tarde.<\/p>\n\n\n\n<p>\u201cYa es tarde\u201d forma parte de un EP de seis canciones que se lanzar\u00e1 durante este a\u00f1o. El nuevo sencillo de Nawi ha sido producido por Gotex y cuenta con la colaboraci\u00f3n en la composici\u00f3n del cantante Omgineff y el influencer ismanoljersey. El single va acompa\u00f1ado de un video lyrics en formato m\u00f3vil que da fuerza al sonido y a la letra de la canci\u00f3n, aportando un contenido extra en las redes sociales de la artista.<\/p>\n\n\n\n<p>Nawi ultima los detalles de su pr\u00f3ximo lanzamiento, un EP que gravita por el dance pop. La artista, nacida en la ciudad de Bilbao, se postula como una de las propuestas m\u00e1s notables dentro del panorama \u201cpop urban\u201d. A trav\u00e9s de su m\u00fasica, con una clara tendencia hacia la pista de baile, Nawi explora la fusi\u00f3n de diferentes culturas musicales intercalando la r\u00edtmica y los sonidos m\u00e1s vanguardistas del urban y el dance, y con \u201cYa es tarde\u201d hacia el flamenco-pop.<\/p>\n\n\n\n<p>Con una puesta en escena arrolladora y con el atractivo de su carisma, Nawi se convierte en una de las cantantes m\u00e1s innovadoras del momento y en un soplo de aire fresco para los m\u00e1s j\u00f3venes.<\/p>\n\n\n\n<p>comunicados@michelsuarez.com <\/p>\n\n\n\n<p><a href=\"https:\/\/www.instagram.com\/its.nawi\/?hl=es\">https:\/\/www.instagram.com\/its.nawi\/?hl=es<\/a><\/p>\n\n\n\n<p><a href=\"https:\/\/www.tiktok.com\/@its.nawii?lang=es\" target=\"_blank\" rel=\"noreferrer noopener\">https:\/\/www.tiktok.com\/@its.nawii?lang=es<\/a><\/p>\n\n\n\n<p><a href=\"https:\/\/itsnawi.com\/\">https:\/\/itsnawi.com\/<\/a><\/p>\n\n\n\n<p><a href=\"https:\/\/open.spotify.com\/artist\/2RdpAXHWszhho7JCRo0LKF\">https:\/\/open.spotify.com\/artist\/2RdpAXHWszhho7JCRo0LK<\/a><\/p>\n","protected":false},"excerpt":{"rendered":"<p>La artista espa\u00f1ola brinda una nueva excusa para bailar al comp\u00e1s de un sonido m\u00e1s urbano. Nawi regresa con \u201cYa es tarde\u201d, tras la reciente publicaci\u00f3n de \u201cLoquita contigo\u201d. El nuevo single de la artista espa\u00f1ola explora nuevas arterias hacia el flamenco-pop, pero introduciendo elementos de la electr\u00f3nica experimental en la l\u00ednea de los grandes [&hellip;]<\/p>\n","protected":false},"author":7,"featured_media":522512,"comment_status":"closed","ping_status":"","sticky":true,"template":"","format":"standard","meta":{"footnotes":""},"categories":[25,27],"tags":[],"class_list":["post-522335","post","type-post","status-publish","format-standard","has-post-thumbnail","hentry","category-gente","category-portada"],"_links":{"self":[{"href":"https:\/\/diariodominicano.com\/index.php?rest_route=\/wp\/v2\/posts\/522335","targetHints":{"allow":["GET"]}}],"collection":[{"href":"https:\/\/diariodominicano.com\/index.php?rest_route=\/wp\/v2\/posts"}],"about":[{"href":"https:\/\/diariodominicano.com\/index.php?rest_route=\/wp\/v2\/types\/post"}],"author":[{"embeddable":true,"href":"https:\/\/diariodominicano.com\/index.php?rest_route=\/wp\/v2\/users\/7"}],"replies":[{"embeddable":true,"href":"https:\/\/diariodominicano.com\/index.php?rest_route=%2Fwp%2Fv2%2Fcomments&post=522335"}],"version-history":[{"count":1,"href":"https:\/\/diariodominicano.com\/index.php?rest_route=\/wp\/v2\/posts\/522335\/revisions"}],"predecessor-version":[{"id":522513,"href":"https:\/\/diariodominicano.com\/index.php?rest_route=\/wp\/v2\/posts\/522335\/revisions\/522513"}],"wp:featuredmedia":[{"embeddable":true,"href":"https:\/\/diariodominicano.com\/index.php?rest_route=\/wp\/v2\/media\/522512"}],"wp:attachment":[{"href":"https:\/\/diariodominicano.com\/index.php?rest_route=%2Fwp%2Fv2%2Fmedia&parent=522335"}],"wp:term":[{"taxonomy":"category","embeddable":true,"href":"https:\/\/diariodominicano.com\/index.php?rest_route=%2Fwp%2Fv2%2Fcategories&post=522335"},{"taxonomy":"post_tag","embeddable":true,"href":"https:\/\/diariodominicano.com\/index.php?rest_route=%2Fwp%2Fv2%2Ftags&post=522335"}],"curies":[{"name":"wp","href":"https:\/\/api.w.org\/{rel}","templated":true}]}}